{"id":322022,"date":"2025-08-16T02:42:11","date_gmt":"2025-08-16T02:42:11","guid":{"rendered":"https:\/\/www.europesays.com\/fr\/322022\/"},"modified":"2025-08-16T02:42:11","modified_gmt":"2025-08-16T02:42:11","slug":"la-der-a-peine-arrivee-isabelle-ithurburu-dit-deja-au-revoir-au-13-heures-de-tf1","status":"publish","type":"post","link":"https:\/\/www.europesays.com\/fr\/322022\/","title":{"rendered":"\u00ab\u00a0La der\u00a0\u00bb : \u00e0 peine arriv\u00e9e, Isabelle Ithurburu dit d\u00e9j\u00e0 au-revoir au 13 Heures de TF1"},"content":{"rendered":"<p data-start=\"500\" data-end=\"815\">Depuis le 14 juillet, les<br \/>\nt\u00e9l\u00e9spectateurs du <a href=\"https:\/\/www.closermag.fr\/people\/isabelle-ithurburu-bridee-au-13h-de-tf1-par-son-compagnon-maxim-nucci-na-pas-hesite-3569057\" target=\"_blank\" rel=\"noopener\"><br \/>\n13h de TF1<\/a> avaient pris l\u2019habitude de voir <a href=\"https:\/\/www.closermag.fr\/people\/isabelle-ithurburu-propulsee-au-13h-de-tf1-comment-le-vit-son-compagnon-maxime-nucci-il-ma-dit-3560970\" target=\"_blank\" rel=\"noopener\"><br \/>\nIsabelle Ithurburu<\/a> \u00e0 la pr\u00e9sentation. L\u2019animatrice, connue pour<br \/>\nses ann\u00e9es dans le sport, a pris le relais de <a href=\"https:\/\/www.closermag.fr\/people\/lea-salame-au-20h-marie-sophie-lacarrau-pas-convaincue-sur-le-papier-elle-donne-le-fond-de-sa-pensee-3558533\" target=\"_blank\" rel=\"noopener\"><br \/>\nMarie-Sophie Lacarrau<\/a> le temps des vacances d\u2019\u00e9t\u00e9. Une premi\u00e8re<br \/>\nexp\u00e9rience dans ce r\u00f4le qu\u2019elle a savour\u00e9e \u00e0 100 %.<\/p>\n<p data-start=\"817\" data-end=\"1210\">Dans T\u00e9l\u00e9c\u00e2ble Sat Hebdo, <a href=\"https:\/\/www.closermag.fr\/people\/isabelle-ithurburu-pas-fan-de-ses-debuts-au-13h-de-tf1-elle-fait-la-liste-de-ce-qui-cloche-et-ne-se-fait-pas-de-cadeau-3566263\" target=\"_blank\" rel=\"noopener\"><br \/>\nla journaliste<\/a> expliquait : \u00ab\u00a0Je trouve l\u2019exercice tr\u00e8s stimulant et passionnant. J\u2019ai<br \/>\nretrouv\u00e9 <strong>le direct avec l\u2019\u00e9motion qu\u2019il procure<\/strong>,<br \/>\nque je n\u2019avais que dans le sport\u00a0\u00bb. Elle ajoutait aussi :<br \/>\n\u00ab\u00a0Tous les matins, on repart<br \/>\nd\u2019une feuille blanche et \u00e7a va \u00e0 100 milles \u00e0 l\u2019heure. Je suis<br \/>\nravie aussi que les gens restent fid\u00e8les au rendez-vous malgr\u00e9 le<br \/>\nchangement\u00a0\u00bb.<\/p>\n<p>Isabelle Ithurburu fait ses<br \/>\nadieux au 13h de TF1<\/p>\n<p data-start=\"1468\" data-end=\"1893\">Ce vendredi 15 ao\u00fbt, \u00e0 l\u2019issue<br \/>\nde son dernier JT, Isabelle Ithurburu a pris la parole sur X<br \/>\n(ex-Twitter) pour annoncer la fin de cette parenth\u00e8se estivale.<br \/>\n\u00ab\u00a0C\u2019\u00e9tait la derni\u00e8re ! Ravie<br \/>\nde vous avoir accompagn\u00e9s une partie de l\u2019\u00e9t\u00e9\u2026\u00a0\u00bb, a-t-elle<br \/>\n\u00e9crit en l\u00e9gende d\u2019une photo du plateau. Un message adress\u00e9 aussi \u00e0<br \/>\ncelle qu\u2019elle rempla\u00e7ait : \u00ab\u00a0<strong>Merci de m\u2019avoir pr\u00eat\u00e9 ta formidable<br \/>\n\u00e9quipe<\/strong>, Marie-Sophie Lacarrau. Bon retour !\u00a0\u00bb.<\/p>\n<p data-start=\"1895\" data-end=\"2286\">En l\u2019espace d\u2019un mois, elle<br \/>\ns\u2019est impos\u00e9e comme <strong>un visage familier<\/strong> du<br \/>\nrendez-vous de la mi-journ\u00e9e. Professionnelle, naturelle et<br \/>\nchaleureuse, elle a r\u00e9ussi \u00e0 maintenir le lien avec le public, m\u00eame<br \/>\nen l\u2019absence de la pr\u00e9sentatrice titulaire. Ce remplacement est<br \/>\nvenu compl\u00e9ter un CV d\u00e9j\u00e0 riche, elle qui a d\u00e9but\u00e9 \u00e0 la t\u00e9l\u00e9vision<br \/>\nsur Infosport+, avant de s\u2019illustrer sur <a href=\"https:\/\/www.closermag.fr\/tv_tele_realite\/jai-envie-de-te-demonter-malaise-chez-canal-une-enquete-tentaculaire-diligentee-3554266\" target=\"_blank\" rel=\"noopener\"><br \/>\nCanal+<\/a>.<\/p>\n<blockquote class=\"twitter-tweet\"><p><a class=\"twitter-link\" rel=\"noindex, nofollow noopener\" href=\"https:\/\/twitter.com\/IsaIthurburu\/status\/1956330982681739523\" target=\"_blank\"><\/p><\/blockquote>\n<p>Des<br \/>\nrecords d\u2019audience salu\u00e9s par Marie-Sophie Lacarrau<\/p>\n<p data-start=\"2348\" data-end=\"2750\">L\u2019\u00e9t\u00e9 d\u2019Isabelle Ithurburu au<br \/>\n13h n\u2019a pas seulement \u00e9t\u00e9 une exp\u00e9rience in\u00e9dite, il a aussi \u00e9t\u00e9<br \/>\nsynonyme de succ\u00e8s. Le 9 ao\u00fbt, <a href=\"https:\/\/www.closermag.fr\/tv_tele_realite\/audrey-crespo-mara-son-retour-sur-tf1-apres-les-obseques-de-thierry-ardisson-se-termine-dans-les-larmes-3567017\" target=\"_blank\" rel=\"noopener\"><br \/>\nTF1<\/a> annon\u00e7ait \u00ab\u00a0la<br \/>\nmeilleure semaine d\u2019\u00e9t\u00e9 depuis 2013\u00a0\u00bb, avec <strong>46,5 % de<br \/>\nparts de march\u00e9<\/strong>. En quelques semaines, elle a encha\u00een\u00e9 les<br \/>\nrecords : troisi\u00e8me meilleure part de march\u00e9 de l\u2019ann\u00e9e le 6 ao\u00fbt,<br \/>\ndeuxi\u00e8me meilleure le 5 ao\u00fbt, et un pic depuis d\u00e9cembre 2020 le 21<br \/>\njuillet. Ces performances sont d\u2019autant plus notables qu\u2019elles<br \/>\ninterviennent en p\u00e9riode estivale, moment o\u00f9 l\u2019audience des JT a<br \/>\ntendance \u00e0 baisser. L\u2019effet Isabelle Ithurburu a clairement jou\u00e9,<br \/>\net la cha\u00eene a pu compter sur sa pr\u00e9sence dynamique pour garder le<br \/>\ncap. Sur Instagram, Marie-Sophie Lacarrau n\u2019a pas manqu\u00e9 de saluer<br \/>\nce beau travail : \u00ab\u00a0Et<br \/>\n<strong>bravo \u00e0 Isabelle Ithurburu<\/strong> pour cet \u00e9t\u00e9 au 13h<br \/>\n!\u00a0\u00bb.<\/p>\n<p data-start=\"3149\" data-end=\"3475\">La rentr\u00e9e marquera donc le<br \/>\nretour de Marie-Sophie Lacarrau, mais il ne fait aucun doute<br \/>\nqu\u2019Isabelle Ithurburu pourrait \u00eatre rappel\u00e9e pour d\u2019autres<br \/>\nremplacements. En attendant, elle retrouvera ses projets habituels,<br \/>\nnotamment la pr\u00e9sentation d\u2019\u00e9missions sportives sur TF1, un domaine<br \/>\no\u00f9 elle reste une figure incontournable.<\/p>\n<p><script async src=\"https:\/\/platform.twitter.com\/widgets.js\" charset=\"utf-8\"><\/script><\/p>\n","protected":false},"excerpt":{"rendered":"Depuis le 14 juillet, les t\u00e9l\u00e9spectateurs du 13h de TF1 avaient pris l\u2019habitude de voir Isabelle Ithurburu \u00e0&hellip;\n","protected":false},"author":2,"featured_media":322023,"comment_status":"","ping_status":"","sticky":false,"template":"","format":"standard","meta":{"footnotes":""},"categories":[8],"tags":[548,3985,58,59,1011,27,6975,19428,199],"class_list":{"0":"post-322022","1":"post","2":"type-post","3":"status-publish","4":"format-standard","5":"has-post-thumbnail","7":"category-divertissement","8":"tag-article-simple","9":"tag-depart","10":"tag-divertissement","11":"tag-entertainment","12":"tag-fr","13":"tag-france","14":"tag-isabelle-ithurburu","15":"tag-marie-sophie-lacarrau","16":"tag-tf1"},"share_on_mastodon":{"url":"https:\/\/pubeurope.com\/@fr\/115036143250508299","error":""},"_links":{"self":[{"href":"https:\/\/www.europesays.com\/fr\/wp-json\/wp\/v2\/posts\/322022","targetHints":{"allow":["GET"]}}],"collection":[{"href":"https:\/\/www.europesays.com\/fr\/wp-json\/wp\/v2\/posts"}],"about":[{"href":"https:\/\/www.europesays.com\/fr\/wp-json\/wp\/v2\/types\/post"}],"author":[{"embeddable":true,"href":"https:\/\/www.europesays.com\/fr\/wp-json\/wp\/v2\/users\/2"}],"replies":[{"embeddable":true,"href":"https:\/\/www.europesays.com\/fr\/wp-json\/wp\/v2\/comments?post=322022"}],"version-history":[{"count":0,"href":"https:\/\/www.europesays.com\/fr\/wp-json\/wp\/v2\/posts\/322022\/revisions"}],"wp:featuredmedia":[{"embeddable":true,"href":"https:\/\/www.europesays.com\/fr\/wp-json\/wp\/v2\/media\/322023"}],"wp:attachment":[{"href":"https:\/\/www.europesays.com\/fr\/wp-json\/wp\/v2\/media?parent=322022"}],"wp:term":[{"taxonomy":"category","embeddable":true,"href":"https:\/\/www.europesays.com\/fr\/wp-json\/wp\/v2\/categories?post=322022"},{"taxonomy":"post_tag","embeddable":true,"href":"https:\/\/www.europesays.com\/fr\/wp-json\/wp\/v2\/tags?post=322022"}],"curies":[{"name":"wp","href":"https:\/\/api.w.org\/{rel}","templated":true}]}}