{"id":322026,"date":"2025-08-16T02:44:12","date_gmt":"2025-08-16T02:44:12","guid":{"rendered":"https:\/\/www.europesays.com\/fr\/322026\/"},"modified":"2025-08-16T02:44:12","modified_gmt":"2025-08-16T02:44:12","slug":"dacia-sandero-2026-le-best-seller-passe-enfin-a-lelectrification-et-promet-de-rester-la-moins-chere","status":"publish","type":"post","link":"https:\/\/www.europesays.com\/fr\/322026\/","title":{"rendered":"Dacia Sandero 2026 : le best-seller passe enfin \u00e0 l&rsquo;\u00e9lectrification et promet de rester la moins ch\u00e8re"},"content":{"rendered":"<p>Depuis plus de dix ans, le Dacia Sandero domine les ventes en France gr\u00e2ce \u00e0 une recette implacable : prix d\u2019appel imbattable, espace int\u00e9rieur g\u00e9n\u00e9reux et \u00e9quipement sans fioritures. Mais dans un march\u00e9 o\u00f9 les attentes \u00e9voluent rapidement, rester au sommet exige de s\u2019adapter. Dacia l\u2019a bien compris et pr\u00e9pare un lifting strat\u00e9gique de son mod\u00e8le phare, pr\u00e9vu pour la fin 2025.<\/p>\n<p>Ce restylage ne bouleverse pas les fondamentaux : le Sandero conserve ses proportions et son allure g\u00e9n\u00e9rale, mais modernise ses lignes avec des d\u00e9tails soign\u00e9s. La signature lumineuse abandonne le motif en \u00ab Y \u00bb pour un dessin LED horizontal plus sophistiqu\u00e9, tandis que calandre et boucliers gagnent en personnalit\u00e9. Des ajustements subtils qui concernent aussi bien la version classique que le Stepway \u00e0 l\u2019allure baroudeuse.<\/p>\n<p>Mais la vraie nouveaut\u00e9 se cache sous le capot : pour la premi\u00e8re fois, le Sandero accueillera une motorisation hybride compl\u00e8te. H\u00e9rit\u00e9 du Renault Clio et du Captur, ce syst\u00e8me de 140 ch promet une consommation en nette baisse et un agr\u00e9ment de conduite accru, sans sacrifier le prix comp\u00e9titif qui fait la force du mod\u00e8le. Un virage important qui pourrait \u00e9largir encore sa client\u00e8le et menacer directement les r\u00e9f\u00e9rences hybrides du segment comme la Toyota Yaris.<\/p>\n<p><img fetchpriority=\"high\" decoding=\"async\" class=\"size-full wp-image-24079 webpexpress-processed\" src=\"data:image\/svg+xml,%3Csvg%20xmlns=\" http:=\"\" alt=\"Dacia Sandero Hybrid 2026 vue lat\u00e9rale avec design restyl\u00e9 et jantes alliage\" width=\"1200\" height=\"675\" data-lazy- data-lazy- data-lazy-src=\"https:\/\/www.europesays.com\/fr\/wp-content\/uploads\/2025\/08\/dacia-sandero-02.jpg\"\/>Profil du Dacia Sandero Hybrid 2026 montrant son style restyl\u00e9, ses proportions compactes et ses nouvelles jantes alliage. \u00a9 Dacia<br \/>\nUn best-seller qui pr\u00e9pare son avenir<\/p>\n<p>En France, le Dacia Sandero est plus qu\u2019une simple voiture abordable : c\u2019est devenu une valeur s\u00fbre, un choix rationnel qui s\u00e9duit aussi bien les particuliers que les flottes. Avec une position de leader solidement \u00e9tablie, le mod\u00e8le pourrait se contenter de capitaliser sur son succ\u00e8s. Mais le march\u00e9 des citadines polyvalentes est en pleine mutation : les normes environnementales se durcissent, les attentes en mati\u00e8re d\u2019\u00e9quipements \u00e9voluent et la concurrence hybride se renforce.<\/p>\n<p>Le restylage attendu pour fin 2025-d\u00e9but 2026 n\u2019est donc pas une simple mise \u00e0 jour cosm\u00e9tique. Il s\u2019agit pour Dacia de pr\u00e9parer son mod\u00e8le phare \u00e0 rester comp\u00e9titif dans un contexte o\u00f9 la technologie devient un crit\u00e8re d\u2019achat incontournable, m\u00eame sur les segments les plus accessibles.<\/p>\n<p><img loading=\"lazy\" decoding=\"async\" class=\"size-full wp-image-24164 webpexpress-processed\" src=\"data:image\/svg+xml,%3Csvg%20xmlns=\" http:=\"\" alt=\"Dacia Sandero Stepway 2026 restyl\u00e9 avec feux LED redessin\u00e9s et protections de carrosserie\" width=\"1200\" height=\"675\" data-lazy- data-lazy- data-lazy-src=\"https:\/\/www.europesays.com\/fr\/wp-content\/uploads\/2025\/08\/dacia-sandero-hybride-2026-02.jpg\"\/>Version Stepway du Dacia Sandero 2026, toujours reconnaissable \u00e0 sa garde au sol rehauss\u00e9e et ses protections lat\u00e9rales, mais adoptant des feux arri\u00e8re revus et un bouclier modernis\u00e9. \u00a9 Dacia<\/p>\n<p>\u00a0<\/p>\n<p>Un style affin\u00e9 mais sans rupture<\/p>\n<p>Visuellement, le Sandero 2026 conserve l\u2019essence du mod\u00e8le actuel : proportions \u00e9quilibr\u00e9es, garde au sol g\u00e9n\u00e9reuse, et design robuste. Mais le d\u00e9tail fait la diff\u00e9rence. La nouvelle signature lumineuse LED adopte une ligne horizontale bris\u00e9e, en remplacement du motif en \u00ab Y \u00bb qui caract\u00e9risait jusqu\u2019ici la gamme.<\/p>\n<blockquote class=\"wp-embedded-content\" data-secret=\"JcQyf8E3lz\">\n<p><a href=\"https:\/\/www.passionandcar.fr\/2025\/08\/15\/leurope-va-seffondrer-avec-la-fin-du-thermique-lavertissement-choc-du-patron-de-mercedes-benz\/\" target=\"_blank\" rel=\"noopener\">L\u2019Europe va s\u2019effondrer avec la fin du thermique\u201d : l\u2019avertissement choc du patron de Mercedes-Benz<\/a><\/p>\n<\/blockquote>\n<p>La calandre \u00e9volue vers un dessin plus horizontal, int\u00e9grant le nouveau logo Dacia avec davantage de pr\u00e9sence. Les boucliers avant et arri\u00e8re sont redessin\u00e9s pour accentuer la largeur per\u00e7ue et am\u00e9liorer l\u2019a\u00e9rodynamisme. Comme toujours, les d\u00e9clinaisons Stepway et standard b\u00e9n\u00e9ficieront des m\u00eames \u00e9volutions, la premi\u00e8re conservant toutefois ses attributs de crossover : barres de toit, protections de passages de roues et hauteur de caisse rehauss\u00e9e.<\/p>\n<p><img loading=\"lazy\" decoding=\"async\" class=\"wp-image-24081 size-full webpexpress-processed\" src=\"data:image\/svg+xml,%3Csvg%20xmlns=\" http:=\"\" alt=\"Int\u00e9rieur Dacia Sandero 2026 avec \u00e9cran central agrandi\" width=\"1200\" height=\"675\" data-lazy- data-lazy- data-lazy-src=\"https:\/\/www.europesays.com\/fr\/wp-content\/uploads\/2025\/08\/dacia-sandero-03.jpg\"\/>L\u2019habitacle du Dacia Sandero 2026 gagne en modernit\u00e9 avec un \u00e9cran central plus grand et un syst\u00e8me multim\u00e9dia mis \u00e0 jour, tout en conservant des mat\u00e9riaux simples et robustes. \u00a9 Dacia<br \/>\nUn habitacle plus connect\u00e9<\/p>\n<p>\u00c0 bord, la philosophie Dacia reste intacte : des mat\u00e9riaux simples, des ajustements robustes et une ergonomie sans surprise. Mais les versions hautes devraient accueillir un \u00e9cran central plus grand que l\u2019actuel 8 pouces, accompagn\u00e9 d\u2019un syst\u00e8me multim\u00e9dia modernis\u00e9. L\u2019int\u00e9gration d\u2019<strong>OTA<\/strong> (mises \u00e0 jour \u00e0 distance) est envisag\u00e9e, ce qui constituerait une premi\u00e8re pour le mod\u00e8le.<\/p>\n<p>L\u2019entr\u00e9e de gamme pourrait conserver le support de smartphone en guise de syst\u00e8me d\u2019info-divertissement, afin de maintenir un prix de d\u00e9part attractif. Dans tous les cas, l\u2019\u00e9quipement de s\u00e9curit\u00e9 restera align\u00e9 avec les normes europ\u00e9ennes, incluant freinage d\u2019urgence automatique, aide au maintien dans la voie et reconnaissance des panneaux de signalisation.<\/p>\n<p><img loading=\"lazy\" decoding=\"async\" class=\"size-full wp-image-24166 webpexpress-processed\" src=\"data:image\/svg+xml,%3Csvg%20xmlns=\" http:=\"\" alt=\"Dacia Sandero 2026 roulant sur route de campagne, version hybride compl\u00e8te\" width=\"1200\" height=\"675\" data-lazy- data-lazy- data-lazy-src=\"https:\/\/www.europesays.com\/fr\/wp-content\/uploads\/2025\/08\/dacia-sandero-hybride-2026-05.jpg\"\/>Le Dacia Sandero 2026 hybride combine sobri\u00e9t\u00e9 et polyvalence, id\u00e9al pour les trajets quotidiens comme pour les escapades hors de la ville. \u00a9 Dacia<br \/>\nUne motorisation hybride in\u00e9dite<\/p>\n<p>La v\u00e9ritable nouveaut\u00e9 du Sandero 2026 r\u00e9side dans son offre m\u00e9canique. Pour la premi\u00e8re fois, Dacia proposera une version hybride compl\u00e8te. Ce groupe motopropulseur, d\u00e9j\u00e0 vu sur le Renault Clio E-Tech et le Captur, associe un moteur 1.6 essence atmosph\u00e9rique \u00e0 quatre cylindres avec deux moteurs \u00e9lectriques : un d\u00e9marreur-g\u00e9n\u00e9rateur et un moteur de traction.<\/p>\n<p>Avec une puissance combin\u00e9e de <strong>140 ch<\/strong>, le syst\u00e8me offre une conduite fluide et silencieuse en ville, tout en maintenant des consommations sous la barre des 5 l\/100 km selon les estimations. Il permettra \u00e9galement de rouler sur de courtes distances en mode 100 % \u00e9lectrique, un atout pour r\u00e9duire la consommation en milieu urbain et obtenir le badge Crit\u2019Air 1.<\/p>\n<p><img loading=\"lazy\" decoding=\"async\" class=\"size-full wp-image-24165 webpexpress-processed\" src=\"data:image\/svg+xml,%3Csvg%20xmlns=\" http:=\"\" alt=\"Dacia Sandero Stepway 2026 restyl\u00e9 avec feux LED redessin\u00e9s et protections de carrosserie\" width=\"1200\" height=\"675\" data-lazy- data-lazy- data-lazy-src=\"https:\/\/www.europesays.com\/fr\/wp-content\/uploads\/2025\/08\/dacia-sandero-hybride-2026-04.jpg\"\/>Version Stepway du Dacia Sandero 2026, toujours reconnaissable \u00e0 sa garde au sol rehauss\u00e9e et ses protections lat\u00e9rales, mais adoptant des feux arri\u00e8re revus et un bouclier modernis\u00e9. \u00a9 Dacia<br \/>\nObjectif : contrer les r\u00e9f\u00e9rences hybrides<\/p>\n<p>En introduisant cette technologie, Dacia vise directement des mod\u00e8les comme la <strong>Toyota Yaris Hybride<\/strong> ou la <strong>Renault Clio E-Tech<\/strong>, tout en conservant son avantage tarifaire. Si le positionnement se confirme, le Sandero Hybrid pourrait devenir l\u2019hybride complet le plus abordable du march\u00e9 fran\u00e7ais, sous la barre des 20 000 \u20ac en entr\u00e9e de gamme.<\/p>\n<p>Cette offensive hybride s\u2019inscrit dans une strat\u00e9gie plus large : offrir aux clients une alternative plus efficiente sans sacrifier la philosophie de simplicit\u00e9 et de robustesse qui a b\u00e2ti la r\u00e9putation de Dacia. Un pari qui pourrait non seulement conforter la domination du Sandero, mais aussi bousculer l\u2019ordre \u00e9tabli dans le segment des citadines hybrides.<\/p>\n","protected":false},"excerpt":{"rendered":"Depuis plus de dix ans, le Dacia Sandero domine les ventes en France gr\u00e2ce \u00e0 une recette implacable&hellip;\n","protected":false},"author":2,"featured_media":322027,"comment_status":"","ping_status":"","sticky":false,"template":"","format":"standard","meta":{"footnotes":""},"categories":[6],"tags":[35,24633,33,34,1011,27],"class_list":{"0":"post-322026","1":"post","2":"type-post","3":"status-publish","4":"format-standard","5":"has-post-thumbnail","7":"category-economie","8":"tag-business","9":"tag-dacia","10":"tag-economie","11":"tag-economy","12":"tag-fr","13":"tag-france"},"share_on_mastodon":{"url":"https:\/\/pubeurope.com\/@fr\/115036151123762286","error":""},"_links":{"self":[{"href":"https:\/\/www.europesays.com\/fr\/wp-json\/wp\/v2\/posts\/322026","targetHints":{"allow":["GET"]}}],"collection":[{"href":"https:\/\/www.europesays.com\/fr\/wp-json\/wp\/v2\/posts"}],"about":[{"href":"https:\/\/www.europesays.com\/fr\/wp-json\/wp\/v2\/types\/post"}],"author":[{"embeddable":true,"href":"https:\/\/www.europesays.com\/fr\/wp-json\/wp\/v2\/users\/2"}],"replies":[{"embeddable":true,"href":"https:\/\/www.europesays.com\/fr\/wp-json\/wp\/v2\/comments?post=322026"}],"version-history":[{"count":0,"href":"https:\/\/www.europesays.com\/fr\/wp-json\/wp\/v2\/posts\/322026\/revisions"}],"wp:featuredmedia":[{"embeddable":true,"href":"https:\/\/www.europesays.com\/fr\/wp-json\/wp\/v2\/media\/322027"}],"wp:attachment":[{"href":"https:\/\/www.europesays.com\/fr\/wp-json\/wp\/v2\/media?parent=322026"}],"wp:term":[{"taxonomy":"category","embeddable":true,"href":"https:\/\/www.europesays.com\/fr\/wp-json\/wp\/v2\/categories?post=322026"},{"taxonomy":"post_tag","embeddable":true,"href":"https:\/\/www.europesays.com\/fr\/wp-json\/wp\/v2\/tags?post=322026"}],"curies":[{"name":"wp","href":"https:\/\/api.w.org\/{rel}","templated":true}]}}