{"id":322028,"date":"2025-08-16T02:45:13","date_gmt":"2025-08-16T02:45:13","guid":{"rendered":"https:\/\/www.europesays.com\/fr\/322028\/"},"modified":"2025-08-16T02:45:13","modified_gmt":"2025-08-16T02:45:13","slug":"avec-la-colonie-e1-israel-menace-denterrer-letat-de-palestine","status":"publish","type":"post","link":"https:\/\/www.europesays.com\/fr\/322028\/","title":{"rendered":"Avec la colonie E1, Isra\u00ebl menace d\u2019\u00abenterrer\u00bb l\u2019\u00c9tat de Palestine"},"content":{"rendered":"<p><strong>D\u00c9CRYPTAGE<\/strong> &#8211; Bezalel Smotrich, le ministre des Finances, a donn\u00e9 son feu vert \u00e0 la construction de 3400\u00a0logements dans un secteur hautement strat\u00e9gique \u00e0 l\u2019est de J\u00e9rusalem.<\/p>\n<p class=\"fig-paragraph\">\u00ab\u00a0Ce projet va enterrer l\u2019id\u00e9e d\u2019un\u00a0<a href=\"http:\/\/www.lefigaro.fr\/international\/en-reconnaissant-un-etat-palestinien-la-france-tente-de-redorer-son-blason-au-moyen-orient-20250725\" data-fig-type=\"Article\" data-gtm-custom-categorie=\"navigation\" data-gtm-custom-action=\"crossclick\" data-gtm-custom-label=\"Contextuel\" data-gtm-event=\"customEventSPE\" data-fig-domain=\"LEFIGARO\" target=\"_blank\" rel=\"noopener\">\u00c9tat palestinien<\/a> \u00a0\u00bb\u00a0:<a href=\"https:\/\/www.lefigaro.fr\/international\/israel-bezalel-smotrich-champion-de-la-colonisation-decomplexee-20230601\" data-fig-type=\"Article\" data-gtm-custom-categorie=\"navigation\" data-gtm-custom-action=\"crossclick\" data-gtm-custom-label=\"Contextuel\" data-gtm-event=\"customEventSPE\" data-fig-domain=\"LEFIGARO\" target=\"_blank\" rel=\"noopener\">\u00a0Bezalel Smotrich<\/a>, le ministre isra\u00e9lien des Finances, qui a la haute main sur la colonisation en Cisjordanie, a clairement annonc\u00e9 la couleur. Il a donn\u00e9 son feu vert \u00e0 la construction de 3400\u00a0logements dans le secteur hautement strat\u00e9gique surnomm\u00e9 E1. Ce chantier va fracturer la Cisjordanie en deux, emp\u00eachant une liaison entre Ramallah, la capitale actuelle de l\u2019Autorit\u00e9 palestinienne, pr\u00e9sid\u00e9e par Mahmoud Abbas, J\u00e9rusalem-Est et Bethl\u00e9em au sud. Autrement dit, il sera pratiquement impossible de cr\u00e9er un \u00c9tat palestinien ayant une continuit\u00e9 territoriale. Les Palestiniens ne pourront pas se d\u00e9placer librement et devront \u00eatre confin\u00e9s dans une des deux portions de la Cisjordanie ou se soumettre \u00e0 des contr\u00f4les de s\u00e9curit\u00e9 de l\u2019arm\u00e9e isra\u00e9lienne pour passer d\u2019une r\u00e9gion \u00e0 l\u2019autre.<\/p>\n<p class=\"fig-paragraph\">Pour Bezalel Smotrich, chef d\u2019un parti d\u2019extr\u00eame droite qui pr\u00f4ne la colonisation \u00e0 tout-va en Cisjordanie, il s\u2019agit d\u2019un simple pr\u00e9lude \u00e0 une annexion\u2026<\/p>\n<p class=\"fig-premium-paywall__infos\">\n        Cet article est r\u00e9serv\u00e9 aux abonn\u00e9s.        Il vous reste 82% \u00e0 d\u00e9couvrir.\n    <\/p>\n<p>                <img  data- alt=\"Le Figaro\" class=\"fig-img--complete fig-img\"\/><\/p>\n<p class=\"fig-premium-paywall__title\">Vente Flash<\/p>\n<p class=\"fig-premium-paywall__subtitle\">4,99\u20ac par mois pendant 12 mois. Sans engagement<\/p>\n<p class=\"fig-premium-paywall__connect\">\n                D\u00e9j\u00e0 abonn\u00e9\u00a0?                <a class=\"fig-premium-paywall__connect-link\" href=\"https:\/\/connect.lefigaro.fr\/login?client=horizon_web&amp;type=main&amp;redirect_uri=https%3A%2F%2Fwww.lefigaro.fr%2Finternational%2Favec-la-colonie-e1-israel-menace-d-enterrer-l-etat-de-palestine-20250815\" data-js-gtm=\"{&quot;customCategorie&quot;: &quot;conversion&quot;, &quot;customAction&quot;: &quot;before_Landing_Connexion_paywall_auto&quot;, &quot;customLabel&quot;: &quot;bGVmaWdhcm8uZnJfXzFmMDc5ZTZjLTA5MDgtNjcxNi04NGYwLTA3NDJmOTQzOTRmMF9fQXJ0aWNsZQ==_Avec la colonie E1, Isra\u00ebl menace d\u2019\u00abenterrer\u00bb l\u2019\u00c9tat de Palestine_146&quot;, &quot;customIDSPE&quot;: &quot;bGVmaWdhcm8uZnJfXzFmMDc5ZTZjLTA5MDgtNjcxNi04NGYwLTA3NDJmOTQzOTRmMF9fQXJ0aWNsZQ==&quot;, &quot;event&quot;: &quot;customEventSPE&quot;}\" target=\"_blank\" rel=\"noopener\"><br \/>\n                    Connectez-vous<br \/>\n                <\/a>\n            <\/p>\n","protected":false},"excerpt":{"rendered":"D\u00c9CRYPTAGE &#8211; Bezalel Smotrich, le ministre des Finances, a donn\u00e9 son feu vert \u00e0 la construction de 3400\u00a0logements&hellip;\n","protected":false},"author":2,"featured_media":322029,"comment_status":"","ping_status":"","sticky":false,"template":"","format":"standard","meta":{"footnotes":""},"categories":[5],"tags":[11,1011,27,14,664,12,3518,28],"class_list":{"0":"post-322028","1":"post","2":"type-post","3":"status-publish","4":"format-standard","5":"has-post-thumbnail","7":"category-international","8":"tag-actualites","9":"tag-fr","10":"tag-france","11":"tag-international","12":"tag-israel","13":"tag-news","14":"tag-palestine","15":"tag-world"},"share_on_mastodon":{"url":"https:\/\/pubeurope.com\/@fr\/115036154985955648","error":""},"_links":{"self":[{"href":"https:\/\/www.europesays.com\/fr\/wp-json\/wp\/v2\/posts\/322028","targetHints":{"allow":["GET"]}}],"collection":[{"href":"https:\/\/www.europesays.com\/fr\/wp-json\/wp\/v2\/posts"}],"about":[{"href":"https:\/\/www.europesays.com\/fr\/wp-json\/wp\/v2\/types\/post"}],"author":[{"embeddable":true,"href":"https:\/\/www.europesays.com\/fr\/wp-json\/wp\/v2\/users\/2"}],"replies":[{"embeddable":true,"href":"https:\/\/www.europesays.com\/fr\/wp-json\/wp\/v2\/comments?post=322028"}],"version-history":[{"count":0,"href":"https:\/\/www.europesays.com\/fr\/wp-json\/wp\/v2\/posts\/322028\/revisions"}],"wp:featuredmedia":[{"embeddable":true,"href":"https:\/\/www.europesays.com\/fr\/wp-json\/wp\/v2\/media\/322029"}],"wp:attachment":[{"href":"https:\/\/www.europesays.com\/fr\/wp-json\/wp\/v2\/media?parent=322028"}],"wp:term":[{"taxonomy":"category","embeddable":true,"href":"https:\/\/www.europesays.com\/fr\/wp-json\/wp\/v2\/categories?post=322028"},{"taxonomy":"post_tag","embeddable":true,"href":"https:\/\/www.europesays.com\/fr\/wp-json\/wp\/v2\/tags?post=322028"}],"curies":[{"name":"wp","href":"https:\/\/api.w.org\/{rel}","templated":true}]}}