{"id":322038,"date":"2025-08-16T02:52:10","date_gmt":"2025-08-16T02:52:10","guid":{"rendered":"https:\/\/www.europesays.com\/fr\/322038\/"},"modified":"2025-08-16T02:52:10","modified_gmt":"2025-08-16T02:52:10","slug":"festival-sand-chopin-musique-et-lecture-a-la-seyne","status":"publish","type":"post","link":"https:\/\/www.europesays.com\/fr\/322038\/","title":{"rendered":"Festival Sand &#038; Chopin: musique et lecture \u00e0 La Seyne"},"content":{"rendered":"<p>Du 18 au 24 ao\u00fbt, le fort Balaguier accueillera le festival international Sand &amp; Chopin pour sept soir\u00e9es musicales. Au programme, violoncelle, piano ou encore soprano. Des jeunes talents seront pr\u00e9sents, afin de promouvoir la jeunesse dans ce milieu parfois difficile d\u2019acc\u00e8s. \u00ab\u00a0On veut vraiment leur ouvrir les portes qu\u2019on aurait aim\u00e9 qu\u2019on nous ouvre\u00a0\u00bb, explique Chrystelle Di Marco, soprano et directrice artistique du festival organis\u00e9 par l\u2019association Op\u00e9raria avec la Ville. Pour sa 11e \u00e9dition, le th\u00e8me choisi est \u00ab\u00a0Chopin intime\u00a0\u00bb, et chaque soir\u00e9e sera donc d\u00e9di\u00e9e \u00e0 une facette du compositeur.<\/p>\n<p>C\u2019est avec un piano \u00e0 queue et un violoncelle que Katherine Nikitone et Juliette Salmona ouvriront les festivit\u00e9s lundi. Le lendemain, c\u2019est Eric Artz, artiste couronn\u00e9 par de nombreux concours internationaux, qui embrasera la sc\u00e8ne \u00e0 l\u2019aide d\u2019un piano \u00e0 queue Erard de 1874.<\/p>\n<p>Deux soir\u00e9es jeunes talents<\/p>\n<p>Les deux soir\u00e9es suivantes seront celles d\u00e9di\u00e9es aux jeunes talents. Tout d\u2019abord celle du mercredi avec le jeune prodige du piano Vladimir Skomorokohv, dipl\u00f4m\u00e9 du prestigieux conservatoire Tcha\u00efkovski de Moscou, puis avec la soir\u00e9e \u00ab\u00a0Talentissimo\u00a0\u00bb du jeudi. Une soir\u00e9e jeunes talents en deux parties avec un piano \u00e0 queue, puis un duo accord\u00e9on et hautbois.<\/p>\n<p>Le vendredi et le samedi seront d\u00e9di\u00e9s au piano \u00e0 queue Erard 1902. Pour cl\u00f4turer cette belle semaine, la soprano Chrystelle Di Marco s\u2019unira \u00e0 la pianiste Yeon-Min Park pour une \u00ab\u00a0r\u00eaverie au clair de lune\u00a0\u00bb.<\/p>\n<p>Les souvenirs de George Sand<\/p>\n<p>Cette ann\u00e9e, l\u2019association Op\u00e9raria a \u00e9dit\u00e9 le livre George Sand, mes souvenirs d\u2019Henri Amic, auteur tr\u00e8s pr\u00e9sent dans les derni\u00e8res ann\u00e9es de la vie de George Sand. Chaque soir, une partie du livre sera lue par Gabriel Boz, animateur du festival. Une nouveaut\u00e9 par rapport aux ann\u00e9es pr\u00e9c\u00e9dentes.<\/p>\n<p>Pratique Du 18 au 24 ao\u00fbt au fort Balaguier. Ouverture des portes au public \u00e0 20h. Tarifs: 25 euros pour les plus de 18 ans ou pass \u00e0 105 euros pour les sept soir\u00e9es. Rens. 06.59.75.00.13.<\/p>\n<p>              <img ci-src=\"https:\/\/www.varmatin.com\/vie-locale\/protec\/DATA_ART_16083432-G8uASoXD.jpg?vh=4f1405&amp;ci_seal=98d1af91e0\" alt=\"\"\/><br \/>\n        En cl\u00f4ture du festival, la soprano Chrystelle Di Marco s\u2019unira &#13;<br \/>\n\u00e0 la pianiste Yeon-Min Park pour &#13;<br \/>\nune \u00ab\u00a0r\u00eaverie au clair de lune\u00a0\u00bb.&#13;<br \/>\nPhoto dr <\/p>\n","protected":false},"excerpt":{"rendered":"Du 18 au 24 ao\u00fbt, le fort Balaguier accueillera le festival international Sand &amp; Chopin pour sept soir\u00e9es&hellip;\n","protected":false},"author":2,"featured_media":322039,"comment_status":"","ping_status":"","sticky":false,"template":"","format":"standard","meta":{"footnotes":""},"categories":[9619],"tags":[1111,11,1777,674,1011,27,873,12,882,25,2310,3366],"class_list":{"0":"post-322038","1":"post","2":"type-post","3":"status-publish","4":"format-standard","5":"has-post-thumbnail","7":"category-toulon","8":"tag-actu","9":"tag-actualites","10":"tag-eu","11":"tag-europe","12":"tag-fr","13":"tag-france","14":"tag-musique","15":"tag-news","16":"tag-provence-alpes-cote-dazur","17":"tag-republique-francaise","18":"tag-toulon","19":"tag-vie-locale"},"share_on_mastodon":{"url":"https:\/\/pubeurope.com\/@fr\/115036182472054954","error":""},"_links":{"self":[{"href":"https:\/\/www.europesays.com\/fr\/wp-json\/wp\/v2\/posts\/322038","targetHints":{"allow":["GET"]}}],"collection":[{"href":"https:\/\/www.europesays.com\/fr\/wp-json\/wp\/v2\/posts"}],"about":[{"href":"https:\/\/www.europesays.com\/fr\/wp-json\/wp\/v2\/types\/post"}],"author":[{"embeddable":true,"href":"https:\/\/www.europesays.com\/fr\/wp-json\/wp\/v2\/users\/2"}],"replies":[{"embeddable":true,"href":"https:\/\/www.europesays.com\/fr\/wp-json\/wp\/v2\/comments?post=322038"}],"version-history":[{"count":0,"href":"https:\/\/www.europesays.com\/fr\/wp-json\/wp\/v2\/posts\/322038\/revisions"}],"wp:featuredmedia":[{"embeddable":true,"href":"https:\/\/www.europesays.com\/fr\/wp-json\/wp\/v2\/media\/322039"}],"wp:attachment":[{"href":"https:\/\/www.europesays.com\/fr\/wp-json\/wp\/v2\/media?parent=322038"}],"wp:term":[{"taxonomy":"category","embeddable":true,"href":"https:\/\/www.europesays.com\/fr\/wp-json\/wp\/v2\/categories?post=322038"},{"taxonomy":"post_tag","embeddable":true,"href":"https:\/\/www.europesays.com\/fr\/wp-json\/wp\/v2\/tags?post=322038"}],"curies":[{"name":"wp","href":"https:\/\/api.w.org\/{rel}","templated":true}]}}