{"id":322043,"date":"2025-08-16T02:59:25","date_gmt":"2025-08-16T02:59:25","guid":{"rendered":"https:\/\/www.europesays.com\/fr\/322043\/"},"modified":"2025-08-16T02:59:25","modified_gmt":"2025-08-16T02:59:25","slug":"top-14-pro-d2-le-recap-des-matchs-qui-se-sont-joues-et-ceux-quil-ne-faut-pas-manquer-ce-week-end","status":"publish","type":"post","link":"https:\/\/www.europesays.com\/fr\/322043\/","title":{"rendered":"Top 14 \/ Pro D2 \u2013 Le r\u00e9cap des matchs qui se sont jou\u00e9s et ceux qu\u2019il ne faut pas manquer ce week-end"},"content":{"rendered":"<p>\n                En ce week-end du 15\u00a0ao\u00fbt, les matchs amicaux se poursuivent et vont animer la fin de semaine. Le Racing 92 affrontera Brive alors que Grenoble se remettra en scelle face \u00e0 Aurillac. R\u00e9capitulatif des matchs amicaux qui se sont jou\u00e9s cette semaine et ceux qu\u2019il ne faut pas manquer ce week-end\u00a0!\n            <\/p>\n<p>Cette semaine pas moins de cinq matchs amicaux se sont d\u00e9j\u00e0 jou\u00e9s cette semaine. Mardi soir, le traditionnel derby de la feria<strong><a href=\"https:\/\/www.rugbyrama.fr\/2025\/08\/13\/pro-d2nationale-beziers-vient-a-bout-de-narbonne-en-deux-temps-dans-une-ambiance-de-gala-12872785.php\" target=\"_self\" rel=\"nofollow noopener\"> \u00e0 B\u00e9ziers \u00e0 vu les locaux l\u2019emport\u00e9 (35-13) dans une ambiance de gala<\/a><\/strong>\u00a0! Jeudi, une bonne partie des \u00e9quipes de Pro D2 \u00e9taient de sortie. Biarritz s\u2019est largement impos\u00e9 (36-14) face \u00e0 des Dacquois encore en rodage.\u00a0Provence rugby l\u2019a emport\u00e9 (26-22) face au VRDR avec un doubl\u00e9 d\u2019Adrien Lap\u00e8gue qui d\u00e9marre encore cette saison sur les chapeaux de roues.\u00a0Colomiers s\u2019est offert une victoire (36-34), \u00e0 Hagetmau, apr\u00e8s la sir\u00e8ne face \u00e0 Mont-de-Marsan. Enfin, Agen a remport\u00e9 son deuxi\u00e8me match amical (14-28) de l\u2019\u00e9t\u00e9 face \u00e0 Carcassonne, champion de Nationale.<\/p>\n<p>Le Racing 92 lance les amicaux des clubs de Top 14<\/p>\n<p>Pour les matchs qui se joueront ce week-end, l\u2019ensemble des \u00e9quipes ont choisi le vendredi 15\u00a0ao\u00fbt pour permettre aux joueurs le temps\u00a0de r\u00e9cup\u00e9rer sur les journ\u00e9es de samedi et dimanche. Oyonnax affrontera donc\u00a0Nevers\u00a0\u00e0 Lons-le-Saunier, dans le Jura, \u00e0 19\u00a0heures tout comme\u00a0Aurillac qui retrouvera\u00a0Grenoble. Les Is\u00e9rois feront leur retour sur les terrains pour la premi\u00e8re fois depuis la d\u00e9sillusion face \u00e0 Montauban en finale de Pro D2. Pour finir, c\u2019est Brive qui affrontera le Racing 92 \u00e0 20\u00a0heures \u00e0\u00a0Biars-sur-C\u00e8re dans le Lot. \u00c0 noter que les hommes de Patrice Collazo joueront leur premier match de l\u2019\u00e9t\u00e9.<\/p>\n<p>    Les r\u00e9sultats des matchs jou\u00e9s<\/p>\n<p><strong>B\u00e9ziers<\/strong> \u2013 Narbonne\u00a0: 35-13<\/p>\n<p><strong>Biarritz<\/strong> \u2013 Dax\u00a0: 36-14<\/p>\n<p><strong>Provence Rugby \u2013 <\/strong>Valence-Romans\u00a0: 26-22<\/p>\n<p>Carcassonne \u2013 <strong>Agen<\/strong>\u00a0: 14-28<\/p>\n<p>    Le programme des matchs du week-end<\/p>\n<ul>\n<li>Oyonnax \u2013 Nevers\u00a0: vendredi 15\u00a0ao\u00fbt \u00e0 19\u00a0heures (Lons-le-Saunier)<\/li>\n<li>Aurillac \u2013 Grenoble\u00a0: vendredi 15\u00a0ao\u00fbt \u00e0 19\u00a0heures (Aurillac)<\/li>\n<li>Brive \u2013 Racing 92\u00a0: vendredi 15\u00a0ao\u00fbt \u00e0 20\u00a0heures (Biars-sur-C\u00e8re)<\/li>\n<\/ul>\n","protected":false},"excerpt":{"rendered":"En ce week-end du 15\u00a0ao\u00fbt, les matchs amicaux se poursuivent et vont animer la fin de semaine. Le&hellip;\n","protected":false},"author":2,"featured_media":322044,"comment_status":"","ping_status":"","sticky":false,"template":"","format":"standard","meta":{"footnotes":""},"categories":[9566],"tags":[1111,11,2430,1777,674,1011,27,2731,12,25],"class_list":{"0":"post-322043","1":"post","2":"type-post","3":"status-publish","4":"format-standard","5":"has-post-thumbnail","7":"category-grenoble","8":"tag-actu","9":"tag-actualites","10":"tag-auvergne-rhone-alpes","11":"tag-eu","12":"tag-europe","13":"tag-fr","14":"tag-france","15":"tag-grenoble","16":"tag-news","17":"tag-republique-francaise"},"share_on_mastodon":{"url":"https:\/\/pubeurope.com\/@fr\/115036209994068725","error":""},"_links":{"self":[{"href":"https:\/\/www.europesays.com\/fr\/wp-json\/wp\/v2\/posts\/322043","targetHints":{"allow":["GET"]}}],"collection":[{"href":"https:\/\/www.europesays.com\/fr\/wp-json\/wp\/v2\/posts"}],"about":[{"href":"https:\/\/www.europesays.com\/fr\/wp-json\/wp\/v2\/types\/post"}],"author":[{"embeddable":true,"href":"https:\/\/www.europesays.com\/fr\/wp-json\/wp\/v2\/users\/2"}],"replies":[{"embeddable":true,"href":"https:\/\/www.europesays.com\/fr\/wp-json\/wp\/v2\/comments?post=322043"}],"version-history":[{"count":0,"href":"https:\/\/www.europesays.com\/fr\/wp-json\/wp\/v2\/posts\/322043\/revisions"}],"wp:featuredmedia":[{"embeddable":true,"href":"https:\/\/www.europesays.com\/fr\/wp-json\/wp\/v2\/media\/322044"}],"wp:attachment":[{"href":"https:\/\/www.europesays.com\/fr\/wp-json\/wp\/v2\/media?parent=322043"}],"wp:term":[{"taxonomy":"category","embeddable":true,"href":"https:\/\/www.europesays.com\/fr\/wp-json\/wp\/v2\/categories?post=322043"},{"taxonomy":"post_tag","embeddable":true,"href":"https:\/\/www.europesays.com\/fr\/wp-json\/wp\/v2\/tags?post=322043"}],"curies":[{"name":"wp","href":"https:\/\/api.w.org\/{rel}","templated":true}]}}