{"id":322046,"date":"2025-08-16T03:03:27","date_gmt":"2025-08-16T03:03:27","guid":{"rendered":"https:\/\/www.europesays.com\/fr\/322046\/"},"modified":"2025-08-16T03:03:27","modified_gmt":"2025-08-16T03:03:27","slug":"fc-metz-stephane-le-mignan-strasbourg-est-a-un-niveau-superieur-au-notre","status":"publish","type":"post","link":"https:\/\/www.europesays.com\/fr\/322046\/","title":{"rendered":"FC Metz : St\u00e9phane Le Mignan : \u00ab Strasbourg est \u00e0 un niveau sup\u00e9rieur au n\u00f4tre \u00bb"},"content":{"rendered":"<p>\t\t\t\t\t\t\t\t\tLe match \u00e0 Hoffenheim<\/p>\n<p>Le coach messin a reconnu que la prestation de son \u00e9quipe \u00e0 Hoffenheim, en match amical, n\u2019a pas \u00e9t\u00e9 \u00e0 la hauteur : \u00ab\u00a0Nous sommes \u00e9videmment conscients que certaines choses n\u2019ont pas \u00e9t\u00e9 bonnes \u00e0 Hoffenheim, et que certaines attitudes n\u2019\u00e9taient pas acceptables non plus. Si nous ne progressons pas par rapport \u00e0 la semaine derni\u00e8re, nous serons en difficult\u00e9 ce dimanche. Nous ferons tout pour \u00eatre \u00e0 la hauteur de l\u2019\u00e9v\u00e9nement et du championnat, afin d\u2019\u00e9lever notre niveau.\u00a0\u00bb<\/p>\n<p>S\u2019adapter au mercato<\/p>\n<p>Enfin, l\u2019entra\u00eeneur a soulign\u00e9 l\u2019importance de s\u2019adapter aux r\u00e9alit\u00e9s du football moderne, notamment en ce qui concerne le mercato estival : \u00ab\u00a0Nous continuons de travailler pour compenser le d\u00e9part au poste de lat\u00e9ral gauche. Nous n\u2019avons pas encore r\u00e9ussi \u00e0 finaliser un dossier, que ce soit pour des raisons financi\u00e8res ou sportives. Aujourd\u2019hui, dans le football, il est compliqu\u00e9 d\u2019avoir l\u2019effectif id\u00e9al d\u00e8s le coup d\u2019envoi de la saison. Nous devons nous adapter.\u00a0\u00bb<\/p>\n","protected":false},"excerpt":{"rendered":"Le match \u00e0 Hoffenheim Le coach messin a reconnu que la prestation de son \u00e9quipe \u00e0 Hoffenheim, en&hellip;\n","protected":false},"author":2,"featured_media":322047,"comment_status":"","ping_status":"","sticky":false,"template":"","format":"standard","meta":{"footnotes":""},"categories":[2820],"tags":[1111,11,1777,674,1011,27,775,12,25,640],"class_list":{"0":"post-322046","1":"post","2":"type-post","3":"status-publish","4":"format-standard","5":"has-post-thumbnail","7":"category-strasbourg","8":"tag-actu","9":"tag-actualites","10":"tag-eu","11":"tag-europe","12":"tag-fr","13":"tag-france","14":"tag-grand-est","15":"tag-news","16":"tag-republique-francaise","17":"tag-strasbourg"},"share_on_mastodon":{"url":"https:\/\/pubeurope.com\/@fr\/115036225728402288","error":""},"_links":{"self":[{"href":"https:\/\/www.europesays.com\/fr\/wp-json\/wp\/v2\/posts\/322046","targetHints":{"allow":["GET"]}}],"collection":[{"href":"https:\/\/www.europesays.com\/fr\/wp-json\/wp\/v2\/posts"}],"about":[{"href":"https:\/\/www.europesays.com\/fr\/wp-json\/wp\/v2\/types\/post"}],"author":[{"embeddable":true,"href":"https:\/\/www.europesays.com\/fr\/wp-json\/wp\/v2\/users\/2"}],"replies":[{"embeddable":true,"href":"https:\/\/www.europesays.com\/fr\/wp-json\/wp\/v2\/comments?post=322046"}],"version-history":[{"count":0,"href":"https:\/\/www.europesays.com\/fr\/wp-json\/wp\/v2\/posts\/322046\/revisions"}],"wp:featuredmedia":[{"embeddable":true,"href":"https:\/\/www.europesays.com\/fr\/wp-json\/wp\/v2\/media\/322047"}],"wp:attachment":[{"href":"https:\/\/www.europesays.com\/fr\/wp-json\/wp\/v2\/media?parent=322046"}],"wp:term":[{"taxonomy":"category","embeddable":true,"href":"https:\/\/www.europesays.com\/fr\/wp-json\/wp\/v2\/categories?post=322046"},{"taxonomy":"post_tag","embeddable":true,"href":"https:\/\/www.europesays.com\/fr\/wp-json\/wp\/v2\/tags?post=322046"}],"curies":[{"name":"wp","href":"https:\/\/api.w.org\/{rel}","templated":true}]}}