{"id":322052,"date":"2025-08-16T03:09:18","date_gmt":"2025-08-16T03:09:18","guid":{"rendered":"https:\/\/www.europesays.com\/fr\/322052\/"},"modified":"2025-08-16T03:09:18","modified_gmt":"2025-08-16T03:09:18","slug":"a-bordeaux-les-echoppes-seniors-partagent-fraicheur-et-solidarite-avec-les-personnes-agees-isolees","status":"publish","type":"post","link":"https:\/\/www.europesays.com\/fr\/322052\/","title":{"rendered":"\u00e0 Bordeaux, les \u00e9choppes seniors partagent fra\u00eecheur et solidarit\u00e9 avec les personnes \u00e2g\u00e9es isol\u00e9es"},"content":{"rendered":"<p>Derri\u00e8re les grandes baies vitr\u00e9es de la r\u00e9sidence autonomie des quartiers Aubiers-Ginko, au nord de Bordeaux, les plantes de la terrasse ploient sous<a href=\"https:\/\/www.sudouest.fr\/environnement\/climat\/canicule\/canicule-80-departements-en-vigilance-orange-jusqu-a-40-0c-dans-le-sud-ouest-ce-qui-nous-attend-en-fin-de-semaine-25555294.php\" rel=\"nofollow noopener\" target=\"_blank\"> la chaleur caniculaire, en ce jeudi 14\u00a0ao\u00fbt<\/a>. \u00c0 l\u2019int\u00e9rieur, dans la lumineuse salle \u00e0 manger, une vingtaine de personnes \u00e2g\u00e9es se r\u00e9jouissent du repas qu\u2019elles vont partager bien au frais. Certains habitent ici dans leurs appartements individuels. D\u2019autres logent seuls dans le quartier et profitent ici des salles communes climatis\u00e9es qui constituent l\u2019\u00e9choppe Suzanne-Lacore.<a href=\"https:\/\/www.sudouest.fr\/gironde\/bordeaux\/canicule-a-bordeaux-en-cas-de-fortes-chaleurs-naturellement-nos-seniors-sont-plus-reactifs-25497977.php\" rel=\"nofollow noopener\" target=\"_blank\"> Les \u00e9choppes, g\u00e9r\u00e9es par la municipalit\u00e9, sont ouvertes toute l\u2019ann\u00e9e de 10\u00a0h\u00a030 \u00e0 17\u00a0h\u00a030 et proposent des activit\u00e9s d\u00e8s 2\u00a0euros par mois, et un d\u00e9jeuner complet \u00e0 partir de 2,70\u00a0\u20ac<\/a>. Et durant la canicule, le personnel, avec parfois en renfort des \u00ab\u00a0agents de la Ville mobiles\u00a0\u00bb, est d\u2019autant plus \u00e0 l\u2019\u00e9coute du public vuln\u00e9rable \u00e0 la chaleur.<\/p>\n<p>Programme adapt\u00e9 \u00e0 la canicule<\/p>\n<p>Du tricot \u00e0 la gymnastique, des sorties \u00e0 Bordeaux-Lac aux mus\u00e9es, les seniors ont acc\u00e8s \u00e0 diverses activit\u00e9s tout au long de l\u2019ann\u00e9e. Pour certains, cela leur permet de renouer avec \u00ab\u00a0ce qu\u2019ils n\u2019osent pas faire seul\u00a0\u00bb, selon Marine Dubrulle, directrice de la r\u00e9sidence autonomie Alfred-Smith, et de permanence ici ce jeudi. Mais avec la canicule cette semaine, seules les activit\u00e9s int\u00e9rieures sont maintenues. La solidarit\u00e9 est, elle, bien renforc\u00e9e\u00a0: <a href=\"https:\/\/www.sudouest.fr\/environnement\/climat\/canicule\/canicule-a-bordeaux-une-plateforme-pour-veiller-sur-les-personnes-les-plus-vulnerables-25072044.php\" rel=\"nofollow noopener\" target=\"_blank\">\u00ab\u00a0On prend plus de nouvelles au t\u00e9l\u00e9phone des personnes isol\u00e9es<\/a> qui fr\u00e9quentent parfois l\u2019\u00e9choppe, on les invite \u00e0 venir y passer. Et si besoin, on peut ouvrir plus tard, le temps que la temp\u00e9rature redescende \u00e0 l\u2019ext\u00e9rieur et que ceux qui sont venus ici puissent rentrer en s\u00e9curit\u00e9 chez eux.\u00a0\u00bb<\/p>\n<p>Une des principales assurances qu\u2019offrent ces \u00e9choppes, c\u2019est celle d\u2019avoir acc\u00e8s \u00e0 un repas \u00e9quilibr\u00e9 peu cher. C\u2019est la principale motivation d\u2019Yvette et Fran\u00e7ois. Tous deux ont la soixantaine et habitent aux Aubiers. L\u2019une a une retraite de 1\u00a0000\u00a0euros par mois, l\u2019autre, diab\u00e9tique, n\u2019a pas les moyens d\u2019avoir chez lui tous les apports nutritifs. Car St\u00e9phane Pfeiffer, adjoint au maire charg\u00e9 du service public de l\u2019habitat le rappelle, \u00ab\u00a0le vieillissement de la population et son isolement sont plus forts dans les quartiers populaires\u00a0\u00bb.<\/p>\n<p>        <img decoding=\"async\" id=\"25554920\" src=\"https:\/\/www.europesays.com\/fr\/wp-content\/uploads\/2025\/08\/20250814140024-lt2233.jpg\" alt=\"Une r\u00e9sidente, heureuse de trouver de la fra\u00eecheur et de la convivialit\u00e9 aupr\u00e8s du personnel de l\u2019\u00e9tablissement.\" itemprop=\"contentURL\"\/><\/p>\n<p>    Une r\u00e9sidente, heureuse de trouver de la fra\u00eecheur et de la convivialit\u00e9 aupr\u00e8s du personnel de l\u2019\u00e9tablissement.<\/p>\n<p>Laurent Theillet\/SO<\/p>\n<p>    Un lieu de rencontres<\/p>\n<p>Yvette est \u00ab\u00a0un peu stress\u00e9e\u00a0\u00bb chez elle, sans clim. Pour se pr\u00e9munir de la canicule, elle r\u00e9p\u00e8te les bons gestes, qu\u2019on lui a aussi rappel\u00e9s ici\u00a0: \u00ab\u00a0Fermer les volets, a\u00e9rer, boire beaucoup d\u2019eau\u2026\u00a0\u00bb Compl\u00e8tement autonome, elle a surtout besoin de la pr\u00e9sence du personnel de la r\u00e9sidence Aubiers-Ginko, \u00ab\u00a0tr\u00e8s gentil\u00a0\u00bb. R\u00e9ciproquement, elle \u00ab\u00a0aime bien venir ici pour rencontrer d\u2019autres personnes \u00e2g\u00e9es, pour voir si [elle peut] les aider\u00a0\u00bb. Ainsi prend-elle soin de sa nouvelle amie Nicole, assise en face d\u2019elle lors de ce calme d\u00e9jeuner.<\/p>\n<p>Car les 25 \u00e9choppes seniors de Bordeaux ont surtout pour objectif de \u00ab\u00a0cr\u00e9er des moments conviviaux\u00a0\u00bb, souligne Marine Dubrulle. Situ\u00e9es au sein de r\u00e9sidences autonomie ou bien dans des lieux publics d\u00e9di\u00e9s, les \u00e9choppes s\u00e9niors compteront une 26e adresse dans le quartier du Belv\u00e9d\u00e8re en 2026.<\/p>\n","protected":false},"excerpt":{"rendered":"Derri\u00e8re les grandes baies vitr\u00e9es de la r\u00e9sidence autonomie des quartiers Aubiers-Ginko, au nord de Bordeaux, les plantes&hellip;\n","protected":false},"author":2,"featured_media":322053,"comment_status":"","ping_status":"","sticky":false,"template":"","format":"standard","meta":{"footnotes":""},"categories":[2817],"tags":[1111,11,1997,1777,674,1011,27,12,2219,25],"class_list":{"0":"post-322052","1":"post","2":"type-post","3":"status-publish","4":"format-standard","5":"has-post-thumbnail","7":"category-bordeaux","8":"tag-actu","9":"tag-actualites","10":"tag-bordeaux","11":"tag-eu","12":"tag-europe","13":"tag-fr","14":"tag-france","15":"tag-news","16":"tag-nouvelle-aquitaine","17":"tag-republique-francaise"},"share_on_mastodon":{"url":"https:\/\/pubeurope.com\/@fr\/115036249427068891","error":""},"_links":{"self":[{"href":"https:\/\/www.europesays.com\/fr\/wp-json\/wp\/v2\/posts\/322052","targetHints":{"allow":["GET"]}}],"collection":[{"href":"https:\/\/www.europesays.com\/fr\/wp-json\/wp\/v2\/posts"}],"about":[{"href":"https:\/\/www.europesays.com\/fr\/wp-json\/wp\/v2\/types\/post"}],"author":[{"embeddable":true,"href":"https:\/\/www.europesays.com\/fr\/wp-json\/wp\/v2\/users\/2"}],"replies":[{"embeddable":true,"href":"https:\/\/www.europesays.com\/fr\/wp-json\/wp\/v2\/comments?post=322052"}],"version-history":[{"count":0,"href":"https:\/\/www.europesays.com\/fr\/wp-json\/wp\/v2\/posts\/322052\/revisions"}],"wp:featuredmedia":[{"embeddable":true,"href":"https:\/\/www.europesays.com\/fr\/wp-json\/wp\/v2\/media\/322053"}],"wp:attachment":[{"href":"https:\/\/www.europesays.com\/fr\/wp-json\/wp\/v2\/media?parent=322052"}],"wp:term":[{"taxonomy":"category","embeddable":true,"href":"https:\/\/www.europesays.com\/fr\/wp-json\/wp\/v2\/categories?post=322052"},{"taxonomy":"post_tag","embeddable":true,"href":"https:\/\/www.europesays.com\/fr\/wp-json\/wp\/v2\/tags?post=322052"}],"curies":[{"name":"wp","href":"https:\/\/api.w.org\/{rel}","templated":true}]}}