{"id":322056,"date":"2025-08-16T03:11:13","date_gmt":"2025-08-16T03:11:13","guid":{"rendered":"https:\/\/www.europesays.com\/fr\/322056\/"},"modified":"2025-08-16T03:11:13","modified_gmt":"2025-08-16T03:11:13","slug":"un-jeune-homme-de-18-ans-repeche-sans-vie-apres-avoir-ete-victime-dune-noyade-dans-un-lac-au-sud-de-toulouse","status":"publish","type":"post","link":"https:\/\/www.europesays.com\/fr\/322056\/","title":{"rendered":"Un jeune homme de 18 ans rep\u00each\u00e9 sans vie apr\u00e8s avoir \u00e9t\u00e9 victime d\u2019une noyade dans un lac au sud de Toulouse"},"content":{"rendered":"<p>            Par<br \/>\n        <strong><br \/>\n            <a href=\"https:\/\/actu.fr\/auteur\/angelique-passebosc\" title=\"Consulter tous les articles de Ang\u00e9lique Passebosc\" rel=\"nofollow noopener\" target=\"_blank\">Ang\u00e9lique Passebosc<\/a><br \/>\n        <\/strong><\/p>\n<p>        Publi\u00e9 le<\/p>\n<p>            15 ao\u00fbt 2025 \u00e0 9h08        <\/p>\n<p>On ne sait pour l\u2019heure que peu de choses des <b>circonstances du drame<\/b> survenu ce jeudi 14\u00a0ao\u00fbt, en d\u00e9but de soir\u00e9e, sur le plan d\u2019eau situ\u00e9 \u00e0 cheval entre les communes de <a href=\"https:\/\/actu.fr\/occitanie\/montgeard_31380\" rel=\"nofollow noopener\" target=\"_blank\">Montgeard<\/a> et de <a href=\"https:\/\/actu.fr\/occitanie\/nailloux_31396\" rel=\"nofollow noopener\" target=\"_blank\">Nailloux<\/a>, \u00e0 une cinquantaine de kilom\u00e8tres au sud est de Toulouse. Il est aux alentours de 20\u2009h, ce soir-l\u00e0, lorsque les sapeurs-pompiers sont appel\u00e9s \u00e0 intervenir au<b> lac de la Th\u00e9sauque<\/b> afin de <b>\u00ab\u2009rechercher\u2009\u00bb et porter secours \u00e0 une personne \u00ab\u2009immerg\u00e9e\u2009\u00bb dans l\u2019eau<\/b>. Un jeune homme de 18\u00a0ans victime d\u2019une<b> noyade<\/b>, qui ne pourra finalement pas \u00eatre r\u00e9anim\u00e9.<\/p>\n<p>D\u00e9c\u00e9d\u00e9 malgr\u00e9 les tentatives de r\u00e9animation<\/p>\n<p class=\" wall-content\">La baignade n\u2019est d\u00e9j\u00e0 plus surveill\u00e9e depuis deux heures, ce soir-l\u00e0 \u2013 comme tous les autres soirs en p\u00e9riode estivale, d\u2019ailleurs, les secouristes terminant leur service \u00e0 18\u2009h \u2013 lorsque les sapeurs-pompiers de la Haute-Garonne et le Service d\u2019aide m\u00e9dicale urgente (SAMU) sont d\u00e9p\u00each\u00e9s sur les lieux de l\u2019accident. Et se lancent ainsi \u00e0 la recherche de cette victime, immerg\u00e9e dans le lac, aid\u00e9s d\u2019<b>\u00e9quipiers sp\u00e9cialis\u00e9s en secours nautiques.<\/b><\/p>\n<p>    <a href=\"https:\/\/maps.google.com\/maps?q=43.3545132,1.6426768&amp;z=15&amp;output=embed\" title=\"Ouvrie le lien\" rel=\"nofollow noopener\" target=\"_blank\">Cliquez ici pour visualiser le contenu<\/a><\/p>\n<p class=\" wall-content\">D\u2019apr\u00e8s les informations communiqu\u00e9es par le Service d\u00e9partemental d\u2019incendie et de secours (SDIS), il leur faudra<b> environ 30\u00a0minutes\u00a0pour retrouver le jeune homme de 18\u00a0ans<\/b> qui, \u00ab\u2009malgr\u00e9 les tentatives de r\u00e9animation\u2009\u00bb, sera <b>d\u00e9clar\u00e9 d\u00e9c\u00e9d\u00e9<\/b>.<\/p>\n<p>Vid\u00e9os : en ce moment sur ActuTroisi\u00e8me accident mortel dans un lac du Lauragais<\/p>\n<p class=\" wall-content\">Il s\u2019agit de<b> la troisi\u00e8me noyade mortelle de la saison<\/b> signal\u00e9e sur le territoire, dans les lacs du Lauragais. La premi\u00e8re avait, au d\u00e9but du mois de juin, co\u00fbt\u00e9 la vie \u00e0 <a href=\"https:\/\/actu.fr\/occitanie\/bram_11049\/aude-un-adolescent-est-mort-des-suites-d-une-noyade-dans-un-lac-entre-castelnaudary-et-carcassonne_62727994.html\" rel=\"nofollow noopener\" target=\"_blank\">un adolescent \u00e2g\u00e9 d\u2019une quinzaine d\u2019ann\u00e9es qui se baignait avec des amis au lac de Buzerens<\/a>, dans la commune de Bram. La seconde remonte \u00e0 moins d\u2019un mois. C\u2019est cette fois <a href=\"https:\/\/actu.fr\/occitanie\/revel_31451\/la-baignade-vire-au-drame-dans-un-lac-a-l-est-de-toulouse-la-victime-d-une-noyade-repechee-par-les-pompiers_62956105.html\" rel=\"nofollow noopener\" target=\"_blank\">un homme de 79\u00a0ans qui aurait succomb\u00e9 \u00e0 une crise cardiaque<\/a> alors qu\u2019il nageait dans les eaux du lac de Saint-Ferr\u00e9ol, pr\u00e8s de Revel.<\/p>\n<p class=\" wall-content\">Suivez toute l\u2019actualit\u00e9 de vos villes et m\u00e9dias favoris en vous inscrivant \u00e0 <a href=\"https:\/\/moncompte.actu.fr\" title=\"D\u00e9couvez Mon Actu\" rel=\"nofollow noopener\" data-trk=\"{&quot;cta&quot;:{&quot;action&quot;:&quot;https:\\\/\\\/moncompte.actu.fr&quot;,&quot;category&quot;:&quot;mon compte&quot;,&quot;from&quot;:&quot;article footer&quot;,&quot;name&quot;:&quot;Mon actu&quot;,&quot;type&quot;:&quot;cta&quot;}}\" target=\"_blank\">Mon Actu<\/a>.<\/p>\n<ul class=\"ac-article-tag wall-content\">\n<li><a href=\"https:\/\/actu.fr\/tag\/lac-de-la-thesauque\" data-trk=\"{&quot;cta&quot;:{&quot;action&quot;:&quot;Lac de la Th\\u00e9sauque&quot;,&quot;category&quot;:&quot;tag&quot;,&quot;from&quot;:&quot;article footer&quot;,&quot;name&quot;:&quot;Lac de la Th\\u00e9sauque&quot;,&quot;type&quot;:&quot;cta&quot;}}\" rel=\"nofollow noopener\" target=\"_blank\">#Lac de la Th\u00e9sauque<\/a><\/li>\n<li><a href=\"https:\/\/actu.fr\/tag\/pompiers\" data-trk=\"{&quot;cta&quot;:{&quot;action&quot;:&quot;Pompiers&quot;,&quot;category&quot;:&quot;tag&quot;,&quot;from&quot;:&quot;article footer&quot;,&quot;name&quot;:&quot;Pompiers&quot;,&quot;type&quot;:&quot;cta&quot;}}\" rel=\"nofollow noopener\" target=\"_blank\">#Pompiers<\/a><\/li>\n<\/ul>\n","protected":false},"excerpt":{"rendered":"Par Ang\u00e9lique Passebosc Publi\u00e9 le 15 ao\u00fbt 2025 \u00e0 9h08 On ne sait pour l\u2019heure que peu de&hellip;\n","protected":false},"author":2,"featured_media":322057,"comment_status":"","ping_status":"","sticky":false,"template":"","format":"standard","meta":{"footnotes":""},"categories":[2816],"tags":[1111,11,1777,674,118,1011,27,45967,12,2680,1311,25,2312],"class_list":{"0":"post-322056","1":"post","2":"type-post","3":"status-publish","4":"format-standard","5":"has-post-thumbnail","7":"category-toulouse","8":"tag-actu","9":"tag-actualites","10":"tag-eu","11":"tag-europe","12":"tag-faits-divers","13":"tag-fr","14":"tag-france","15":"tag-lac-de-la-thesauque","16":"tag-news","17":"tag-occitanie","18":"tag-pompiers","19":"tag-republique-francaise","20":"tag-toulouse"},"share_on_mastodon":{"url":"https:\/\/pubeurope.com\/@fr\/115036257157168394","error":""},"_links":{"self":[{"href":"https:\/\/www.europesays.com\/fr\/wp-json\/wp\/v2\/posts\/322056","targetHints":{"allow":["GET"]}}],"collection":[{"href":"https:\/\/www.europesays.com\/fr\/wp-json\/wp\/v2\/posts"}],"about":[{"href":"https:\/\/www.europesays.com\/fr\/wp-json\/wp\/v2\/types\/post"}],"author":[{"embeddable":true,"href":"https:\/\/www.europesays.com\/fr\/wp-json\/wp\/v2\/users\/2"}],"replies":[{"embeddable":true,"href":"https:\/\/www.europesays.com\/fr\/wp-json\/wp\/v2\/comments?post=322056"}],"version-history":[{"count":0,"href":"https:\/\/www.europesays.com\/fr\/wp-json\/wp\/v2\/posts\/322056\/revisions"}],"wp:featuredmedia":[{"embeddable":true,"href":"https:\/\/www.europesays.com\/fr\/wp-json\/wp\/v2\/media\/322057"}],"wp:attachment":[{"href":"https:\/\/www.europesays.com\/fr\/wp-json\/wp\/v2\/media?parent=322056"}],"wp:term":[{"taxonomy":"category","embeddable":true,"href":"https:\/\/www.europesays.com\/fr\/wp-json\/wp\/v2\/categories?post=322056"},{"taxonomy":"post_tag","embeddable":true,"href":"https:\/\/www.europesays.com\/fr\/wp-json\/wp\/v2\/tags?post=322056"}],"curies":[{"name":"wp","href":"https:\/\/api.w.org\/{rel}","templated":true}]}}