{"id":322058,"date":"2025-08-16T03:13:22","date_gmt":"2025-08-16T03:13:22","guid":{"rendered":"https:\/\/www.europesays.com\/fr\/322058\/"},"modified":"2025-08-16T03:13:22","modified_gmt":"2025-08-16T03:13:22","slug":"une-affaire-edon-zhegrova-a-lille","status":"publish","type":"post","link":"https:\/\/www.europesays.com\/fr\/322058\/","title":{"rendered":"Une affaire Edon Zhegrova \u00e0 Lille ?"},"content":{"rendered":"<p>        <img decoding=\"async\" alt=\"une-affaire-edon-zhegrova-a-lille\" style=\"max-width:1200px; width:100%; aspect-ratio:1200\/787;\" src=\"https:\/\/www.europesays.com\/fr\/wp-content\/uploads\/2025\/08\/TRANSFERTS-LILLE-IMAGE.png\"\/><\/p>\n<p>        <strong>En conf\u00e9rence de presse, Bruno Genesio a dit le contraire de son pr\u00e9sident au sujet d&rsquo;Edon Zhegrova. Des propos qui symbolisent une situation de plus en plus tendue entre l&rsquo;entra\u00eeneur et son pr\u00e9sident.\u00a0<\/strong><br \/>\nDe passage devant la presse ce vendredi, 48 heures avant le match de Lille \u00e0 Brest, Bruno Genesio a \u00e9t\u00e9 longuement \u00e9t\u00e9 interrog\u00e9 sur le march\u00e9 des transferts, bien calme dans le sens des arriv\u00e9es dans le nord. Depuis plusieurs jours, l\u2019entra\u00eeneur lillois s\u2019inqui\u00e8te de voir ses cadres partir et son \u00e9quipe sans solution pour les remplacer.<\/p>\n<p>Alors que l\u2019on sent une petite tension entre l\u2019entra\u00eeneur et son pr\u00e9sident, celle-ci a \u00e9t\u00e9 encore plus palpable au moment de parler d\u2019Edon Zhegrova. \u00ab Pour Edon, je ne l\u2019ai pas eu \u00e0 l\u2019entra\u00eenement cette semaine\u00a0\u00bb, a expliqu\u00e9 l\u2019ancien entra\u00eeneur de l\u2019OL. \u00ab\u00a0Il continue de s\u2019entra\u00eener avec la Pro 2. Je n\u2019ai pas d\u2019autres informations \u00e0 vous donner le concernant. Je ne sais pas si je pourrais compter sur lui cette saison. \u00bb\u00a0<\/p>\n<p>Des propos pour le moins \u00e9tonnant alors qu\u2019Olivier L\u00e9tang expliquait la semaine derni\u00e8re que l\u2019international kosovar allait reprendre avec le groupe pro et qu\u2019il \u00e9tait \u00e0 la disposition de son entra\u00eeneur pour la saison \u00e0 venir \u00ab\u00a0m\u00eame sans prolonger\u00a0\u00bb. A vrai dire, une situation \u00e0 laquelle nous avons beaucoup de mal \u00e0 croire et qui a sans doute pour unique but de mettre la pression sur l\u2019OM, qui souhaite r\u00e9cup\u00e9rer le joueur.\u00a0<\/p>\n<p>Une strat\u00e9gie d\u00e9masqu\u00e9e avec les propos de Bruno Genesio, qui dit l\u2019inverse que son pr\u00e9sident, visiblement agac\u00e9 par la fa\u00e7on dont se d\u00e9roule le mercato. Alors que les deux hommes ne sont pas connus pour \u00eatre les meilleurs amis du monde, il ne semble pas que Lille d\u00e9bute la saison dans les meilleures conditions. Cette conf\u00e9rence de presse pourrait avoir des cons\u00e9quences, alors que l&rsquo;OM aurait accentu\u00e9 la pression pour recruter l&rsquo;ailier lillois.    <\/p>\n","protected":false},"excerpt":{"rendered":"En conf\u00e9rence de presse, Bruno Genesio a dit le contraire de son pr\u00e9sident au sujet d&rsquo;Edon Zhegrova. Des&hellip;\n","protected":false},"author":2,"featured_media":306077,"comment_status":"","ping_status":"","sticky":false,"template":"","format":"standard","meta":{"footnotes":""},"categories":[2815],"tags":[1111,11,1777,674,1011,27,811,1307,12,25],"class_list":{"0":"post-322058","1":"post","2":"type-post","3":"status-publish","4":"format-standard","5":"has-post-thumbnail","7":"category-lille","8":"tag-actu","9":"tag-actualites","10":"tag-eu","11":"tag-europe","12":"tag-fr","13":"tag-france","14":"tag-hauts-de-france","15":"tag-lille","16":"tag-news","17":"tag-republique-francaise"},"share_on_mastodon":{"url":"https:\/\/pubeurope.com\/@fr\/115036265074329780","error":""},"_links":{"self":[{"href":"https:\/\/www.europesays.com\/fr\/wp-json\/wp\/v2\/posts\/322058","targetHints":{"allow":["GET"]}}],"collection":[{"href":"https:\/\/www.europesays.com\/fr\/wp-json\/wp\/v2\/posts"}],"about":[{"href":"https:\/\/www.europesays.com\/fr\/wp-json\/wp\/v2\/types\/post"}],"author":[{"embeddable":true,"href":"https:\/\/www.europesays.com\/fr\/wp-json\/wp\/v2\/users\/2"}],"replies":[{"embeddable":true,"href":"https:\/\/www.europesays.com\/fr\/wp-json\/wp\/v2\/comments?post=322058"}],"version-history":[{"count":0,"href":"https:\/\/www.europesays.com\/fr\/wp-json\/wp\/v2\/posts\/322058\/revisions"}],"wp:featuredmedia":[{"embeddable":true,"href":"https:\/\/www.europesays.com\/fr\/wp-json\/wp\/v2\/media\/306077"}],"wp:attachment":[{"href":"https:\/\/www.europesays.com\/fr\/wp-json\/wp\/v2\/media?parent=322058"}],"wp:term":[{"taxonomy":"category","embeddable":true,"href":"https:\/\/www.europesays.com\/fr\/wp-json\/wp\/v2\/categories?post=322058"},{"taxonomy":"post_tag","embeddable":true,"href":"https:\/\/www.europesays.com\/fr\/wp-json\/wp\/v2\/tags?post=322058"}],"curies":[{"name":"wp","href":"https:\/\/api.w.org\/{rel}","templated":true}]}}