{"id":322059,"date":"2025-08-16T03:14:32","date_gmt":"2025-08-16T03:14:32","guid":{"rendered":"https:\/\/www.europesays.com\/fr\/322059\/"},"modified":"2025-08-16T03:14:32","modified_gmt":"2025-08-16T03:14:32","slug":"madame-arthur-fait-son-opera-du-08-10-2025-au-11-10-2025-marseille","status":"publish","type":"post","link":"https:\/\/www.europesays.com\/fr\/322059\/","title":{"rendered":"Madame Arthur fait son op\u00e9ra &#8211; Du 08\/10\/2025 au 11\/10\/2025 &#8211; Marseille"},"content":{"rendered":"<p>V\u00e9ritable tr\u00e9sor de la sc\u00e8ne artistique et des nuits parisiennes depuis 1946, le Cabaret Madame Arthur est le temple excentrique de la libert\u00e9 d\u2019expression, de l\u2019impertinence et d\u2019une joyeuse provocation. Il a vu na\u00eetre des l\u00e9gendes telles que Bambi et Coccinelle et continue, \u00e0 pr\u00e8s de 80 ans, \u00e0 unir tradition et modernit\u00e9, subversion, extravagance et folie douce pour un public toujours plus nombreux, de Pigalle\u2026 \u00e0 Marseille !<\/p>\n<p>Dans un v\u00e9ritable hymne \u00e0 la transgression artistique, cinq cr\u00e9atures drag de Madame Arthur chantent et jouent, oscillent entre g\u00e9n\u00e9rosit\u00e9, dramatisme, extravagance et catharsis. Soprano, t\u00e9nor ou baryton, ces performeurs hors-normes d\u00e9construisent, avec l\u2019humour d\u00e9capant qui les caract\u00e9rise, tous les st\u00e9r\u00e9otypes de l\u2019op\u00e9ra.<\/p>\n<p>&#13;<\/p>\n<p>Direction artistique\u00a0Mathieu Jedrazak, Alexis Ochin, Arnaud Boursain<\/p>\n<p>&#13;<\/p>\n<p>Avec\u00a0Androkill, La Baronne du Bronx, Cosme Mc Moon, Martin Poppins, Odile de Mainville<\/p>\n<p>&#13;<\/p>\n<p>&gt;Infos\/billetterie en ligne :\u00a0<a href=\"https:\/\/www.lestheatres.net\/\" target=\"_blank\" rel=\"nofollow noopener\">www.lestheatres.net<\/a><\/p>\n","protected":false},"excerpt":{"rendered":"V\u00e9ritable tr\u00e9sor de la sc\u00e8ne artistique et des nuits parisiennes depuis 1946, le Cabaret Madame Arthur est le&hellip;\n","protected":false},"author":2,"featured_media":322060,"comment_status":"","ping_status":"","sticky":false,"template":"","format":"standard","meta":{"footnotes":""},"categories":[2814],"tags":[1111,11,1777,674,1011,27,884,12,882,25],"class_list":{"0":"post-322059","1":"post","2":"type-post","3":"status-publish","4":"format-standard","5":"has-post-thumbnail","7":"category-marseille","8":"tag-actu","9":"tag-actualites","10":"tag-eu","11":"tag-europe","12":"tag-fr","13":"tag-france","14":"tag-marseille","15":"tag-news","16":"tag-provence-alpes-cote-dazur","17":"tag-republique-francaise"},"share_on_mastodon":{"url":"https:\/\/pubeurope.com\/@fr\/115036268990058163","error":""},"_links":{"self":[{"href":"https:\/\/www.europesays.com\/fr\/wp-json\/wp\/v2\/posts\/322059","targetHints":{"allow":["GET"]}}],"collection":[{"href":"https:\/\/www.europesays.com\/fr\/wp-json\/wp\/v2\/posts"}],"about":[{"href":"https:\/\/www.europesays.com\/fr\/wp-json\/wp\/v2\/types\/post"}],"author":[{"embeddable":true,"href":"https:\/\/www.europesays.com\/fr\/wp-json\/wp\/v2\/users\/2"}],"replies":[{"embeddable":true,"href":"https:\/\/www.europesays.com\/fr\/wp-json\/wp\/v2\/comments?post=322059"}],"version-history":[{"count":0,"href":"https:\/\/www.europesays.com\/fr\/wp-json\/wp\/v2\/posts\/322059\/revisions"}],"wp:featuredmedia":[{"embeddable":true,"href":"https:\/\/www.europesays.com\/fr\/wp-json\/wp\/v2\/media\/322060"}],"wp:attachment":[{"href":"https:\/\/www.europesays.com\/fr\/wp-json\/wp\/v2\/media?parent=322059"}],"wp:term":[{"taxonomy":"category","embeddable":true,"href":"https:\/\/www.europesays.com\/fr\/wp-json\/wp\/v2\/categories?post=322059"},{"taxonomy":"post_tag","embeddable":true,"href":"https:\/\/www.europesays.com\/fr\/wp-json\/wp\/v2\/tags?post=322059"}],"curies":[{"name":"wp","href":"https:\/\/api.w.org\/{rel}","templated":true}]}}