{"id":322061,"date":"2025-08-16T03:15:16","date_gmt":"2025-08-16T03:15:16","guid":{"rendered":"https:\/\/www.europesays.com\/fr\/322061\/"},"modified":"2025-08-16T03:15:16","modified_gmt":"2025-08-16T03:15:16","slug":"merlin-epatant-gouiri-inexistant-les-tops-et-les-flops","status":"publish","type":"post","link":"https:\/\/www.europesays.com\/fr\/322061\/","title":{"rendered":"Merlin \u00e9patant, Gouiri inexistant&#8230; Les tops et les flops"},"content":{"rendered":"<p>L\u2019OM a manqu\u00e9 ses d\u00e9buts dans cette nouvelle saison en s\u2019inclinant \u00e0 Rennes (1-0). Retrouvez les tops et les flops de la toute premi\u00e8re rencontre de la Ligue 1 saison 2025\/2026.<\/p>\n<p class=\"fig-paragraph\"><strong>TOPS<\/strong><\/p>\n<p>Rennes au courage<\/p>\n<p class=\"fig-paragraph\">Une victoire aux allures de miracle. R\u00e9duit \u00e0 dix d\u00e8s la demi-heure de jeu et malmen\u00e9 par la domination marseillaise, Rennes a pli\u00e9, sans jamais rompre. Et au bout du courage, les hommes d\u2019Habib Beye sont parvenus \u00e0 faire basculer leur soir\u00e9e dans l\u2019irr\u00e9el, sur un contre conclu avec sang-froid par Blas dans le temps additionnel. Fous de joie devant leur public, les Bretons ont \u00e9t\u00e9 irr\u00e9prochables dans leur engagement tout au long de la rencontre. \u00c0 l\u2019image de Moussa Al-Tamari, d\u00e9terminant dans son pressing. Derri\u00e8re, Anthony Rouault et J\u00e9r\u00e9my Jacquet ont \u00e9t\u00e9 primordiaux et ont su prot\u00e9ger Samba sur de nombreuses actions. En qu\u00eate de rachat apr\u00e8s deux saisons d\u00e9cevantes, Rennes peut s\u2019appuyer sur les valeurs affich\u00e9es ce vendredi pour r\u00e9ussir un bon d\u00e9part dans ce nouvel exercice.<\/p>\n<p>                                    <a class=\"fig-a11y-skip a11y-hidden\" href=\"#fig-a11y-skip-main-inarticle\"><br \/>\n        Passer la publicit\u00e9<br \/>\n    <\/a><\/p>\n<p>Merlin enchante le Roazhon Park<\/p>\n<p class=\"fig-paragraph\">Il pouvait difficilement r\u00eaver de meilleurs d\u00e9buts sous ses nouvelles couleurs. Titulaire dans un r\u00f4le de piston gauche, Quentin Merlin a fait tr\u00e8s mal \u00e0 ses anciens co\u00e9quipiers. D\u00e9fensivement, il a su tenir t\u00eate \u00e0 Greenwood, qui a souvent d\u00fb quitter sa zone et repiquer dans l\u2019axe pour \u00eatre plus influent. \u00c9galement solide face \u00e0 Weah en seconde p\u00e9riode, il n\u2019a pas h\u00e9sit\u00e9 \u00e0 se projeter malgr\u00e9 la tournure des \u00e9v\u00e9nements et l\u2019inf\u00e9riorit\u00e9 num\u00e9rique de son \u00e9quipe. Un match conclu par une belle passe d\u00e9cisive pour Blas sur l\u2019unique but de la rencontre.<\/p>\n<p class=\"fig-paragraph\"><strong>FLOPS\u00a0<\/strong><\/p>\n<p>L\u2019OM peut s\u2019en mordre les doigts<\/p>\n<p class=\"fig-paragraph\">Premier match de la saison. Et d\u00e9j\u00e0 une \u00e9norme d\u00e9sillusion pour l\u2019OM\u00a0! Pleins d\u2019ambitions avant d\u2019entamer cet exercice 2025\/26, les hommes de Roberto De Zerbi sont tomb\u00e9s de haut \u00e0 Rennes, o\u00f9 ils ont conc\u00e9d\u00e9 une d\u00e9faite \u00f4 combien rageante. En sup\u00e9riorit\u00e9 num\u00e9rique \u00e0 partir de la demi-heure de jeu, les Phoc\u00e9ens ont outrageusement domin\u00e9 les d\u00e9bats, mais ne sont jamais parvenus \u00e0 concr\u00e9tiser leur sup\u00e9riorit\u00e9. Certes, les Marseillais ont touch\u00e9 les montants \u00e0 deux reprises, mais leurs offensives n\u2019ont pas assez inqui\u00e9t\u00e9 une d\u00e9fense bretonne repli\u00e9e et us\u00e9e au fil de la rencontre. Et \u00e0 force de se d\u00e9couvrir, l\u2019OM s\u2019est laiss\u00e9 pi\u00e9ger sur un ultime contre. Une action sur laquelle le placement de Leonardo Balerdi n\u2019est pas irr\u00e9prochable. Une fois de plus&#8230;<\/p>\n<p class=\"fig-body-link\">\n            \u00c0 lire aussi<br \/>\n        <a class=\"fig-body-link__link\" href=\"http:\/\/www.lefigaro.fr\/sports\/football\/ligue-1\/ligue-1-en-video-le-premier-carton-rouge-de-la-saison-apres-une-semelle-sur-un-marseillais-20250815\" target=\"_blank\" data-fig-type=\"NewsFlash\" rel=\"noopener\" data-gtm-custom-categorie=\"navigation\" data-gtm-custom-action=\"crossclick\" data-gtm-custom-label=\"Contextuel\" data-gtm-event=\"customEventSPE\" data-fig-domain=\"LEFIGARO\">Ligue 1\u00a0: en vid\u00e9o, le premier carton rouge de la saison apr\u00e8s une semelle sur un Marseillais<br \/>\n    <\/a>\n<\/p>\n<p>Mais o\u00f9 \u00e9tait Gouiri\u00a0?<\/p>\n<p class=\"fig-paragraph\">Auteur d\u2019une fin de saison derni\u00e8re en boulet de canon, Amine Gouiri voulait repartir sur les m\u00eames bases, dans un stade qu\u2019il conna\u00eet bien. L\u2019ancien Rennais est finalement pass\u00e9 \u00e0 c\u00f4t\u00e9 de son match. Titularis\u00e9 dans l\u2019axe de l\u2019attaque olympienne, l\u2019international alg\u00e9rien n\u2019a pas exist\u00e9. Idem apr\u00e8s son passage sur l\u2019aile gauche, au moment de l\u2019entr\u00e9e d\u2019Aubameyang. Les chiffres de son match sont \u00e9loquents. Avec seulement une frappe cadr\u00e9e sur trois, aucun dribble r\u00e9ussi et pas un seul duel remport\u00e9. Attendu au tournant cette saison, le joueur de 25 ans doit clairement une revanche \u00e0 son \u00e9quipe.<\/p>\n<p><strong>A\u00eft Boudlal voit rouge\u00a0<\/strong><\/p>\n<p class=\"fig-paragraph\">Une rentr\u00e9e des classes aux allures de cauchemar pour Abdelhamid A\u00eft Boudlal. Pr\u00e9f\u00e9r\u00e9 \u00e0 Faye au sein d\u2019une d\u00e9fense axiale \u00e0 trois, le jeune Rennais a jou\u00e9 un vilain tour \u00e0 sa propre \u00e9quipe en \u00e9copant du premier carton rouge de la saison, juste avant la demi-heure de jeu. Et pourtant, sa semelle dangereuse sur Murillo a d\u2019abord \u00e9chapp\u00e9 \u00e0 l\u2019arbitre, qui a d\u00e9cid\u00e9 d\u2019avertir Frankowski dans une totale confusion. Mais l\u2019espoir marocain a finalement \u00e9t\u00e9 rattrap\u00e9 par la patrouille. Et l\u2019impitoyable Var. Expuls\u00e9 apr\u00e8s visionnage des images, le joueur est rentr\u00e9 aux vestiaires t\u00eate basse, les larmes aux yeux. La victoire arrach\u00e9e au courage par son \u00e9quipe devrait le r\u00e9conforter. En partie.<\/p>\n<p>                                    <a class=\"fig-a11y-skip a11y-hidden\" href=\"#fig-a11y-skip-main-inarticle_mtf\"><br \/>\n        Passer la publicit\u00e9<br \/>\n    <\/a><\/p>\n<p>Meit\u00e9, un match hors-jeu<\/p>\n<p class=\"fig-paragraph\">Victime collat\u00e9rale de l\u2019expulsion d\u2019A\u00eft Boudlal, Mohamed Meit\u00e9 a lui aussi quitt\u00e9 pr\u00e9matur\u00e9ment la pelouse du Roazhon Park. Habid Beye a d\u00e9cid\u00e9 de sacrifier son jeune attaquant, afin de permettre \u00e0 Wooh de renforcer la d\u00e9fense bretonne. Un choix pas franchement illogique. Associ\u00e9 \u00e0 Al-Tamari pendant trente-cinq minutes, le natif de Cr\u00e9teil n\u2019a montr\u00e9 grand-chose. Il s\u2019est surtout illustr\u00e9 en se faisant prendre au pi\u00e8ge du hors-jeu \u00e0 trois reprises pendant le premier quart d\u2019heure. Pas dans le bon tempo, et facilement ma\u00eetris\u00e9 par le duo Balerdi-Kondogbia.<\/p>\n","protected":false},"excerpt":{"rendered":"L\u2019OM a manqu\u00e9 ses d\u00e9buts dans cette nouvelle saison en s\u2019inclinant \u00e0 Rennes (1-0). Retrouvez les tops et&hellip;\n","protected":false},"author":2,"featured_media":322062,"comment_status":"","ping_status":"","sticky":false,"template":"","format":"standard","meta":{"footnotes":""},"categories":[2814],"tags":[1111,11,15361,1777,674,1011,27,884,12,1176,882,25,3087],"class_list":{"0":"post-322061","1":"post","2":"type-post","3":"status-publish","4":"format-standard","5":"has-post-thumbnail","7":"category-marseille","8":"tag-actu","9":"tag-actualites","10":"tag-amine-gouiri","11":"tag-eu","12":"tag-europe","13":"tag-fr","14":"tag-france","15":"tag-marseille","16":"tag-news","17":"tag-olympique-de-marseille","18":"tag-provence-alpes-cote-dazur","19":"tag-republique-francaise","20":"tag-stade-rennais"},"share_on_mastodon":{"url":"https:\/\/pubeurope.com\/@fr\/115036272904380453","error":""},"_links":{"self":[{"href":"https:\/\/www.europesays.com\/fr\/wp-json\/wp\/v2\/posts\/322061","targetHints":{"allow":["GET"]}}],"collection":[{"href":"https:\/\/www.europesays.com\/fr\/wp-json\/wp\/v2\/posts"}],"about":[{"href":"https:\/\/www.europesays.com\/fr\/wp-json\/wp\/v2\/types\/post"}],"author":[{"embeddable":true,"href":"https:\/\/www.europesays.com\/fr\/wp-json\/wp\/v2\/users\/2"}],"replies":[{"embeddable":true,"href":"https:\/\/www.europesays.com\/fr\/wp-json\/wp\/v2\/comments?post=322061"}],"version-history":[{"count":0,"href":"https:\/\/www.europesays.com\/fr\/wp-json\/wp\/v2\/posts\/322061\/revisions"}],"wp:featuredmedia":[{"embeddable":true,"href":"https:\/\/www.europesays.com\/fr\/wp-json\/wp\/v2\/media\/322062"}],"wp:attachment":[{"href":"https:\/\/www.europesays.com\/fr\/wp-json\/wp\/v2\/media?parent=322061"}],"wp:term":[{"taxonomy":"category","embeddable":true,"href":"https:\/\/www.europesays.com\/fr\/wp-json\/wp\/v2\/categories?post=322061"},{"taxonomy":"post_tag","embeddable":true,"href":"https:\/\/www.europesays.com\/fr\/wp-json\/wp\/v2\/tags?post=322061"}],"curies":[{"name":"wp","href":"https:\/\/api.w.org\/{rel}","templated":true}]}}