{"id":322067,"date":"2025-08-16T03:20:18","date_gmt":"2025-08-16T03:20:18","guid":{"rendered":"https:\/\/www.europesays.com\/fr\/322067\/"},"modified":"2025-08-16T03:20:18","modified_gmt":"2025-08-16T03:20:18","slug":"un-randonneur-meurt-apres-avoir-ete-mordu-par-un-serpent-venimeux-quil-venait-de-ramasser-dans-le-tennessee","status":"publish","type":"post","link":"https:\/\/www.europesays.com\/fr\/322067\/","title":{"rendered":"Un randonneur meurt apr\u00e8s avoir \u00e9t\u00e9 mordu par un serpent venimeux qu\u2019il venait de ramasser dans le Tennessee"},"content":{"rendered":"<p class=\"paragraph text_align_left lp-f-body-02\">Un <a href=\"https:\/\/www.leparisien.fr\/societe\/un-randonneur-survit-a-un-eboulement-dans-les-dolomites-mais-ecope-dune-amende-de-14-000-euros-pour-non-respect-des-panneaux-04-08-2025-R3BQFAYHP5B77MMZB5MCU4V4YU.php\" target=\"_blank\" rel=\"noreferrer nofollow noopener\">randonneur<\/a> est d\u00e9c\u00e9d\u00e9 vendredi 8 ao\u00fbt dernier apr\u00e8s avoir \u00e9t\u00e9 mordu par un serpent venimeux dans le parc d\u2019\u00c9tat de Savage Gulf, dans le Tennessee, rapporte <a href=\"https:\/\/www.cbsnews.com\/news\/tennessee-hiker-dies-rattlesnake-bite-savage-gulf-state-park\/\" target=\"_blank\" rel=\"noreferrer nofollow noopener\">CBS News<\/a>.<\/p>\n<p class=\"paragraph text_align_left lp-f-body-02\">L\u2019homme dont l\u2019identit\u00e9 n\u2019a pas \u00e9t\u00e9 d\u00e9voil\u00e9e se trouvait \u00e0 environ 800 m sur le sentier lorsque les premiers intervenants dont des <a href=\"https:\/\/www.leparisien.fr\/paris-75\/agressions-suractivite-les-sapeurs-pompiers-de-paris-face-a-la-surchauffe-21-03-2025-TFAOUKIIERDR5LTMBHVBBPYA2A.php\" target=\"_blank\" rel=\"noreferrer nofollow noopener\">pompiers<\/a>, des secouristes, des membres des services m\u00e9dicaux d\u2019urgence et des gardes forestiers, sont arriv\u00e9s sur place pour le prendre en charge vers 12h30 heure locale, rapporte le m\u00e9dia am\u00e9ricain.<\/p>\n<p class=\"paragraph text_align_left lp-f-body-02\">Matthew Griffith, le directeur de l\u2019Agence de gestion des urgences du comt\u00e9 de Grundy, a d\u00e9clar\u00e9 qu\u2019un t\u00e9moin avait rapport\u00e9 que l\u2019homme avait ramass\u00e9 un <a href=\"https:\/\/www.leparisien.fr\/pyrenees-atlantiques-64\/pyrenees-un-homme-dans-un-etat-grave-apres-une-morsure-de-serpent-pendant-sa-sieste-12-08-2024-OMWII3O2ZZGAHAJMXPSPV2JSLE.php\" target=\"_blank\" rel=\"noreferrer nofollow noopener\">serpent<\/a> sur le sentier avant que le reptile ne le morde au niveau de la main. Le reptile en question est probablement d\u2019un crotale des bois, a pr\u00e9cis\u00e9 Matthew Griffith.<\/p>\n<p class=\"paragraph text_align_left lp-f-body-02\">Le randonneur a \u00e9t\u00e9 transport\u00e9 dans un h\u00f4pital de la r\u00e9gion et est d\u00e9c\u00e9d\u00e9 des suites de ses blessures. Matthew Griffith a indiqu\u00e9 que le randonneur semble \u00eatre <a href=\"https:\/\/www.leparisien.fr\/societe\/sante\/mort-de-michel-blanc-quest-ce-quun-choc-anaphylactique-04-10-2024-3TVV64765FDSZD7LIJR74O5QGE.php\" target=\"_blank\" rel=\"noreferrer nofollow noopener\">d\u00e9c\u00e9d\u00e9 d\u2019une r\u00e9action allergiqu<\/a>e, m\u00eame si la cause officielle du d\u00e9c\u00e8s du randonneur n\u2019a pas encore \u00e9t\u00e9 r\u00e9v\u00e9l\u00e9e.<\/p>\n<p class=\"lp-card-podcast-highlighting__title  lp-f-subtitle-05\">[3\/4] C\u00e9cile Vallin, les secrets d\u2019une disparition <\/p>\n<p class=\"lp-card-podcast-highlighting__description lp-f-ui-05\">Crime story raconte chaque semaine les grandes affaires criminelles.<\/p>\n<p><a class=\"lp-card-podcast-highlighting__call-to-action\" data-page-type=\"HP\" data-block-name=\"podcast-highlight\">\u00c9couter<\/a>Un serpent placide<\/p>\n<p class=\"paragraph text_align_left lp-f-body-02\">\u00ab Nos pens\u00e9es et nos pri\u00e8res accompagnent la famille de cette personne \u00bb, a d\u00e9clar\u00e9 Matthew Griffith. \u00ab Comme toujours, il est fortement recommand\u00e9 d\u2019avoir une trousse de premiers soins lorsqu\u2019on pratique des activit\u00e9s de plein air, d\u2019\u00eatre conscient de la faune et des dangers potentiels qu\u2019elle repr\u00e9sente. Si vous rencontrez un serpent, restez calme et ne tentez pas de le manipuler. En cas de morsure, consultez imm\u00e9diatement un m\u00e9decin. \u00bb<\/p>\n<p class=\"paragraph text_align_left lp-f-body-02\">Le crotale des bois est un serpent mesurant entre 90 et 150 cm de long avec une t\u00eate plate plus large que le cou. Ils sont du plus grand et du plus dangereux des quatre esp\u00e8ces de serpents venimeux pr\u00e9sents dans le Tennessee, <a href=\"https:\/\/www.tn.gov\/twra\/wildlife\/reptiles\/snakes\/timber-rattlesnake.html\" rel=\"nofollow noopener\" target=\"_blank\">selon l\u2019Agence des ressources fauniques de l\u2019\u00c9tat<\/a>.<\/p>\n<p class=\"paragraph text_align_left lp-f-body-02\">Son venin est nocif et peut \u00eatre mortel pour les humains, m\u00eame si les cas d\u2019humains victimes d\u2019une attaque sont rares, compte tenu la nature plut\u00f4t placide du crotale des bois, rapporte le <a href=\"https:\/\/www.canada.ca\/fr\/environnement-changement-climatique\/services\/registre-public-especes-peril\/programmes-retablissement\/crotale-bois-2010.html\" target=\"_blank\" rel=\"noreferrer nofollow noopener\">site du gouvernement canadien<\/a>.<\/p>\n","protected":false},"excerpt":{"rendered":"Un randonneur est d\u00e9c\u00e9d\u00e9 vendredi 8 ao\u00fbt dernier apr\u00e8s avoir \u00e9t\u00e9 mordu par un serpent venimeux dans le&hellip;\n","protected":false},"author":2,"featured_media":322068,"comment_status":"","ping_status":"","sticky":false,"template":"","format":"standard","meta":{"footnotes":""},"categories":[1888],"tags":[1111,1928,11,1927,1777,674,118,1011,27,12,1926,626,1925,25],"class_list":{"0":"post-322067","1":"post","2":"type-post","3":"status-publish","4":"format-standard","5":"has-post-thumbnail","7":"category-paris","8":"tag-actu","9":"tag-actu-paris","10":"tag-actualites","11":"tag-actualites-paris","12":"tag-eu","13":"tag-europe","14":"tag-faits-divers","15":"tag-fr","16":"tag-france","17":"tag-news","18":"tag-news-paris","19":"tag-paris","20":"tag-paris-news","21":"tag-republique-francaise"},"share_on_mastodon":{"url":"https:\/\/pubeurope.com\/@fr\/115036292682012562","error":""},"_links":{"self":[{"href":"https:\/\/www.europesays.com\/fr\/wp-json\/wp\/v2\/posts\/322067","targetHints":{"allow":["GET"]}}],"collection":[{"href":"https:\/\/www.europesays.com\/fr\/wp-json\/wp\/v2\/posts"}],"about":[{"href":"https:\/\/www.europesays.com\/fr\/wp-json\/wp\/v2\/types\/post"}],"author":[{"embeddable":true,"href":"https:\/\/www.europesays.com\/fr\/wp-json\/wp\/v2\/users\/2"}],"replies":[{"embeddable":true,"href":"https:\/\/www.europesays.com\/fr\/wp-json\/wp\/v2\/comments?post=322067"}],"version-history":[{"count":0,"href":"https:\/\/www.europesays.com\/fr\/wp-json\/wp\/v2\/posts\/322067\/revisions"}],"wp:featuredmedia":[{"embeddable":true,"href":"https:\/\/www.europesays.com\/fr\/wp-json\/wp\/v2\/media\/322068"}],"wp:attachment":[{"href":"https:\/\/www.europesays.com\/fr\/wp-json\/wp\/v2\/media?parent=322067"}],"wp:term":[{"taxonomy":"category","embeddable":true,"href":"https:\/\/www.europesays.com\/fr\/wp-json\/wp\/v2\/categories?post=322067"},{"taxonomy":"post_tag","embeddable":true,"href":"https:\/\/www.europesays.com\/fr\/wp-json\/wp\/v2\/tags?post=322067"}],"curies":[{"name":"wp","href":"https:\/\/api.w.org\/{rel}","templated":true}]}}