{"id":322077,"date":"2025-08-16T03:25:12","date_gmt":"2025-08-16T03:25:12","guid":{"rendered":"https:\/\/www.europesays.com\/fr\/322077\/"},"modified":"2025-08-16T03:25:12","modified_gmt":"2025-08-16T03:25:12","slug":"sommet-sur-lukraine-la-poignee-de-main-historique-entre-vladimir-poutine-et-donald-trump","status":"publish","type":"post","link":"https:\/\/www.europesays.com\/fr\/322077\/","title":{"rendered":"Sommet sur l&rsquo;Ukraine : la poign\u00e9e de main historique entre Vladimir Poutine et Donald Trump"},"content":{"rendered":"<p class=\"article-p mdl\">L&rsquo;image est historique. Sur le tarmac de l&rsquo;immense base militaire d&rsquo;Elmendorf-Richardson, en Alaska, le pr\u00e9sident am\u00e9ricain <strong>Donald Trump a accueilli, ce vendredi 15 ao\u00fbt, son homologue russe Vladimir Poutine<\/strong>, avant de d\u00e9buter un sommet qui scellera, peut-\u00eatre, le sort de l&rsquo;Ukraine.\u00a0<\/p>\n<p class=\"article-p mdl\">Les deux dirigeants<strong> se sont serr\u00e9s la main chaleureusement<\/strong>, \u00e9changeant alors quelques mots. Donald Trump a m\u00eame applaudi bri\u00e8vement son homologue. Ils ont ensuite march\u00e9 le long d&rsquo;un tapis rouge bord\u00e9 de militaires, avant de poser pour les photographes.<\/p>\n<p class=\"article-p mdl\">Peu apr\u00e8s, ils ont \u00e9chang\u00e9 <strong>une deuxi\u00e8me\u00a0poign\u00e9e\u00a0de main devant un podium \u00ab\u00a0Alaska 2025\u00a0\u00bb<\/strong>.<\/p>\n<p class=\"article-p mdl\">Chose rare, <strong>Vladimir Poutine est ensuite mont\u00e9 dans la voiture blind\u00e9e de Donald Trump<\/strong>, surnomm\u00e9e \u00ab\u00a0The Beast\u00a0\u00bb, pour rejoindre un b\u00e2timent de la base, o\u00f9 les deux hommes,\u00a0assis et flanqu\u00e9s de leurs conseillers, ont \u00e0 nouveau bri\u00e8vement pos\u00e9 devant la presse, avant de s&rsquo;informer pour la r\u00e9union.<\/p>\n<blockquote class=\"twitter-tweet\">\n<p lang=\"fr\" dir=\"ltr\">\ud83d\udd34 Une poign\u00e9e de main historique. Donald Trump et Vladimir Poutine sont arriv\u00e9s \u00e0 l&rsquo;a\u00e9roport militaire d&rsquo;Elmendorf-Richardson en Alaska. Ils sont mont\u00e9s dans la m\u00eame voiture, celle du pr\u00e9sident am\u00e9ricain, pour rejoindre le lieu o\u00f9 ils \u00e9changeront. <a href=\"https:\/\/twitter.com\/RTLFrance?ref_src=twsrc%5Etfw\" target=\"_blank\" rel=\"noopener\">@RTLFrance<\/a> <a href=\"https:\/\/t.co\/ugAHvdIDh9\">pic.twitter.com\/ugAHvdIDh9<\/a><\/p>\n<p>\u2014 M6 Info (@m6info) <a href=\"https:\/\/twitter.com\/m6info\/status\/1956436326552617219?ref_src=twsrc%5Etfw\" target=\"_blank\" rel=\"noopener\">August 15, 2025<\/a><\/p><\/blockquote>\n<p class=\"article-p mdl\">Sur les r\u00e9seaux sociaux, la sc\u00e8ne de la poign\u00e9e de main a <strong>imm\u00e9diatement \u00e9t\u00e9 critiqu\u00e9e par des opposants<\/strong> au pr\u00e9sident am\u00e9ricain comme marquant une d\u00e9f\u00e9rence trop grande face au ma\u00eetre du Kremlin. Les partisans de Donald Trump y ont au contraire lu une<strong> volont\u00e9 d&rsquo;impressionner le pr\u00e9sident russe<\/strong>, r\u00e9put\u00e9 \u00eatre expert de la pression psychologique, avec la puissance militaire am\u00e9ricaine.<\/p>\n<p class=\"article-p mdl\">La Maison Blanche a d&rsquo;ailleurs partag\u00e9, sur X, le moment de l&rsquo;arriv\u00e9e de Vladimir Poutine et de sa poign\u00e9e de main avec Donald Trump. Cependant, les <strong>applaudissements du pr\u00e9sident am\u00e9ricain n&rsquo;apparaissent pas<\/strong> dans la vid\u00e9o.<\/p>\n<p class=\"article-p mdl\">Le pr\u00e9sident am\u00e9ricain a offert \u00e0 son homologue russe un <strong>retour soigneusement chor\u00e9graphi\u00e9 sur la sc\u00e8ne diplomatique<\/strong>, plus de trois ans apr\u00e8s l&rsquo;invasion russe, qui a d\u00e9clench\u00e9 le plus sanglant conflit en Europe depuis la Seconde Guerre mondiale.<\/p>\n<p>    La r\u00e9daction vous recommande<\/p>\n<p class=\"s-newsletter__title\">\n                L\u2019actualit\u00e9 par la r\u00e9daction de RTL dans votre bo\u00eete mail.\n            <\/p>\n<p class=\"s-newsletter__subtitle\">\n                Gr\u00e2ce \u00e0 votre compte RTL abonnez-vous \u00e0 la newsletter RTL info pour suivre toute l&rsquo;actualit\u00e9 au quotidien\n            <\/p>\n<p>\n                                    Lire la suite\n                                <\/p>\n<p>                            <script async src=\"https:\/\/platform.twitter.com\/widgets.js\" charset=\"utf-8\"><\/script><\/p>\n","protected":false},"excerpt":{"rendered":"L&rsquo;image est historique. Sur le tarmac de l&rsquo;immense base militaire d&rsquo;Elmendorf-Richardson, en Alaska, le pr\u00e9sident am\u00e9ricain Donald Trump&hellip;\n","protected":false},"author":2,"featured_media":322078,"comment_status":"","ping_status":"","sticky":false,"template":"","format":"standard","meta":{"footnotes":""},"categories":[1590],"tags":[11,36796,75,73,1777,674,107,1146,131,14,12,132,220,135],"class_list":{"0":"post-322077","1":"post","2":"type-post","3":"status-publish","4":"format-standard","5":"has-post-thumbnail","7":"category-ukraine","8":"tag-actualites","9":"tag-alaska","10":"tag-donald-trump","11":"tag-etats-unis","12":"tag-eu","13":"tag-europe","14":"tag-fil-info","15":"tag-guerre","16":"tag-guerre-en-ukraine","17":"tag-international","18":"tag-news","19":"tag-russie","20":"tag-ukraine","21":"tag-vladimir-poutine"},"share_on_mastodon":{"url":"https:\/\/pubeurope.com\/@fr\/115036312903580119","error":""},"_links":{"self":[{"href":"https:\/\/www.europesays.com\/fr\/wp-json\/wp\/v2\/posts\/322077","targetHints":{"allow":["GET"]}}],"collection":[{"href":"https:\/\/www.europesays.com\/fr\/wp-json\/wp\/v2\/posts"}],"about":[{"href":"https:\/\/www.europesays.com\/fr\/wp-json\/wp\/v2\/types\/post"}],"author":[{"embeddable":true,"href":"https:\/\/www.europesays.com\/fr\/wp-json\/wp\/v2\/users\/2"}],"replies":[{"embeddable":true,"href":"https:\/\/www.europesays.com\/fr\/wp-json\/wp\/v2\/comments?post=322077"}],"version-history":[{"count":0,"href":"https:\/\/www.europesays.com\/fr\/wp-json\/wp\/v2\/posts\/322077\/revisions"}],"wp:featuredmedia":[{"embeddable":true,"href":"https:\/\/www.europesays.com\/fr\/wp-json\/wp\/v2\/media\/322078"}],"wp:attachment":[{"href":"https:\/\/www.europesays.com\/fr\/wp-json\/wp\/v2\/media?parent=322077"}],"wp:term":[{"taxonomy":"category","embeddable":true,"href":"https:\/\/www.europesays.com\/fr\/wp-json\/wp\/v2\/categories?post=322077"},{"taxonomy":"post_tag","embeddable":true,"href":"https:\/\/www.europesays.com\/fr\/wp-json\/wp\/v2\/tags?post=322077"}],"curies":[{"name":"wp","href":"https:\/\/api.w.org\/{rel}","templated":true}]}}