{"id":322081,"date":"2025-08-16T03:27:10","date_gmt":"2025-08-16T03:27:10","guid":{"rendered":"https:\/\/www.europesays.com\/fr\/322081\/"},"modified":"2025-08-16T03:27:10","modified_gmt":"2025-08-16T03:27:10","slug":"le-royaume-uni-annonce-son-soutien-a-lukraine-avant-le-sommet-trump-poutine-en-alaska","status":"publish","type":"post","link":"https:\/\/www.europesays.com\/fr\/322081\/","title":{"rendered":"Le Royaume-Uni annonce son soutien \u00e0 l&rsquo;Ukraine avant le sommet Trump-Poutine en Alaska"},"content":{"rendered":"<p>Dans une position qui refl\u00e8te son engagement continu \u00e0 soutenir Kiev, le ministre britannique des Affaires \u00e9trang\u00e8res David Lammy a d\u00e9clar\u00e9 hier vendredi que le Royaume-Uni se tenait fermement aux c\u00f4t\u00e9s de l&rsquo;Ukraine en \u00ab\u00a0un jour important pour son avenir et pour la s\u00e9curit\u00e9 de l&rsquo;Europe atlantique\u00a0\u00bb.<\/p>\n<p>Dans un post sur son compte sur la plateforme \u00ab\u00a0X\u00a0\u00bb, Lammy a pr\u00e9cis\u00e9 qu&rsquo;il avait renouvel\u00e9 le soutien permanent de Londres et son engagement lors d&rsquo;un appel t\u00e9l\u00e9phonique avec le ministre ukrainien des Affaires \u00e9trang\u00e8res Andriy Sybiha, soulignant l&rsquo;importance de la coop\u00e9ration avec les \u00c9tats-Unis pour garantir un accord de paix juste et durable en Ukraine.<\/p>\n<p><strong>* Les yeux du monde se tournent vers l&rsquo;Alaska : Trump et Poutine face \u00e0 face<\/strong><\/p>\n<p>Ces d\u00e9clarations interviennent alors que l&rsquo;attention se porte sur un sommet tr\u00e8s attendu r\u00e9unissant le pr\u00e9sident am\u00e9ricain Donald Trump et son homologue russe Vladimir Poutine, dans la ville d&rsquo;Anchorage en Alaska, plus tard hier vendredi, avec des attentes selon lesquelles la guerre en Ukraine serait au c\u0153ur des discussions.<\/p>\n<p>Le porte-parole du Kremlin Dmitri Peskov a d\u00e9clar\u00e9 dans des commentaires \u00e0 la t\u00e9l\u00e9vision officielle russe que le sommet pourrait durer \u00ab\u00a0au moins 6 \u00e0 7 heures\u00a0\u00bb, incluant une r\u00e9union ferm\u00e9e entre les deux dirigeants, suivie d&rsquo;une rencontre \u00e9largie entre les d\u00e9l\u00e9gations, puis d&rsquo;une conf\u00e9rence de presse conjointe.<\/p>\n<p>Peskov a ajout\u00e9 qu&rsquo;il y avait une possibilit\u00e9 de tenir une r\u00e9union trilat\u00e9rale par la suite, incluant le pr\u00e9sident ukrainien Volodymyr Zelensky, si les n\u00e9gociations bilat\u00e9rales progressaient de mani\u00e8re significative.<\/p>\n<p><strong>* Premier sommet am\u00e9ricano-russe depuis plus de 4 ans<\/strong><\/p>\n<p>Ce sommet est le premier du genre entre les pr\u00e9sidents des \u00c9tats-Unis et de la Russie depuis plus de quatre ans, ce qui lui conf\u00e8re une importance consid\u00e9rable, non seulement pour l&rsquo;Ukraine et la Russie, mais aussi pour Washington et les capitales europ\u00e9ennes qui suivent de pr\u00e8s le d\u00e9roulement de la rencontre.<\/p>\n<p>Le sommet doit commencer \u00e0 11h30, heure de l&rsquo;Alaska (19h30, heure de Greenwich), \u00e0 la base militaire \u00ab\u00a0Elmendorf-Richardson\u00a0\u00bb \u00e0 Anchorage, dans un contexte de s\u00e9curit\u00e9 renforc\u00e9e et d&rsquo;attente internationale large concernant ses r\u00e9sultats potentiels.<\/p>\n","protected":false},"excerpt":{"rendered":"Dans une position qui refl\u00e8te son engagement continu \u00e0 soutenir Kiev, le ministre britannique des Affaires \u00e9trang\u00e8res David&hellip;\n","protected":false},"author":2,"featured_media":322082,"comment_status":"","ping_status":"","sticky":false,"template":"","format":"standard","meta":{"footnotes":""},"categories":[1588],"tags":[11,45969,1777,674,12,316,473,1853,1851,1850,1852],"class_list":{"0":"post-322081","1":"post","2":"type-post","3":"status-publish","4":"format-standard","5":"has-post-thumbnail","7":"category-royaume-uni","8":"tag-actualites","9":"tag-actualites-mondiales","10":"tag-eu","11":"tag-europe","12":"tag-news","13":"tag-politique","14":"tag-royaume-uni","15":"tag-royaume-uni-de-grande-bretagne-et-dirlande-du-nord","16":"tag-uk","17":"tag-united-kingdom","18":"tag-united-kingdom-of-great-britain-and-northern-ireland"},"share_on_mastodon":{"url":"","error":""},"_links":{"self":[{"href":"https:\/\/www.europesays.com\/fr\/wp-json\/wp\/v2\/posts\/322081","targetHints":{"allow":["GET"]}}],"collection":[{"href":"https:\/\/www.europesays.com\/fr\/wp-json\/wp\/v2\/posts"}],"about":[{"href":"https:\/\/www.europesays.com\/fr\/wp-json\/wp\/v2\/types\/post"}],"author":[{"embeddable":true,"href":"https:\/\/www.europesays.com\/fr\/wp-json\/wp\/v2\/users\/2"}],"replies":[{"embeddable":true,"href":"https:\/\/www.europesays.com\/fr\/wp-json\/wp\/v2\/comments?post=322081"}],"version-history":[{"count":0,"href":"https:\/\/www.europesays.com\/fr\/wp-json\/wp\/v2\/posts\/322081\/revisions"}],"wp:featuredmedia":[{"embeddable":true,"href":"https:\/\/www.europesays.com\/fr\/wp-json\/wp\/v2\/media\/322082"}],"wp:attachment":[{"href":"https:\/\/www.europesays.com\/fr\/wp-json\/wp\/v2\/media?parent=322081"}],"wp:term":[{"taxonomy":"category","embeddable":true,"href":"https:\/\/www.europesays.com\/fr\/wp-json\/wp\/v2\/categories?post=322081"},{"taxonomy":"post_tag","embeddable":true,"href":"https:\/\/www.europesays.com\/fr\/wp-json\/wp\/v2\/tags?post=322081"}],"curies":[{"name":"wp","href":"https:\/\/api.w.org\/{rel}","templated":true}]}}