{"id":322084,"date":"2025-08-16T03:29:11","date_gmt":"2025-08-16T03:29:11","guid":{"rendered":"https:\/\/www.europesays.com\/fr\/322084\/"},"modified":"2025-08-16T03:29:11","modified_gmt":"2025-08-16T03:29:11","slug":"la-croissance-sessouffle-en-europe-la-reprise-sest-elle-deja-terminee","status":"publish","type":"post","link":"https:\/\/www.europesays.com\/fr\/322084\/","title":{"rendered":"La croissance s&rsquo;essouffle en Europe : la reprise s&rsquo;est-elle d\u00e9j\u00e0 termin\u00e9e\u00a0?"},"content":{"rendered":"<p>          <img decoding=\"async\" class=\"c-ad__placeholder__logo\" src=\"https:\/\/static.euronews.com\/website\/images\/logos\/logo-euronews-stacked-outlined-72x72-grey-9.svg\" width=\"72\" height=\"72\" alt=\"\" loading=\"lazy\"\/><br \/>\n          PUBLICIT\u00c9<\/p>\n<p>L&rsquo;\u00e9lan \u00e9conomique de l&rsquo;Europe s&rsquo;est pratiquement arr\u00eat\u00e9 au deuxi\u00e8me trimestre 2025, avec une croissance \u00e0 peine enregistr\u00e9e et une chute brutale de la production industrielle, suscitant des inqui\u00e9tudes quant \u00e0 l&rsquo;essoufflement de la reprise dans la r\u00e9gion.<\/p>\n<p>Selon la deuxi\u00e8me estimation d&rsquo;Eurostat publi\u00e9e jeudi, le PIB corrig\u00e9 des variations saisonni\u00e8res de la zone euro a augment\u00e9 de seulement 0,1 % au cours des trois mois qui se sont termin\u00e9s en juin, sans changement par rapport \u00e0 la premi\u00e8re estimation rapide. L&rsquo;Union europ\u00e9enne (UE) au sens large a enregistr\u00e9 une croissance de 0,2%, \u00e9galement en ligne avec les estimations pr\u00e9c\u00e9dentes.<\/p>\n<p>Ces chiffres marquent un net ralentissement par rapport au solide premier trimestre, au cours duquel le PIB avait augment\u00e9 de 0,6 % dans la zone euro et de 0,5 % dans l&rsquo;ensemble de l&rsquo;UE gr\u00e2ce \u00e0 une forte croissance des exportations.<\/p>\n<p>En revanche, l&rsquo;\u00e9conomie des \u00c9tats-Unis a fortement rebondi, affichant une croissance trimestrielle de 0,7 % apr\u00e8s une l\u00e9g\u00e8re contraction au premier trimestre. Sur une base annuelle, le PIB de la zone euro a augment\u00e9 de 1,4 %, loin derri\u00e8re le rythme de 2,0 % de Washington.<\/p>\n<p>Des performances nationales divergentes<\/p>\n<p>Au-del\u00e0 des chiffres globaux, la reprise reste tr\u00e8s in\u00e9gale au sein de l&rsquo;Union.<\/p>\n<p>L&rsquo;Espagne a pris la t\u00eate du peloton avec une croissance trimestrielle de 0,7 %, aliment\u00e9e par une forte demande int\u00e9rieure et des investissements en capital. Le Portugal a suivi avec un gain de 0,6 %, tandis que la France a r\u00e9ussi une modeste expansion de 0,3 %.<\/p>\n<p>Cependant, l&rsquo;Allemagne et l&rsquo;Italie, les plus grandes et troisi\u00e8mes \u00e9conomies de la zone euro, ont toutes deux recul\u00e9 de 0,1 %.<\/p>\n<p>Pour l&rsquo;Allemagne, la contraction refl\u00e8te la faiblesse persistante des investissements, en particulier dans la <a href=\"https:\/\/fr.euronews.com\/business\/2025\/05\/26\/le-beton-fait-peau-neuve-et-pourrait-reduire-le-cout-du-logement-en-europe\" target=\"_blank\" rel=\"noopener\"><strong>construction<\/strong><\/a> et les biens d&rsquo;\u00e9quipement, tandis que la production italienne a souffert de la faiblesse de la consommation et du ralentissement de l&rsquo;activit\u00e9 industrielle.<\/p>\n<p>L&rsquo;Irlande a connu la plus forte baisse, avec une contraction de la production de 1 %.<\/p>\n<p>Ailleurs dans l&rsquo;UE, la croissance a \u00e9t\u00e9 plus robuste en Europe de l&rsquo;Est, la Roumanie et la Pologne progressant respectivement de 1,2 % et de 0,8 %, gr\u00e2ce \u00e0 la r\u00e9sistance de la demande int\u00e9rieure et aux apports du programme \u00ab\u00a0Next Generation EU\u00a0\u00bb (NGEU).<\/p>\n<p>Le ralentissement industriel assombrit les perspectives<\/p>\n<p>Pour ajouter aux inqui\u00e9tudes, la production industrielle dans la zone euro a chut\u00e9 de 1,3 % en juin, annulant la hausse de 1,1 % enregistr\u00e9e en mai et d\u00e9passant les attentes d&rsquo;une baisse plus mod\u00e9r\u00e9e de 1 %.<\/p>\n<p>La baisse a \u00e9t\u00e9 g\u00e9n\u00e9ralis\u00e9e, la production de biens d&rsquo;\u00e9quipement ayant diminu\u00e9 de 2,2 % et les biens de consommation non durables ayant chut\u00e9 de 4,7 %.<\/p>\n<p>Dans l&rsquo;UE \u00e9largie, la production a baiss\u00e9 de 1 %. Parmi les \u00c9tats membres, l&rsquo;Irlande a enregistr\u00e9 la plus forte baisse mensuelle de la production industrielle (-11,3 %), suivie du Portugal et de la Lituanie.<\/p>\n<p>En revanche, la Belgique, la France et la Su\u00e8de ont enregistr\u00e9 des gains notables.<\/p>\n<p>Les \u00c9tats-Unis d\u00e9passent l&rsquo;Europe, mais le sentiment change<\/p>\n<p>Alors que la zone euro reste \u00e0 la tra\u00eene des \u00c9tats-Unis en termes de croissance de la production et de la productivit\u00e9, Goldman Sachs estime que le sentiment est en train de changer en faveur de l&rsquo;Europe.<\/p>\n<p>Les \u00e9conomistes Giovanni Pierdomenico et Sven Jari Stehn notent que l&rsquo;orientation de la politique budg\u00e9taire de l&rsquo;Allemagne et l&rsquo;incertitude macro\u00e9conomique accrue aux \u00c9tats-Unis contribuent \u00e0 modifier l&rsquo;attitude des investisseurs.<\/p>\n<p><strong>Goldman Sachs a relev\u00e9 de 1,2 % ses pr\u00e9visions de croissance pour la zone euro en 2027 depuis le d\u00e9but de l&rsquo;ann\u00e9e, tout en abaissant de 1,7 % ses projections pour les \u00c9tats-Unis au cours de la m\u00eame p\u00e9riode.<\/strong><\/p>\n<p>Les flux de portefeuille vers l&rsquo;Europe ont repris et l&rsquo;euro s&rsquo;est consid\u00e9rablement renforc\u00e9 par rapport au dollar.<\/p>\n<p>D\u00e9fis et opportunit\u00e9s \u00e0 long terme pour l&rsquo;Europe<\/p>\n<p>Malgr\u00e9 l&rsquo;am\u00e9lioration de l&rsquo;humeur, l&rsquo;Europe reste confront\u00e9e \u00e0 de profonds d\u00e9fis structurels.<\/p>\n<p>Les <a href=\"https:\/\/fr.euronews.com\/business\/2025\/08\/13\/lue-signe-un-pret-de-500-millions-deuros-pour-preserver-la-securite-energetique-de-lukrain\" target=\"_blank\" rel=\"noopener\"><strong>co\u00fbts<\/strong><\/a> \u00e9lev\u00e9s de l&rsquo;\u00e9nergie, en particulier du gaz et de l&rsquo;\u00e9lectricit\u00e9, continuent d&rsquo;\u00e9roder la comp\u00e9titivit\u00e9.<\/p>\n<p>La faiblesse des investissements dans les secteurs \u00e0 forte croissance, la fragmentation r\u00e9glementaire et l&rsquo;atonie des gains de productivit\u00e9 p\u00e8sent \u00e9galement sur le potentiel.<\/p>\n<p>En outre, la Chine, qui \u00e9tait autrefois un march\u00e9 d&rsquo;exportation cl\u00e9, est devenue un concurrent de plus en plus important, r\u00e9duisant la base manufacturi\u00e8re de l&rsquo;Europe.<\/p>\n<p>Il existe toutefois des raisons d&rsquo;\u00eatre optimiste. L&rsquo;augmentation des investissements publics, sous l&rsquo;impulsion du programme NGEU et du plan d&rsquo;infrastructure allemand de 500 milliards d&rsquo;euros<a href=\"https:\/\/www.euronews.com\/business\/2025\/03\/07\/germanys-whatever-it-takes-moment-fiscal-bazooka-ignites-market-rally\" target=\"_blank\" rel=\"noopener\"><strong>,<\/strong><\/a> pourrait soutenir la croissance \u00e0 moyen terme.<\/p>\n<p>L&rsquo;Europe reste \u00e9galement un leader mondial dans le domaine des produits pharmaceutiques et dispose d&rsquo;un important potentiel inexploit\u00e9 en mati\u00e8re d&rsquo;int\u00e9gration des march\u00e9s de capitaux, de num\u00e9risation et d&rsquo;infrastructures vertes.<\/p>\n<p>\u00ab\u00a0L&rsquo;Europe a la possibilit\u00e9 d&rsquo;am\u00e9liorer ses performances \u00e9conomiques gr\u00e2ce \u00e0 l&rsquo;augmentation des investissements publics, au leadership dans les industries de croissance telles que les produits pharmaceutiques et les technologies vertes, aux r\u00e9formes des march\u00e9s financiers et \u00e0 la poursuite de l&rsquo;int\u00e9gration du march\u00e9 int\u00e9rieur\u00a0\u00bb, a d\u00e9clar\u00e9 M. Pierdomenico.<\/p>\n<p>Les efforts visant \u00e0 approfondir le march\u00e9 unique &#8211; encourag\u00e9s par la Competitiveness Compass de la Commission europ\u00e9enne, inform\u00e9e par les rapports Draghi et Letta &#8211; sont consid\u00e9r\u00e9s comme des \u00e9tapes vitales pour d\u00e9bloquer la croissance future.<\/p>\n<p>\u00ab\u00a0Les responsables politiques europ\u00e9ens disposent d&rsquo;une fen\u00eatre d&rsquo;opportunit\u00e9 pour tirer parti de cette am\u00e9lioration de la situation macro\u00e9conomique gr\u00e2ce \u00e0 des r\u00e9formes qui conduiront \u00e0 une am\u00e9lioration durable des performances \u00e9conomiques de l&rsquo;Europe\u00a0\u00bb, a ajout\u00e9 M. Pierdomenico.<\/p>\n<p>Goldman Sachs reste constructif sur les perspectives \u00e0 moyen terme de l&rsquo;Europe, pr\u00e9voyant une croissance de la zone euro sup\u00e9rieure au consensus pour 2025-2028.<\/p>\n","protected":false},"excerpt":{"rendered":"PUBLICIT\u00c9 L&rsquo;\u00e9lan \u00e9conomique de l&rsquo;Europe s&rsquo;est pratiquement arr\u00eat\u00e9 au deuxi\u00e8me trimestre 2025, avec une croissance \u00e0 peine enregistr\u00e9e&hellip;\n","protected":false},"author":2,"featured_media":322085,"comment_status":"","ping_status":"","sticky":false,"template":"","format":"standard","meta":{"footnotes":""},"categories":[1586],"tags":[11,8410,45971,45970,30559,1777,674,1011,27,399,12,25],"class_list":{"0":"post-322084","1":"post","2":"type-post","3":"status-publish","4":"format-standard","5":"has-post-thumbnail","7":"category-europe","8":"tag-actualites","9":"tag-croissance-economique","10":"tag-economie-allemande","11":"tag-economie-espagnole","12":"tag-economie-europeenne","13":"tag-eu","14":"tag-europe","15":"tag-fr","16":"tag-france","17":"tag-investissement","18":"tag-news","19":"tag-republique-francaise"},"share_on_mastodon":{"url":"https:\/\/pubeurope.com\/@fr\/115036328146203552","error":""},"_links":{"self":[{"href":"https:\/\/www.europesays.com\/fr\/wp-json\/wp\/v2\/posts\/322084","targetHints":{"allow":["GET"]}}],"collection":[{"href":"https:\/\/www.europesays.com\/fr\/wp-json\/wp\/v2\/posts"}],"about":[{"href":"https:\/\/www.europesays.com\/fr\/wp-json\/wp\/v2\/types\/post"}],"author":[{"embeddable":true,"href":"https:\/\/www.europesays.com\/fr\/wp-json\/wp\/v2\/users\/2"}],"replies":[{"embeddable":true,"href":"https:\/\/www.europesays.com\/fr\/wp-json\/wp\/v2\/comments?post=322084"}],"version-history":[{"count":0,"href":"https:\/\/www.europesays.com\/fr\/wp-json\/wp\/v2\/posts\/322084\/revisions"}],"wp:featuredmedia":[{"embeddable":true,"href":"https:\/\/www.europesays.com\/fr\/wp-json\/wp\/v2\/media\/322085"}],"wp:attachment":[{"href":"https:\/\/www.europesays.com\/fr\/wp-json\/wp\/v2\/media?parent=322084"}],"wp:term":[{"taxonomy":"category","embeddable":true,"href":"https:\/\/www.europesays.com\/fr\/wp-json\/wp\/v2\/categories?post=322084"},{"taxonomy":"post_tag","embeddable":true,"href":"https:\/\/www.europesays.com\/fr\/wp-json\/wp\/v2\/tags?post=322084"}],"curies":[{"name":"wp","href":"https:\/\/api.w.org\/{rel}","templated":true}]}}