{"id":322086,"date":"2025-08-16T03:30:42","date_gmt":"2025-08-16T03:30:42","guid":{"rendered":"https:\/\/www.europesays.com\/fr\/322086\/"},"modified":"2025-08-16T03:30:42","modified_gmt":"2025-08-16T03:30:42","slug":"paris-prix-carburant-eu-un-outil-pour-economiser-jusqua-60e-par-plein","status":"publish","type":"post","link":"https:\/\/www.europesays.com\/fr\/322086\/","title":{"rendered":"PARIS : Prix-carburant.eu, un outil pour \u00e9conomiser jusqu&rsquo;\u00e0 60\u20ac par plein"},"content":{"rendered":"<p><b>Sur le comparateur de prix du carburant,\u00a0<a href=\"https:\/\/prix-carburant.eu\/?utm_source=email&amp;utm_medium=tracking&amp;utm_campaign=campagne_juillet&amp;\" target=\"_blank\" rel=\"noopener\" data-saferedirecturl=\"https:\/\/www.google.com\/url?q=https:\/\/prix-carburant.eu\/?utm_source%3Demail%26utm_medium%3Dtracking%26utm_campaign%3Dcampagne_juillet%26&amp;source=gmail&amp;ust=1755345924688000&amp;usg=AOvVaw1vzgG5qBt72cpfmV5fXhtR\">Prix-carburant.eu<\/a>, \u00e0 disposition des aux voyageurs un outil permettant de rep\u00e9rer les stations-service\u00a0hors autoroute, dans un rayon de 5 km.<\/b><\/p>\n<p style=\"font-weight: 400\">Les \u00e9conomies peuvent atteindre jusqu\u2019\u00e0\u00a0<strong>20 \u20ac pour un plein d\u2019essence<\/strong>\u00a0et\u00a0<strong>60 \u20ac pour un plein de E85,\u00a0<\/strong>en parcourant parfois seulement 2 \u00e0 3 km<strong>.<\/strong><\/p>\n<p style=\"font-weight: 400\"><strong>Voici quelques exemples concrets \u00e0 consulter :<\/strong><\/p>\n<p style=\"font-weight: 400\">Nous affichons \u00e9galement, pour les\u00a0<a href=\"https:\/\/prix-carburant.eu\/article\/gazole-moins-cher-espagne-frontiere?utm_source=email&amp;utm_medium=tracking&amp;utm_campaign=campagne_juillet&amp;\" data-saferedirecturl=\"https:\/\/www.google.com\/url?q=https:\/\/prix-carburant.eu\/article\/gazole-moins-cher-espagne-frontiere?utm_source%3Demail%26utm_medium%3Dtracking%26utm_campaign%3Dcampagne_juillet%26&amp;source=gmail&amp;ust=1755345924688000&amp;usg=AOvVaw32vSHKBrYH07q_-ICZzX8-\" target=\"_blank\" rel=\"noopener\">communes fran\u00e7aises frontali\u00e8re<\/a>, les stations espagnoles et italiennes les plus proches, permettant aux automobilistes de comparer et faire des \u00e9conomies. Par exemple, \u00e0 proximit\u00e9 imm\u00e9diate de l\u2019Espagne, le gazole peut y \u00eatre jusqu\u2019\u00e0\u00a0<strong>45 centimes moins cher<\/strong>\u00a0qu\u2019en France.<\/p>\n<p style=\"font-weight: 400\">Depuis le 1er ao\u00fbt 2025, une r\u00e9forme importante de la fiscalit\u00e9 sur les carburants est entr\u00e9e en vigueur avec la fin des modulations r\u00e9gionales de la TICPE. Les tarifs sont d\u00e9sormais uniformis\u00e9s sur le territoire (hors Corse), mais avec une augmentation de 1\u20ac.<br \/>Un article de synth\u00e8se est disponible ici :\u00a0<a href=\"https:\/\/prix-carburant.eu\/article\/fin-modulations-region-accise-carburant-2025\" data-saferedirecturl=\"https:\/\/www.google.com\/url?q=https:\/\/prix-carburant.eu\/article\/fin-modulations-region-accise-carburant-2025&amp;source=gmail&amp;ust=1755345924688000&amp;usg=AOvVaw08bhUNfk78cwSd2YeJEY7B\" target=\"_blank\" rel=\"noopener\">https:\/\/prix-carburant.eu\/article\/fin-modulations-region-accise-carburant-2025<\/a><\/p>\n<p style=\"font-weight: 400\"><strong>Prix-carburant.eu<\/strong><strong>, c\u2019est aussi :<\/strong><\/p>\n<ul style=\"font-weight: 400\">\n<li>Des\u00a0<a href=\"https:\/\/prix-carburant.eu\/alertes.php?utm_source=email&amp;utm_medium=tracking&amp;utm_campaign=campagne_juillet&amp;\" data-saferedirecturl=\"https:\/\/www.google.com\/url?q=https:\/\/prix-carburant.eu\/alertes.php?utm_source%3Demail%26utm_medium%3Dtracking%26utm_campaign%3Dcampagne_juillet%26&amp;source=gmail&amp;ust=1755345924688000&amp;usg=AOvVaw3IQ0g9oJdl4DQjSUdAnquI\" target=\"_blank\" rel=\"noopener\">alertes\u00a0<\/a>en temps r\u00e9el sur la hausse ou la baisse des prix<\/li>\n<li>Des\u00a0<a href=\"https:\/\/prix-carburant.eu\/ruptures?utm_source=email&amp;utm_medium=tracking&amp;utm_campaign=campagne_juillet&amp;\" data-saferedirecturl=\"https:\/\/www.google.com\/url?q=https:\/\/prix-carburant.eu\/ruptures?utm_source%3Demail%26utm_medium%3Dtracking%26utm_campaign%3Dcampagne_juillet%26&amp;source=gmail&amp;ust=1755345924688000&amp;usg=AOvVaw2fj8_9x8hp83BdUxiEGn64\" target=\"_blank\" rel=\"noopener\">alertes de rupture\u00a0<\/a>de carburant, station par station<\/li>\n<li>Un\u00a0<a href=\"https:\/\/prix-carburant.eu\/barometre.php?utm_source=email&amp;utm_medium=tracking&amp;utm_campaign=campagne_juillet&amp;\" data-saferedirecturl=\"https:\/\/www.google.com\/url?q=https:\/\/prix-carburant.eu\/barometre.php?utm_source%3Demail%26utm_medium%3Dtracking%26utm_campaign%3Dcampagne_juillet%26&amp;source=gmail&amp;ust=1755345924688000&amp;usg=AOvVaw0CKHeFM02pVy1FO6eu3Zy2\" target=\"_blank\" rel=\"noopener\">barom\u00e8tre\u00a0<\/a>hebdomadaire et mensuel des prix : national, par r\u00e9gion, et un top 10 des marques les plus et les moins ch\u00e8res<\/li>\n<li>Des statistiques compl\u00e8tes sur l\u2019historique des prix en\u00a0<a href=\"https:\/\/prix-carburant.eu\/statistiques-prix-carburants-france\/?utm_source=email&amp;utm_medium=tracking&amp;utm_campaign=campagne_juillet&amp;\" data-saferedirecturl=\"https:\/\/www.google.com\/url?q=https:\/\/prix-carburant.eu\/statistiques-prix-carburants-france\/?utm_source%3Demail%26utm_medium%3Dtracking%26utm_campaign%3Dcampagne_juillet%26&amp;source=gmail&amp;ust=1755345924688000&amp;usg=AOvVaw3ULAi2LmDQiA_387Dm1TvV\" target=\"_blank\" rel=\"noopener\">France\u00a0<\/a>et en\u00a0<a href=\"https:\/\/prix-carburant.eu\/prix-carburant-europe.php?utm_source=email&amp;utm_medium=tracking&amp;utm_campaign=campagne_juillet&amp;\" data-saferedirecturl=\"https:\/\/www.google.com\/url?q=https:\/\/prix-carburant.eu\/prix-carburant-europe.php?utm_source%3Demail%26utm_medium%3Dtracking%26utm_campaign%3Dcampagne_juillet%26&amp;source=gmail&amp;ust=1755345924688000&amp;usg=AOvVaw0KmoENGu2rtR91B_tAYfZK\" target=\"_blank\" rel=\"noopener\">Europe<\/a><\/li>\n<li>\u00a0 et bien d\u2019autres outils \u00e0 d\u00e9couvrir ici :\u00a0\u00a0<a href=\"https:\/\/prix-carburant.eu\/?utm_source=email&amp;utm_medium=tracking&amp;utm_campaign=campagne_juillet&amp;\" data-saferedirecturl=\"https:\/\/www.google.com\/url?q=https:\/\/prix-carburant.eu\/?utm_source%3Demail%26utm_medium%3Dtracking%26utm_campaign%3Dcampagne_juillet%26&amp;source=gmail&amp;ust=1755345924688000&amp;usg=AOvVaw1vzgG5qBt72cpfmV5fXhtR\" target=\"_blank\" rel=\"noopener\">https:\/\/prix-carburant.eu<\/a><\/li>\n<\/ul>\n<p>\u00a0<\/p>\n","protected":false},"excerpt":{"rendered":"Sur le comparateur de prix du carburant,\u00a0Prix-carburant.eu, \u00e0 disposition des aux voyageurs un outil permettant de rep\u00e9rer les&hellip;\n","protected":false},"author":2,"featured_media":322087,"comment_status":"","ping_status":"","sticky":false,"template":"","format":"standard","meta":{"footnotes":""},"categories":[1586],"tags":[11,1777,674,1779,1011,27,12,25,1778,364],"class_list":{"0":"post-322086","1":"post","2":"type-post","3":"status-publish","4":"format-standard","5":"has-post-thumbnail","7":"category-europe","8":"tag-actualites","9":"tag-eu","10":"tag-europe","11":"tag-european-union","12":"tag-fr","13":"tag-france","14":"tag-news","15":"tag-republique-francaise","16":"tag-ue","17":"tag-union-europeenne"},"share_on_mastodon":{"url":"https:\/\/pubeurope.com\/@fr\/115036331970024735","error":""},"_links":{"self":[{"href":"https:\/\/www.europesays.com\/fr\/wp-json\/wp\/v2\/posts\/322086","targetHints":{"allow":["GET"]}}],"collection":[{"href":"https:\/\/www.europesays.com\/fr\/wp-json\/wp\/v2\/posts"}],"about":[{"href":"https:\/\/www.europesays.com\/fr\/wp-json\/wp\/v2\/types\/post"}],"author":[{"embeddable":true,"href":"https:\/\/www.europesays.com\/fr\/wp-json\/wp\/v2\/users\/2"}],"replies":[{"embeddable":true,"href":"https:\/\/www.europesays.com\/fr\/wp-json\/wp\/v2\/comments?post=322086"}],"version-history":[{"count":0,"href":"https:\/\/www.europesays.com\/fr\/wp-json\/wp\/v2\/posts\/322086\/revisions"}],"wp:featuredmedia":[{"embeddable":true,"href":"https:\/\/www.europesays.com\/fr\/wp-json\/wp\/v2\/media\/322087"}],"wp:attachment":[{"href":"https:\/\/www.europesays.com\/fr\/wp-json\/wp\/v2\/media?parent=322086"}],"wp:term":[{"taxonomy":"category","embeddable":true,"href":"https:\/\/www.europesays.com\/fr\/wp-json\/wp\/v2\/categories?post=322086"},{"taxonomy":"post_tag","embeddable":true,"href":"https:\/\/www.europesays.com\/fr\/wp-json\/wp\/v2\/tags?post=322086"}],"curies":[{"name":"wp","href":"https:\/\/api.w.org\/{rel}","templated":true}]}}