{"id":322094,"date":"2025-08-16T03:36:18","date_gmt":"2025-08-16T03:36:18","guid":{"rendered":"https:\/\/www.europesays.com\/fr\/322094\/"},"modified":"2025-08-16T03:36:18","modified_gmt":"2025-08-16T03:36:18","slug":"super-league-la-tuile-pour-michael-mcilorum-et-hull-kr-rugby-a-xiii","status":"publish","type":"post","link":"https:\/\/www.europesays.com\/fr\/322094\/","title":{"rendered":"Super League &#8211; La tuile pour Michael McIlorum et Hull KR &#8211; Rugby \u00e0 XIII"},"content":{"rendered":"<p style=\"text-align: justify;\"><strong>Bless\u00e9 durant un entra\u00eenement, le talonneur d\u2019Hull KR et ancien joueur des Dragons Catalans Micky McIlorum va devoir \u00eatre \u00e9cart\u00e9 des terrains durant de tr\u00e8s longues semaines.<\/strong><\/p>\n<p style=\"text-align: justify;\">Le talonneur international d\u2019Hull KR qui \u00e9voquait <a href=\"https:\/\/treizemondial.fr\/michael-mcilorum-pourrait-rejoindre-le-super-xiii\/\" target=\"_blank\" rel=\"noopener\">son avenir dans le sud de la France il y a quelques jours<\/a>, va de nouveau devoir passer par la case infirmerie. Il avait d\u00e9j\u00e0 \u00e9t\u00e9 s\u00e9rieusement bless\u00e9 plus t\u00f4t dans la saison, victime d\u2019une rupture du biceps.<\/p>\n<p style=\"text-align: justify;\">L\u2019entra\u00eeneur Willie Peters avait d\u00e9clar\u00e9 qu\u2019un joueur avait \u00e9t\u00e9 touch\u00e9 s\u00e9rieusement \u00e0 la cheville lors de l\u2019entra\u00eenement de ce mardi. Nous avions \u00e9t\u00e9 inform\u00e9s que des examens devraient \u00eatre pratiqu\u00e9s, sans toutefois d\u00e9voiler l\u2019identit\u00e9 du joueur concern\u00e9. Les examens ont confirm\u00e9 la gravit\u00e9 de la blessure, une fracture au niveau de la cheville. Et le club a fait savoir que le joueur en question n\u2019\u00e9tait autre que son rugueux talonneur Micky McIlorum.<\/p>\n<p style=\"text-align: justify;\">Recrut\u00e9 cette saison par Hull KR pour apporter toute son exp\u00e9rience et son agressivit\u00e9 caract\u00e9ristique sur les pelouses, il a \u00e9t\u00e9 un grand artisan de la victoire en finale de la Challenge Cup cet \u00e9t\u00e9. Jared Waerea-Hargreaves fera le chemin inverse et devrait quitter l\u2019infirmerie pour jouer la rencontre de haut de tableau ce vendredi face aux Wigan Warriors.<\/p>\n<p style=\"text-align: justify;\">M\u00eame si la blessure est relativement importante, les Robins esp\u00e8rent que le joueur sera de nouveau op\u00e9rationnel pour les phases finales. Elles d\u00e9buteront en octobre \u00e0 condition de terminer \u00e0 l\u2019une des deux premi\u00e8res places au classement. Les jours sont donc maintenant compt\u00e9s pour le v\u00e9t\u00e9ran, qui pourrait remporter cette comp\u00e9tition pour la 4\u00e8me et derni\u00e8re fois de sa carri\u00e8re.<\/p>\n<blockquote class=\"twitter-tweet\" data-width=\"500\" data-dnt=\"true\">\n<p lang=\"en\" dir=\"ltr\">Full breakdown of Micky McIlorum&rsquo;s injury and when Hull KR hope he will return.<a href=\"https:\/\/t.co\/BoeAu2Y5hg\">https:\/\/t.co\/BoeAu2Y5hg<\/a><\/p>\n<p>\u2014 Matthew Shaw (@M_Shaw1) <a href=\"https:\/\/twitter.com\/M_Shaw1\/status\/1955653209541722202?ref_src=twsrc%5Etfw\" target=\"_blank\" rel=\"noopener\">August 13, 2025<\/a><\/p>\n<\/blockquote>\n<p>        <script async src=\"https:\/\/platform.twitter.com\/widgets.js\" charset=\"utf-8\"><\/script><\/p>\n","protected":false},"excerpt":{"rendered":"Bless\u00e9 durant un entra\u00eenement, le talonneur d\u2019Hull KR et ancien joueur des Dragons Catalans Micky McIlorum va devoir&hellip;\n","protected":false},"author":2,"featured_media":37322,"comment_status":"","ping_status":"","sticky":false,"template":"","format":"standard","meta":{"footnotes":""},"categories":[1416],"tags":[1431,1011,27,9879,11885,479,2228,1468,2229,60],"class_list":{"0":"post-322094","1":"post","2":"type-post","3":"status-publish","4":"format-standard","5":"has-post-thumbnail","7":"category-rugby","8":"tag-blessure","9":"tag-fr","10":"tag-france","11":"tag-hull-kr","12":"tag-michael-mcilorum","13":"tag-rugby","14":"tag-rugby-a-xiii","15":"tag-rugby-football","16":"tag-rugby-league","17":"tag-sports"},"share_on_mastodon":{"url":"https:\/\/pubeurope.com\/@fr\/115036355556454034","error":""},"_links":{"self":[{"href":"https:\/\/www.europesays.com\/fr\/wp-json\/wp\/v2\/posts\/322094","targetHints":{"allow":["GET"]}}],"collection":[{"href":"https:\/\/www.europesays.com\/fr\/wp-json\/wp\/v2\/posts"}],"about":[{"href":"https:\/\/www.europesays.com\/fr\/wp-json\/wp\/v2\/types\/post"}],"author":[{"embeddable":true,"href":"https:\/\/www.europesays.com\/fr\/wp-json\/wp\/v2\/users\/2"}],"replies":[{"embeddable":true,"href":"https:\/\/www.europesays.com\/fr\/wp-json\/wp\/v2\/comments?post=322094"}],"version-history":[{"count":0,"href":"https:\/\/www.europesays.com\/fr\/wp-json\/wp\/v2\/posts\/322094\/revisions"}],"wp:featuredmedia":[{"embeddable":true,"href":"https:\/\/www.europesays.com\/fr\/wp-json\/wp\/v2\/media\/37322"}],"wp:attachment":[{"href":"https:\/\/www.europesays.com\/fr\/wp-json\/wp\/v2\/media?parent=322094"}],"wp:term":[{"taxonomy":"category","embeddable":true,"href":"https:\/\/www.europesays.com\/fr\/wp-json\/wp\/v2\/categories?post=322094"},{"taxonomy":"post_tag","embeddable":true,"href":"https:\/\/www.europesays.com\/fr\/wp-json\/wp\/v2\/tags?post=322094"}],"curies":[{"name":"wp","href":"https:\/\/api.w.org\/{rel}","templated":true}]}}