{"id":322097,"date":"2025-08-16T03:39:12","date_gmt":"2025-08-16T03:39:12","guid":{"rendered":"https:\/\/www.europesays.com\/fr\/322097\/"},"modified":"2025-08-16T03:39:12","modified_gmt":"2025-08-16T03:39:12","slug":"quartararo-rassure-apres-sa-chute-mais-sans-solution-pour-etre-rapide","status":"publish","type":"post","link":"https:\/\/www.europesays.com\/fr\/322097\/","title":{"rendered":"Quartararo rassur\u00e9 apr\u00e8s sa chute mais sans solution pour \u00eatre rapide"},"content":{"rendered":"<p><a href=\"https:\/\/fr.motorsport.com\/driver\/fabio-quartararo\/109400\/\" target=\"_blank\" rel=\"noopener\">Fabio Quartararo<\/a> ne savait pas trop \u00e0 quoi s&rsquo;attendre sur le Red Bull Ring, et la r\u00e9ponse a \u00e9t\u00e9 tr\u00e8s d\u00e9cevante. Pas dans le rythme lors des <a href=\"https:\/\/fr.motorsport.com\/motogp\/results\/2025\/gp-dautriche-654411\/\" target=\"_self\" rel=\"noopener\">Essais du Grand Prix d&rsquo;Autriche<\/a>, le Fran\u00e7ais demeure le meilleur repr\u00e9sentant Yamaha avec une 14e place, preuve de l&rsquo;ampleur des difficult\u00e9s \u00e0 nouveau rencontr\u00e9es par le constructeur japonais.<\/p>\n<p>Condamn\u00e9 \u00e0 passer par la Q1, il a en plus \u00e9t\u00e9 victime d&rsquo;une tr\u00e8s grosse chute \u00e0 mi-s\u00e9ance, qu&rsquo;il ne s&rsquo;explique pas en d\u00e9pit de la possibilit\u00e9 d&rsquo;une trace d&rsquo;huile qu&rsquo;aurait laiss\u00e9e <a href=\"https:\/\/fr.motorsport.com\/driver\/jack-miller\/96423\/\" target=\"_blank\" rel=\"noopener\">Jack Miller<\/a>.\u00a0Honn\u00eatement je ne sais pas, car je crois que notre device s&rsquo;est abaiss\u00e9 quand j&rsquo;ai chut\u00e9, mais je ne pense pas vraiment que c&rsquo;\u00e9tait de l&rsquo;huile\u00a0\u00bb, s&rsquo;interroge-t-il. \u00ab\u00a0Je n&rsquo;ai aucune id\u00e9e si c&rsquo;\u00e9tait de l&rsquo;huile ou pas, mais j&rsquo;ai vu que les commissaires avaient mis quelques chose sur la piste.\u00a0\u00bb<\/p>\n<p>Touch\u00e9 \u00e0 la hanche, Fabio Quartararo a rejoint son stand en boitillant mais a tout de m\u00eame pu enfourcher sa deuxi\u00e8me moto. Concernant la suite du week-end, il se veut rassurant sur ce point. \u00ab\u00a0C&rsquo;est un peu endolori, mais \u00e7a aurait pu \u00eatre pire, j&rsquo;ai eu de la chance. Physiquement \u00e7a va\u00a0\u00bb, indique-t-il.\u00a0<\/p>\n<p>\u00a0<\/p>\n<p>Le pilote tricolore est tr\u00e8s clair, son manque de performance sur la s\u00e9ance n&rsquo;a aucun lien direct avec sa chute. \u00ab\u00a0C&rsquo;est juste tr\u00e8s difficile de comprendre o\u00f9 je peux \u00eatre rapide\u00a0\u00bb, d\u00e9plore-t-il. \u00ab\u00a0Honn\u00eatement, j&rsquo;ai juste eu du mal \u00e0 \u00eatre rapide.\u00a0\u00bb<\/p>\n<p>Le diagnostic, lui, n&rsquo;a pas \u00e9volu\u00e9 pendant la tr\u00eave estivale. \u00ab\u00a0\u00c7a vient de tout\u00a0\u00bb, rab\u00e2che-t-il. \u00ab\u00a0Quand on compare aux autres pilotes \u00e0 la sortie du virage 1, du virage 3, ils se d\u00e9tachent gr\u00e2ce au grip, avec moins de wheelie et plus de puissance. On voit que \u00e7a ne vient pas d&rsquo;un seul truc mais de plusieurs choses que l&rsquo;on voit dans les virages. On sent qu&rsquo;on est \u00e0 la limite mais on est super lent. On verra ce qu&rsquo;on peut faire demain, mais je ne me mettrai pas moi-m\u00eame \u00e0 cette limite.\u00a0\u00bb<\/p>\n<p>Dans ces conditions, la <a href=\"https:\/\/fr.motorsport.com\/motogp\/news\/controle-stabilite-debat-glissades-chutes\/10750681\/\" target=\"_self\" rel=\"noopener\">mise \u00e0 jour \u00e9lectronique d\u00e9sormais \u00e0 disposition de tous les constructeurs<\/a> pour am\u00e9liorer le contr\u00f4le de stabilit\u00e9 est devenue le cadet des soucis de Fabio Quartararo ce vendredi. \u00ab\u00a0Avec tous les probl\u00e8mes que l&rsquo;on a rencontr\u00e9s aujourd&rsquo;hui, le contr\u00f4le de stabilit\u00e9 \u00e9tait la chose la moins importante de la journ\u00e9e\u00a0\u00bb, confirme-t-il. \u00ab\u00a0Je ne crois pas que c&rsquo;\u00e9tait important pour nous de l&rsquo;essayer.\u00a0\u00bb<\/p>\n<p>\u00ab\u00a0Je pense qu&rsquo;il y a un peu trop d&rsquo;\u00e9lectronique, mais sachant que notre moto ne fonctionne pas super bien sur le plan \u00e9lectronique, je pense que \u00e7a peut nous aider\u00a0\u00bb, ajoute-t-il. \u00ab\u00a0Je pr\u00e9f\u00e8re piloter sans trop d&rsquo;\u00e9lectronique et avoir plus de ressenti par moi-m\u00eame, mais si \u00e7a peut nous aider \u00e0 \u00eatre plus rapide, on prend.\u00a0\u00bb<\/p>\n<p>Lire aussi :<\/p>\n<\/p>\n<p>Dans cet article<\/p>\n<p>Soyez le premier inform\u00e9 et souscrivez aux alertes mails pour recevoir les infos en temps r\u00e9el<\/p>\n<p>    S&rsquo;abonner aux alertes de news<\/p>\n","protected":false},"excerpt":{"rendered":"Fabio Quartararo ne savait pas trop \u00e0 quoi s&rsquo;attendre sur le Red Bull Ring, et la r\u00e9ponse a&hellip;\n","protected":false},"author":2,"featured_media":322098,"comment_status":"","ping_status":"","sticky":false,"template":"","format":"standard","meta":{"footnotes":""},"categories":[1413],"tags":[1680,1011,27,34489,1457,1456,1458,45972,34490,60,3796],"class_list":{"0":"post-322097","1":"post","2":"type-post","3":"status-publish","4":"format-standard","5":"has-post-thumbnail","7":"category-moto","8":"tag-fabio-quartararo","9":"tag-fr","10":"tag-france","11":"tag-gp-dautriche","12":"tag-moto","13":"tag-motocycle","14":"tag-motogp","15":"tag-quartararo-rassuru00e9-apru00e8s-sa-chute-mais-sans-solution-pour-u00eatre-rapide","16":"tag-red-bull-ring","17":"tag-sports","18":"tag-yamaha-factory-racing"},"share_on_mastodon":{"url":"https:\/\/pubeurope.com\/@fr\/115036367314546492","error":""},"_links":{"self":[{"href":"https:\/\/www.europesays.com\/fr\/wp-json\/wp\/v2\/posts\/322097","targetHints":{"allow":["GET"]}}],"collection":[{"href":"https:\/\/www.europesays.com\/fr\/wp-json\/wp\/v2\/posts"}],"about":[{"href":"https:\/\/www.europesays.com\/fr\/wp-json\/wp\/v2\/types\/post"}],"author":[{"embeddable":true,"href":"https:\/\/www.europesays.com\/fr\/wp-json\/wp\/v2\/users\/2"}],"replies":[{"embeddable":true,"href":"https:\/\/www.europesays.com\/fr\/wp-json\/wp\/v2\/comments?post=322097"}],"version-history":[{"count":0,"href":"https:\/\/www.europesays.com\/fr\/wp-json\/wp\/v2\/posts\/322097\/revisions"}],"wp:featuredmedia":[{"embeddable":true,"href":"https:\/\/www.europesays.com\/fr\/wp-json\/wp\/v2\/media\/322098"}],"wp:attachment":[{"href":"https:\/\/www.europesays.com\/fr\/wp-json\/wp\/v2\/media?parent=322097"}],"wp:term":[{"taxonomy":"category","embeddable":true,"href":"https:\/\/www.europesays.com\/fr\/wp-json\/wp\/v2\/categories?post=322097"},{"taxonomy":"post_tag","embeddable":true,"href":"https:\/\/www.europesays.com\/fr\/wp-json\/wp\/v2\/tags?post=322097"}],"curies":[{"name":"wp","href":"https:\/\/api.w.org\/{rel}","templated":true}]}}