{"id":322099,"date":"2025-08-16T03:40:22","date_gmt":"2025-08-16T03:40:22","guid":{"rendered":"https:\/\/www.europesays.com\/fr\/322099\/"},"modified":"2025-08-16T03:40:22","modified_gmt":"2025-08-16T03:40:22","slug":"tout-est-pret-pour-formaliser-le-retour-de-la-formule-1-en-2027-le-portugal-veut-retrouver-un-grand-prix","status":"publish","type":"post","link":"https:\/\/www.europesays.com\/fr\/322099\/","title":{"rendered":"\u00abTout est pr\u00eat pour formaliser le retour de la Formule 1 en 2027\u00bb, le Portugal veut retrouver un Grand Prix"},"content":{"rendered":"<p>Le Premier ministre portugais ambitionne d\u2019organiser un nouveau Grand Prix de F1 sur le circuit de Portim\u00e3o, situ\u00e9 en Algarve, afin de redynamiser l\u2019\u00e9conomie de la r\u00e9gion.<\/p>\n<p class=\"fig-paragraph\">Et si un nouveau Grand Prix europ\u00e9en int\u00e9grait\u00a0<a href=\"http:\/\/www.lefigaro.fr\/sports\/formule-1\/je-suis-pret-a-mettre-ce-sujet-sur-la-table-grand-patron-de-la-formule-1-stefano-domenicali-ouvre-la-porte-a-la-grille-inversee-pour-les-courses-sprint-20250813\" data-fig-type=\"NewsFlash\" data-gtm-custom-categorie=\"navigation\" data-gtm-custom-action=\"crossclick\" data-gtm-custom-label=\"Contextuel\" data-gtm-event=\"customEventSPE\" data-fig-domain=\"LEFIGARO\" target=\"_blank\" rel=\"noopener\">la grille de F1<\/a>\u00a0? Si la tendance actuelle est plut\u00f4t \u00e0 leur remplacement par des \u00e9v\u00e8nements localis\u00e9s sur d\u2019autres continents, le Portugal ambitionne \u00e0 nouveau d\u2019accueillir une course et ce d\u00e8s 2027. La derni\u00e8re a eu lieu il y a quatre ans et avait \u00e9t\u00e9 remport\u00e9e par\u00a0<a href=\"http:\/\/www.lefigaro.fr\/sports\/formule-1\/formule-1-nous-avons-sous-estime-ce-defi-lance-frederic-vasseur-sur-le-recrutement-de-lewis-hamilton-chez-ferrari-20250807\" data-fig-type=\"NewsFlash\" data-gtm-custom-categorie=\"navigation\" data-gtm-custom-action=\"crossclick\" data-gtm-custom-label=\"Contextuel\" data-gtm-event=\"customEventSPE\" data-fig-domain=\"LEFIGARO\" target=\"_blank\" rel=\"noopener\">Lewis Hamilton<\/a>, au volant de sa Mercedes.<\/p>\n<p class=\"fig-paragraph\">Dans un discours prononc\u00e9 en Algarve, le Premier ministre du pays, Lu\u00eds Montenegro, promettait de redonner de l\u2019aplomb \u00e9conomique \u00e0 la r\u00e9gion. Or, le circuit de Portim\u00e3o, qui accueille d\u00e9j\u00e0 le MotoGP, se trouve dans cette partie du Portugal.<\/p>\n<p>                                    <a class=\"fig-a11y-skip a11y-hidden\" href=\"#fig-a11y-skip-main-inarticle\"><br \/>\n        Passer la publicit\u00e9<br \/>\n    <\/a><\/p>\n<p>Le Portugal loin d\u2019\u00eatre seul en course<\/p>\n<p class=\"fig-paragraph\">Le chef du gouvernement lusitanien a \u00e9voqu\u00e9 \u00abce qui contribue le plus \u00e0 la promotion du pays, et aussi de cette r\u00e9gion, il y a les grands \u00e9v\u00e9nements. Nous assurons l\u2019organisation du MotoGP, l\u2019\u00e9preuve reine du motocyclisme mondial, pour 2025 et 2026. Je suis en mesure de vous dire que nous avons tout qui est pr\u00eat pour formaliser le retour de la Formule 1 en Algarve en 2027\u00bb.<\/p>\n<p class=\"fig-paragraph\">Une annonce choc et pleine d\u2019ambitions qui sera sans doute difficile \u00e0 concr\u00e9tiser tant de nombreux pays se battent pour obtenir une place sur le calendrier de la cat\u00e9gorie reine du sport automobile. Les derniers en date sont la Tha\u00eflande, dont le projet est bien avanc\u00e9 mais aussi son voisin vietnamien ainsi que le Rwanda.<\/p>\n","protected":false},"excerpt":{"rendered":"Le Premier ministre portugais ambitionne d\u2019organiser un nouveau Grand Prix de F1 sur le circuit de Portim\u00e3o, situ\u00e9&hellip;\n","protected":false},"author":2,"featured_media":322100,"comment_status":"","ping_status":"","sticky":false,"template":"","format":"standard","meta":{"footnotes":""},"categories":[1412],"tags":[45973,1451,1452,1453,1454,1455,1011,27,1982,6996,60],"class_list":{"0":"post-322099","1":"post","2":"type-post","3":"status-publish","4":"format-standard","5":"has-post-thumbnail","7":"category-f1","8":"tag-algarve","9":"tag-f1","10":"tag-formula-1","11":"tag-formula1","12":"tag-formule-1","13":"tag-formule1","14":"tag-fr","15":"tag-france","16":"tag-grand-prix","17":"tag-portugal","18":"tag-sports"},"share_on_mastodon":{"url":"https:\/\/pubeurope.com\/@fr\/115036371243987698","error":""},"_links":{"self":[{"href":"https:\/\/www.europesays.com\/fr\/wp-json\/wp\/v2\/posts\/322099","targetHints":{"allow":["GET"]}}],"collection":[{"href":"https:\/\/www.europesays.com\/fr\/wp-json\/wp\/v2\/posts"}],"about":[{"href":"https:\/\/www.europesays.com\/fr\/wp-json\/wp\/v2\/types\/post"}],"author":[{"embeddable":true,"href":"https:\/\/www.europesays.com\/fr\/wp-json\/wp\/v2\/users\/2"}],"replies":[{"embeddable":true,"href":"https:\/\/www.europesays.com\/fr\/wp-json\/wp\/v2\/comments?post=322099"}],"version-history":[{"count":0,"href":"https:\/\/www.europesays.com\/fr\/wp-json\/wp\/v2\/posts\/322099\/revisions"}],"wp:featuredmedia":[{"embeddable":true,"href":"https:\/\/www.europesays.com\/fr\/wp-json\/wp\/v2\/media\/322100"}],"wp:attachment":[{"href":"https:\/\/www.europesays.com\/fr\/wp-json\/wp\/v2\/media?parent=322099"}],"wp:term":[{"taxonomy":"category","embeddable":true,"href":"https:\/\/www.europesays.com\/fr\/wp-json\/wp\/v2\/categories?post=322099"},{"taxonomy":"post_tag","embeddable":true,"href":"https:\/\/www.europesays.com\/fr\/wp-json\/wp\/v2\/tags?post=322099"}],"curies":[{"name":"wp","href":"https:\/\/api.w.org\/{rel}","templated":true}]}}