{"id":322101,"date":"2025-08-16T03:41:12","date_gmt":"2025-08-16T03:41:12","guid":{"rendered":"https:\/\/www.europesays.com\/fr\/322101\/"},"modified":"2025-08-16T03:41:12","modified_gmt":"2025-08-16T03:41:12","slug":"cyclisme-tour-du-portugal-rotem-tene-remporte-la-8e-etape-et-sa-premiere-victoire-pro","status":"publish","type":"post","link":"https:\/\/www.europesays.com\/fr\/322101\/","title":{"rendered":"Cyclisme. Tour du Portugal &#8211; Rotem Tene remporte la 8e \u00e9tape&#8230; et sa premi\u00e8re victoire pro !"},"content":{"rendered":"<p><strong>Rotem Tene<\/strong> (Israel Premier Tech Academy) ne devrait pas oublier cette journ\u00e9e de sit\u00f4t. L&rsquo;Isra\u00e9lien de 24 ans a remport\u00e9 ce vendredi la 8e \u00e9tape du <a href=\"https:\/\/www.cyclismactu.net\/..\/news-cyclisme-tour-du-portugal-jonathan-caicedo-7e-etape-alexis-guerin-2e-du-general-89596.html?utm_campaign=post-auto&amp;utm_medium=twitter&amp;utm_source=mashup-cyclismactu\" rel=\"nofollow noopener\" target=\"_blank\"><strong>Tour du Portugal<\/strong> <\/a>au sprint, sa premi\u00e8re victoire dans une course professionnelle, devant l&rsquo;Argentin <strong>Nicolas Tivani<\/strong> (Aviludo &#8211; Louletano &#8211; Loul\u00e9) et un peu plus loin le Portugais <strong>Francisco Campos<\/strong> (AP Hotels &amp; Resorts &#8211; Tavira &#8211; SC Farense). Pas de changement au g\u00e9n\u00e9ral, o\u00f9\u00a0<strong>Artem Nych<\/strong> (Anicolor \/ Tien 21) devance toujours son co\u00e9quipier <strong>Alexis Guerin<\/strong>\u00a0(Anicolor \/ Tien 21) de 46 secondes, alors que leur premier rival et 3e du g\u00e9n\u00e9ral,\u00a0<strong>Jesus David Pe\u00f1a<\/strong> (AP Hotels &amp; Resorts &#8211; Tavira &#8211; SC Farense), pointe d\u00e9j\u00e0 \u00e0 1&rsquo;20\u00a0\u00bb du leader.<\/p>\n<p>Vid\u00e9o &#8211; Alexis Gu\u00e9rin est toujours 2e du g\u00e9n\u00e9ral du Tour du Portugal Lire la suite de l&rsquo;article&#13;<\/p>\n<p>\u00a0<\/p>\n<p>&#13;<br \/>\nDeux \u00e9tapes d\u00e9cisives ce week-end&#13;<\/p>\n<p>Si les \u00e9carts sont cons\u00e9quents, ce classement g\u00e9n\u00e9ral pourrait bien \u00eatre boulevers\u00e9 ce week-end \u00e0 l&rsquo;occasion des deux derni\u00e8res \u00e9tapes du\u00a0<strong>Tour du Portugal<\/strong>. En effet, l&rsquo;arriv\u00e9e de la 9e \u00e9tape samedi se situe au sommet de Montejusto, un col court mais pentu (5 kilom\u00e8tres \u00e0 8,3% de moyenne), qui pourrait d\u00e9j\u00e0 permettre \u00e0 certains coureurs distanc\u00e9s au g\u00e9n\u00e9ral de refaire une partie de leur retard. Enfin, dimanche aura lieu un contre-la-montre tout plat de 16 kilom\u00e8tres autour de Lisbonne, de quoi avantager les gros rouleurs et au contraire handicaper les purs grimpeurs.<\/p>\n","protected":false},"excerpt":{"rendered":"Rotem Tene (Israel Premier Tech Academy) ne devrait pas oublier cette journ\u00e9e de sit\u00f4t. L&rsquo;Isra\u00e9lien de 24 ans&hellip;\n","protected":false},"author":2,"featured_media":322102,"comment_status":"","ping_status":"","sticky":false,"template":"","format":"standard","meta":{"footnotes":""},"categories":[1411],"tags":[1154,207,211,1011,27,209,60,210,44247,212,208,213],"class_list":{"0":"post-322101","1":"post","2":"type-post","3":"status-publish","4":"format-standard","5":"has-post-thumbnail","7":"category-cyclisme","8":"tag-cycling","9":"tag-cyclisme","10":"tag-ffc","11":"tag-fr","12":"tag-france","13":"tag-route","14":"tag-sports","15":"tag-tour-de-france","16":"tag-tour-du-portugal","17":"tag-uci","18":"tag-velo","19":"tag-world-tour"},"share_on_mastodon":{"url":"https:\/\/pubeurope.com\/@fr\/115036375194075971","error":""},"_links":{"self":[{"href":"https:\/\/www.europesays.com\/fr\/wp-json\/wp\/v2\/posts\/322101","targetHints":{"allow":["GET"]}}],"collection":[{"href":"https:\/\/www.europesays.com\/fr\/wp-json\/wp\/v2\/posts"}],"about":[{"href":"https:\/\/www.europesays.com\/fr\/wp-json\/wp\/v2\/types\/post"}],"author":[{"embeddable":true,"href":"https:\/\/www.europesays.com\/fr\/wp-json\/wp\/v2\/users\/2"}],"replies":[{"embeddable":true,"href":"https:\/\/www.europesays.com\/fr\/wp-json\/wp\/v2\/comments?post=322101"}],"version-history":[{"count":0,"href":"https:\/\/www.europesays.com\/fr\/wp-json\/wp\/v2\/posts\/322101\/revisions"}],"wp:featuredmedia":[{"embeddable":true,"href":"https:\/\/www.europesays.com\/fr\/wp-json\/wp\/v2\/media\/322102"}],"wp:attachment":[{"href":"https:\/\/www.europesays.com\/fr\/wp-json\/wp\/v2\/media?parent=322101"}],"wp:term":[{"taxonomy":"category","embeddable":true,"href":"https:\/\/www.europesays.com\/fr\/wp-json\/wp\/v2\/categories?post=322101"},{"taxonomy":"post_tag","embeddable":true,"href":"https:\/\/www.europesays.com\/fr\/wp-json\/wp\/v2\/tags?post=322101"}],"curies":[{"name":"wp","href":"https:\/\/api.w.org\/{rel}","templated":true}]}}