{"id":322107,"date":"2025-08-16T03:45:12","date_gmt":"2025-08-16T03:45:12","guid":{"rendered":"https:\/\/www.europesays.com\/fr\/322107\/"},"modified":"2025-08-16T03:45:12","modified_gmt":"2025-08-16T03:45:12","slug":"villeneuve-une-edition-reussie-pour-le-salon-du-livre","status":"publish","type":"post","link":"https:\/\/www.europesays.com\/fr\/322107\/","title":{"rendered":"Villeneuve. Une \u00e9dition r\u00e9ussie pour le salon du livre"},"content":{"rendered":"<p>Trente-cinq auteurs, dont six nouveaux, \u00e9taient pr\u00e9sents au salon du livre qui avait lieu \u00e0 la salle des f\u00eates dimanche 10 ao\u00fbt dernier. Cette manifestation se d\u00e9roule d\u00e9sormais \u00e0 l\u2019abri des diff\u00e9rentes perturbations m\u00e9t\u00e9orologiques possibles et semble donner satisfaction.<\/p>\n<p>Au fil des stands, les visiteurs et amateurs de livres b\u00e9n\u00e9ficiaient d\u2019un choix vari\u00e9, et des \u00e9changes \u00e9taient possibles avec les auteurs. Les organisateurs ont d\u00e9nombr\u00e9 500 visiteurs, avec une belle fr\u00e9quentation le matin. Un jeu consistant \u00e0 trouver le livre intrus \u00e9tait propos\u00e9 sur les stands et a connu un r\u00e9el succ\u00e8s.<\/p>\n<p>Si la forte chaleur de l\u2019apr\u00e8s-midi a quelque peu eu un impact sur la fr\u00e9quentation, la dict\u00e9e a pu \u00eatre r\u00e9alis\u00e9e par les amateurs d\u2019orthographe et de grammaire. Les auteurs semblaient satisfaits de l\u2019accueil, de l\u2019ambiance et du repas propos\u00e9.<\/p>\n<p>Ce rendez-vous culturel \u00e9tait organis\u00e9 par l\u2019association de la biblioth\u00e8que. Si cette manifestation est un aboutissement dans l\u2019action de ces b\u00e9n\u00e9voles, la f\u00eate n\u2019a pas totalement \u00e9t\u00e9 aussi joyeuse que pour les \u00e9ditions pr\u00e9c\u00e9dentes. En effet, Nicole Labonne, membre de l\u2019\u00e9quipe, nous a quitt\u00e9s. Pour le groupe de la biblioth\u00e8que, elle \u00e9tait une amie pr\u00e9cieuse et un \u00e9l\u00e9ment f\u00e9d\u00e9rateur. Elle a mis au service de la biblioth\u00e8que son talent et son savoir-faire (r\u00e9paration des livres ab\u00eem\u00e9s). Femme d\u2019honneur et de conviction, elle s\u2019est investie dans les diff\u00e9rentes activit\u00e9s et actions (permanences, lectures \u00e0 l\u2019Ehpad, salon du livre\u2026). Son bel esprit et son dynamisme manquent d\u00e9j\u00e0 aux b\u00e9n\u00e9voles de la m\u00e9diath\u00e8que.<\/p>\n<p>Prix litt\u00e9raire<\/p>\n<p>Par ailleurs, pour la deuxi\u00e8me fois, la Compagnie des \u00c9crivains du Tarn-et-Garonne, qui si\u00e8ge \u00e0 Montauban, a d\u00e9cern\u00e9 le premier prix de po\u00e9sie lib\u00e9r\u00e9e \u00e0 Th\u00e9r\u00e8se Albert R\u00e9b\u00e9 pour son po\u00e8me La Force d\u2019aimer, \u00e0 l\u2019issue d\u2019un concours national qui a attir\u00e9 de nombreuses candidatures. La c\u00e9r\u00e9monie de remise des prix aura lieu le 13 septembre \u00e0 la Maison de la Culture de Montauban.<\/p>\n","protected":false},"excerpt":{"rendered":"Trente-cinq auteurs, dont six nouveaux, \u00e9taient pr\u00e9sents au salon du livre qui avait lieu \u00e0 la salle des&hellip;\n","protected":false},"author":2,"featured_media":322108,"comment_status":"","ping_status":"","sticky":false,"template":"","format":"standard","meta":{"footnotes":""},"categories":[1357],"tags":[1379,58,59,1011,27,1380],"class_list":{"0":"post-322107","1":"post","2":"type-post","3":"status-publish","4":"format-standard","5":"has-post-thumbnail","7":"category-livres","8":"tag-books","9":"tag-divertissement","10":"tag-entertainment","11":"tag-fr","12":"tag-france","13":"tag-livres"},"share_on_mastodon":{"url":"https:\/\/pubeurope.com\/@fr\/115036391060156093","error":""},"_links":{"self":[{"href":"https:\/\/www.europesays.com\/fr\/wp-json\/wp\/v2\/posts\/322107","targetHints":{"allow":["GET"]}}],"collection":[{"href":"https:\/\/www.europesays.com\/fr\/wp-json\/wp\/v2\/posts"}],"about":[{"href":"https:\/\/www.europesays.com\/fr\/wp-json\/wp\/v2\/types\/post"}],"author":[{"embeddable":true,"href":"https:\/\/www.europesays.com\/fr\/wp-json\/wp\/v2\/users\/2"}],"replies":[{"embeddable":true,"href":"https:\/\/www.europesays.com\/fr\/wp-json\/wp\/v2\/comments?post=322107"}],"version-history":[{"count":0,"href":"https:\/\/www.europesays.com\/fr\/wp-json\/wp\/v2\/posts\/322107\/revisions"}],"wp:featuredmedia":[{"embeddable":true,"href":"https:\/\/www.europesays.com\/fr\/wp-json\/wp\/v2\/media\/322108"}],"wp:attachment":[{"href":"https:\/\/www.europesays.com\/fr\/wp-json\/wp\/v2\/media?parent=322107"}],"wp:term":[{"taxonomy":"category","embeddable":true,"href":"https:\/\/www.europesays.com\/fr\/wp-json\/wp\/v2\/categories?post=322107"},{"taxonomy":"post_tag","embeddable":true,"href":"https:\/\/www.europesays.com\/fr\/wp-json\/wp\/v2\/tags?post=322107"}],"curies":[{"name":"wp","href":"https:\/\/api.w.org\/{rel}","templated":true}]}}