{"id":322109,"date":"2025-08-16T03:46:13","date_gmt":"2025-08-16T03:46:13","guid":{"rendered":"https:\/\/www.europesays.com\/fr\/322109\/"},"modified":"2025-08-16T03:46:13","modified_gmt":"2025-08-16T03:46:13","slug":"jean-michel-maire-a-tenu-promesse-ses-projets-loin-de-cyr","status":"publish","type":"post","link":"https:\/\/www.europesays.com\/fr\/322109\/","title":{"rendered":"Jean-Michel Maire a tenu promesse, ses projets loin de Cyr &#8230;"},"content":{"rendered":"<p>EN BREF<\/p>\n<ul class=\"bloc_resume_post_list\">\n<li>Jean-Michel Maire, ancien chroniqueur de TPMP, s\u00a0\u00bbest<br \/>\ninstall\u00e9 en Tha\u00eflande apr\u00e8s avoir quitt\u00e9 la t\u00e9l\u00e9vision fran\u00e7aise en<br \/>\nmars dernier.<\/li>\n<li>Il travaille sur un projet li\u00e9 \u00e0 la communication et les<br \/>\nm\u00e9dias, tout en vivant une vie diff\u00e9rente \u00e0 10 000 km de<br \/>\nParis.<\/li>\n<li>Cyril Hanouna pr\u00e9pare son retour t\u00e9l\u00e9visuel avec &lsquo;Tout<br \/>\nbeau tout N9uf&rsquo;, mais l&rsquo;absence de Maire sera notable.<\/li>\n<\/ul>\n<p data-start=\"453\" data-end=\"778\">Jean-Michel Maire a<br \/>\nd\u00e9finitivement tourn\u00e9 la page de la t\u00e9l\u00e9vision fran\u00e7aise. Apr\u00e8s<br \/>\nplus de dix ans pass\u00e9s aux c\u00f4t\u00e9s de <a href=\"https:\/\/www.telestar.fr\/actu_tv\/sur-w9-cyril-hanouna-ne-veut-pas-retomber-dans-ses-travers-je-veux-rassembler-1734993\" rel=\"nofollow noopener\" target=\"_blank\"><br \/>\nCyril Hanouna<\/a> dans <a href=\"https:\/\/www.telestar.fr\/actu-tv\/tpmp\" rel=\"nofollow noopener\" target=\"_blank\">Touche pas \u00e0 mon poste !,<\/a> l\u2019ancien<br \/>\nchroniqueur vit d\u00e9sormais \u00e0 plus de 10 000 kilom\u00e8tres de Paris. Un<br \/>\nchoix assum\u00e9, qu\u2019il avait d\u00e9j\u00e0 \u00e9voqu\u00e9 en mars dernier, lors de la<br \/>\nfermeture de C8.<\/p>\n<p data-start=\"780\" data-end=\"1097\">\u00c0 l\u2019\u00e9poque, il confiait avoir<br \/>\nenvie de ralentir. \u00ab\u00a0J\u2019ai des<br \/>\nprojets de retraite. Je travaille depuis plus de 40 ans\u00a0\u00bb,<br \/>\nexpliquait-il sur le plateau. Six mois plus tard, il a tenu parole<br \/>\net s\u2019est install\u00e9 en Tha\u00eflande, o\u00f9 il m\u00e8ne une vie radicalement<br \/>\ndiff\u00e9rente, loin des plateaux t\u00e9l\u00e9 et des d\u00e9bats enflamm\u00e9s de<br \/>\nTPMP.<\/p>\n<p>Jean-Michel Maire install\u00e9 en Tha\u00eflande : une nouvelle vie et<br \/>\nun \u00ab\u00a0projet m\u00e9dias\u00a0\u00bb<\/p>\n<p data-start=\"1182\" data-end=\"1609\">Ce jeudi 14 ao\u00fbt 2025,<br \/>\n<a href=\"https:\/\/www.telestar.fr\/tag\/jean-michel-maire\" rel=\"nofollow noopener\" target=\"_blank\">Jean-Michel<br \/>\nMaire<\/a> a partag\u00e9 une vid\u00e9o sur ses r\u00e9seaux sociaux, r\u00e9v\u00e9lant ses<br \/>\nnouvelles activit\u00e9s. \u00ab\u00a0D\u00e9j\u00e0<br \/>\ntrois mois en Tha\u00eflande. C\u2019est un pays merveilleux, je m\u2019y suis<br \/>\ninstall\u00e9. Je travaille sur un projet, <strong>qui verra le jour \u00e0<br \/>\nla rentr\u00e9e<\/strong>\u00ab\u00a0, a-t-il annonc\u00e9 avec enthousiasme. Un<br \/>\nprojet li\u00e9 \u00e0 \u00ab\u00a0la<br \/>\ncommunication, les m\u00e9dias et le coaching\u00a0\u00bb, pr\u00e9cisant que ce<br \/>\nchangement de cap lui prenait beaucoup de temps.<\/p>\n<p data-start=\"1611\" data-end=\"2096\">Avec une telle distance, pas<br \/>\nquestion pour lui de rejoindre son ancien patron dans le nouveau<br \/>\ntalk-show de W9, Tout beau<br \/>\ntout N9uf. \u00ab\u00a0Je ne serai<br \/>\npas avec <a href=\"https:\/\/www.telestar.fr\/people\/cyril-hanouna-pour-la-rentree-il-annonce-de-linedit-a-la-tele-et-a-la-radio-mais-pas-que-1734672\" rel=\"nofollow noopener\" target=\"_blank\"><br \/>\nCyril dans TBT9<\/a>\u2026 Je suis \u00e0 10 000 km, c\u2019est un peu<br \/>\ncompliqu\u00e9\u00a0\u00bb, a-t-il reconnu. Une absence qui attriste ses<br \/>\nanciens camarades, \u00e0 commencer par <a href=\"https:\/\/www.telestar.fr\/people\/on-ma-diagnostique-une-maladie-qui-malheureusement-valerie-benaim-malade-elle-a-ete-operee-en-secret-1704862\" rel=\"nofollow noopener\" target=\"_blank\"><br \/>\nVal\u00e9rie B\u00e9na\u00efm<\/a> et Cyril Hanouna eux-m\u00eames. \u00ab\u00a0Bisous mon Jean-Mi. <strong>Tu me manques<br \/>\nd\u00e9j\u00e0<\/strong>\u00ab\u00a0, lui a \u00e9crit la premi\u00e8re, tandis que le second<br \/>\najoutait : \u00ab\u00a0Je t\u2019aime mon<br \/>\nJean Mi ! Tu me manques\u00a0\u00bb.<\/p>\n<blockquote class=\"instagram-media\" style=\"background: #ffffff;border: 0;margin: 1px;width: 100%;padding: 0;max-width: 500px;\" data-instgrm-permalink=\"https:\/\/www.instagram.com\/p\/DNTTRFYywBG\/\" data-instgrm-version=\"14\"\/><p>\nCyril Hanouna relance sa carri\u00e8re t\u00e9l\u00e9<br \/>\navec Tout beau tout N9uf<br \/>\nsur W9<\/p>\n<p data-start=\"2175\" data-end=\"2553\">Pendant que Jean-Michel Maire<br \/>\nprofite de sa nouvelle vie asiatique, Cyril Hanouna pr\u00e9pare son<br \/>\ngrand retour \u00e0 la t\u00e9l\u00e9vision avec <a href=\"https:\/\/www.telestar.fr\/actu_tv\/tout-beau-tout-n9uf-un-nouveau-chroniqueur-pour-cyril-hanouna-mais-on-reste-sans-voix-1734802\" rel=\"nofollow noopener\" target=\"_blank\"><br \/>\nTout beau tout N9uf<\/a>.<br \/>\nL\u2019animateur promet une \u00e9mission dans la lign\u00e9e de TPMP,<br \/>\navec \u00ab\u00a0de la<br \/>\ndarka, des happenings, du<br \/>\nd\u00e9bat, du people et aussi des faits divers\u00a0\u00bb. Le lancement,<br \/>\npr\u00e9vu en ext\u00e9rieur <strong>le 1\u1d49\u02b3 septembre sur W9<\/strong>,<br \/>\nmarquera une premi\u00e8re festive avec un public \u00e9largi.<\/p>\n<p data-start=\"2555\" data-end=\"2929\">Pour cette nouvelle aventure,<br \/>\nHanouna s\u2019entourera de visages bien connus comme <strong>Val\u00e9rie<br \/>\nBena\u00efm, G\u00e9raldine Maillet, Raymond ou encore Gilles<br \/>\nVerdez<\/strong>. Mais l\u2019absence de Jean-Michel Maire sera remarqu\u00e9e<br \/>\npar les fid\u00e8les. Lui, de son c\u00f4t\u00e9, savoure un quotidien sous les<br \/>\npalmiers, tourn\u00e9 vers de nouveaux horizons professionnels et<br \/>\npersonnels, bien loin de l\u2019agitation parisienne.<\/p>\n<p><script async src=\"\/\/www.instagram.com\/embed.js\"><\/script><\/p>\n","protected":false},"excerpt":{"rendered":"EN BREF Jean-Michel Maire, ancien chroniqueur de TPMP, s\u00a0\u00bbest install\u00e9 en Tha\u00eflande apr\u00e8s avoir quitt\u00e9 la t\u00e9l\u00e9vision fran\u00e7aise&hellip;\n","protected":false},"author":2,"featured_media":322110,"comment_status":"","ping_status":"","sticky":false,"template":"","format":"standard","meta":{"footnotes":""},"categories":[1356],"tags":[548,1083,58,59,1011,27,37300,252,550,1364],"class_list":{"0":"post-322109","1":"post","2":"type-post","3":"status-publish","4":"format-standard","5":"has-post-thumbnail","7":"category-television","8":"tag-article-simple","9":"tag-cyril-hanouna","10":"tag-divertissement","11":"tag-entertainment","12":"tag-fr","13":"tag-france","14":"tag-jean-michel-maire","15":"tag-television","16":"tag-tpmp","17":"tag-tv"},"share_on_mastodon":{"url":"https:\/\/pubeurope.com\/@fr\/115036395400036211","error":""},"_links":{"self":[{"href":"https:\/\/www.europesays.com\/fr\/wp-json\/wp\/v2\/posts\/322109","targetHints":{"allow":["GET"]}}],"collection":[{"href":"https:\/\/www.europesays.com\/fr\/wp-json\/wp\/v2\/posts"}],"about":[{"href":"https:\/\/www.europesays.com\/fr\/wp-json\/wp\/v2\/types\/post"}],"author":[{"embeddable":true,"href":"https:\/\/www.europesays.com\/fr\/wp-json\/wp\/v2\/users\/2"}],"replies":[{"embeddable":true,"href":"https:\/\/www.europesays.com\/fr\/wp-json\/wp\/v2\/comments?post=322109"}],"version-history":[{"count":0,"href":"https:\/\/www.europesays.com\/fr\/wp-json\/wp\/v2\/posts\/322109\/revisions"}],"wp:featuredmedia":[{"embeddable":true,"href":"https:\/\/www.europesays.com\/fr\/wp-json\/wp\/v2\/media\/322110"}],"wp:attachment":[{"href":"https:\/\/www.europesays.com\/fr\/wp-json\/wp\/v2\/media?parent=322109"}],"wp:term":[{"taxonomy":"category","embeddable":true,"href":"https:\/\/www.europesays.com\/fr\/wp-json\/wp\/v2\/categories?post=322109"},{"taxonomy":"post_tag","embeddable":true,"href":"https:\/\/www.europesays.com\/fr\/wp-json\/wp\/v2\/tags?post=322109"}],"curies":[{"name":"wp","href":"https:\/\/api.w.org\/{rel}","templated":true}]}}