{"id":322116,"date":"2025-08-16T03:51:14","date_gmt":"2025-08-16T03:51:14","guid":{"rendered":"https:\/\/www.europesays.com\/fr\/322116\/"},"modified":"2025-08-16T03:51:14","modified_gmt":"2025-08-16T03:51:14","slug":"kad-merad-qui-suce-des-orteils-un-vatican-mexicain-on-a-vu-papamobile-la-comedie-maudite","status":"publish","type":"post","link":"https:\/\/www.europesays.com\/fr\/322116\/","title":{"rendered":"Kad Merad qui suce des orteils, un Vatican mexicain&#8230; on a vu Papamobile, la com\u00e9die maudite"},"content":{"rendered":"<p style=\"font-weight: 400;\"><strong>La cons\u00e9cration\u00a0!<\/strong> Je suis dor\u00e9navant, c\u2019est quasi-certain, le seul humain vivant \u00e0 avoir vu en salles <strong>les deux films les plus compliqu\u00e9s \u00e0 voir<\/strong> de ces dix derni\u00e8res ann\u00e9es et, plus fort encore, \u00e0 y avoir surv\u00e9cu : <a href=\"https:\/\/www.cinematraque.com\/2019\/05\/24\/mektoub-my-love-intermezzo-adagio-en-q-majeur\/\" target=\"_blank\" rel=\"noopener\">Intermezzo de Kechiche<\/a>, et Papamobile avec Kad Merad.<\/p>\n<p style=\"font-weight: 400; text-align: justify;\">J\u2019ai vu (subi) le premier cit\u00e9 parce que j\u2019\u00e9tais \u00e0 Cannes au \u00ab bon \u00bb moment, le second parce que j\u2019ai su faire quelques sacrifices \u2013 on n\u2019a rien sans rien. Il faut dire que la presse m\u2019a bien mis la bave aux l\u00e8vres, depuis deux jours : Papamobile serait tellement rat\u00e9 que d\u2019un commun accord, producteur et distributeur, dans le dos du r\u00e9alisateur, auraient d\u00e9cid\u00e9 d\u2019en saborder la sortie. Moi je suis comme un gamin \u00e0 qui on dit \u00ab\u00a0t\u2019es pas cap\u00a0\u00bb, dans ces situations-l\u00e0, et je n\u2019ai aucun souci \u00e0 mettre ma vie en pause un vendredi f\u00e9ri\u00e9, ensoleill\u00e9, de week-end ao\u00fbtien \u00e0 chiller en famille, pour montrer que si, je suis cap.<\/p>\n<p style=\"font-weight: 400; text-align: justify;\">Contractuellement, <a href=\"https:\/\/www.dailymotion.com\/video\/x9ofwxg\" target=\"_blank\" rel=\"noopener\">une mini-bande-annonce<\/a> et une affiche ont tout de m\u00eame \u00e9t\u00e9 fagot\u00e9es, mais rien de plus. Aucune com, aucun plateau t\u00e9l\u00e9 malgr\u00e9 <strong>Kad Merad au g\u00e9n\u00e9rique<\/strong>\u00a0: on est bien l\u00e0 face \u00e0 un <strong>film maudit<\/strong>, donc potentiellement un jour culte (peu importera sa qualit\u00e9, cf Intermezzo cit\u00e9 ci-dessus, dont je vous rappelle au passage que c\u2019est \u00e0 peu pr\u00e8s aussi bien que regarder trois heures de storys Insta de candidats des Anges de la t\u00e9l\u00e9r\u00e9alit\u00e9). Si d\u2019ordinaire la raret\u00e9 cin\u00e9phile privil\u00e9gie les parigots et autres festivaliers, cette fois-ci non, ce sont les bouseux, qui peuvent \u00eatre les rares spectateurs de ce d\u00e9sastre annonc\u00e9. Six salles le programment dans des petits patelins en France, et de fait forc\u00e9ment, on ne trouve sur le web aucune critique presse (contrairement \u00e0 Mektoub my Love canto Due, que tous les journalistes cin\u00e9 de France ont d\u00e9j\u00e0 vu alors qu\u2019il n\u2019est pass\u00e9 qu\u2019au festoche de Locarno\u00a0; on voit o\u00f9 sont les priorit\u00e9s\u00a0!).<\/p>\n<p>Du Parrain \u00e0 Papamobile<\/p>\n<p style=\"font-weight: 400; text-align: justify;\">Moi qui n\u2019ai que <strong>des Marvel ou des films avec Christian Clavier \u00e0 l\u2019affiche<\/strong> depuis que j\u2019habite dans ma campagne, v\u2019l\u00e0 t\u2019y pas que Papamobile d\u00e9barque \u00e0 25 bornes de la maison. Plusieurs difficult\u00e9s \u00e0 cette proximit\u00e9 relative\u00a0: faut prendre la bagnole et (donc) faut \u00eatre sobre, et puis j\u2019aime pas aller \u00e0 Bagnoles-de-l\u2019Orne, parce que \u00e7a fait prendre la route de Messei et La-Selle-la-Forge et qu\u2019elle est relou car elle passe tout le temps de limit\u00e9e \u00e0 50 \u00e0 limit\u00e9e \u00e0 70 puis 90 mais \u00e7a, j\u2019avoue, vous vous en foutez.<\/p>\n<p style=\"font-weight: 400; text-align: justify;\">Il s\u2019agit aussi ici de mettre pr\u00e9matur\u00e9ment fin \u00e0 ma \u00ab\u00a0semaine de bonnes r\u00e9solutions cin\u00e9philes\u00a0\u00bb o\u00f9, comme chaque ann\u00e9e, je suspends mes revisionnages hebdomadaires de la trilogie Camping pour me motiver \u00e0 d\u00e9couvrir d\u2019autres chefs-d\u2019\u0153uvres, mais que je n\u2019avais jamais vus\u00a0: apr\u00e8s Eyes Wide Shut (qui a foutu ce putain de masque sur l\u2019oreiller\u00a0?), Le Parrain, Le Parrain 2 et Le Parrain 3 (maintenant c\u2019est bon je suis un vrai cin\u00e9phile), ce sera donc Papamobile.<\/p>\n<p style=\"font-weight: 400; text-align: justify;\">Dans la C3 lanc\u00e9e \u00e0 pleine vitesse (enfin \u00e0 50, puis 70, puis 50, puis 90 etc.), je me questionne vite fait tout de m\u00eame sur les choix de vie qui ont fait que j\u2019ai abandonn\u00e9 femme, enfant et t\u00e9l\u00e9 pour me rendre \u00e0 16h10 un jour f\u00e9ri\u00e9 ensoleill\u00e9 \u00e0 l\u2019hideux cin\u00e9ma du casino de Bagnoles-de-l\u2019Orne pour voir un navet autoproclam\u00e9 avec Kad Merad. Avant de reprendre mes esprits et d\u2019\u00eatre tr\u00e8s fier de moi, d\u2019appeler mes parents sans qui je ne serais rien, pour les remercier de m\u2019avoir permis par leur \u00e9ducation de devenir l\u2019homme qui aura fait le grand \u00e9cart entre Intermezzo et Papamobile. Et puis apr\u00e8s tout, c\u2019est pas beaucoup plus d\u00e9bile que de traverser la France pour aller d\u00e9couvrir le troisi\u00e8me opus du Plus belle la vie de K\u00e9chiche \u00e0 Locarno.<\/p>\n<p style=\"font-weight: 400; text-align: justify;\">Quelques centaines de m\u00e8tres d\u00e9j\u00e0 avant l\u2019entr\u00e9e de la ville, des dizaines de voitures gar\u00e9es sur le c\u00f4t\u00e9, et l\u00e0 me vient une vision\u00a0: soit y a un \u00e9v\u00e9nement et \u00e7a va \u00eatre la merde pour se garer, soit l\u2019\u00e9v\u00e9nement c\u2019est Papamobile, que par un effet Streisand de fou, la France enti\u00e8re veut maintenant d\u00e9couvrir. Bon, finalement j\u2019ai rat\u00e9 les bandes-annonces et on \u00e9tait trois dans la salle : c\u2019\u00e9tait jour de courses hippiques \u00e0 Bagnoles-de-l\u2019Orne.<\/p>\n<p>Le film, on y vient<\/p>\n<p style=\"font-weight: 400; text-align: justify;\">Papamobile, c\u2019est donc l\u2019histoire de pape Barnab\u00e9, incarn\u00e9 par Kad Merad, enlev\u00e9 lors d\u2019un voyage au Mexique par un cartel de drogue\u2026 qui se rendra rapidement compte que leur otage n\u2019est en r\u00e9alit\u00e9 que sa doublure, le suppl\u00e9ant dans les situations jug\u00e9es dangereuses.<\/p>\n<p style=\"font-weight: 400; text-align: justify;\">Bon, on va y aller sans d\u00e9tour\u00a0: <strong>oui, c\u2019est en effet super nul<\/strong>. On aurait vraiment aim\u00e9 contredire les producteur, distributeur et autres techniciens qui crachent depuis quelques jour sur le fruit de leur boulot, montrer que l\u2019\u0153uvre avait d\u2019une fa\u00e7on assez magique su leur \u00e9chapper, mais le film ressemble parfaitement \u00e0 <strong>l\u2019accident industriel<\/strong>\u00a0qu\u2019ils d\u00e9crivent un peu partout.<\/p>\n<p style=\"font-weight: 400;\">Deux choses cr\u00e8vent tr\u00e8s rapidement les yeux\u00a0: <strong>le sc\u00e9nario est mauvais<\/strong>, et le film en plus <strong>bien trop fauch\u00e9<\/strong> pour le mettre en sc\u00e8ne.<\/p>\n<p><img loading=\"lazy\" decoding=\"async\" class=\"size-large wp-image-50997\" src=\"https:\/\/www.europesays.com\/fr\/wp-content\/uploads\/2025\/08\/Photo-1\u00a9Tessalit-Novak-Prod-2025-1024x429.jpg\" alt=\"\" width=\"640\" height=\"268\"  \/>Qu\u2019est-ce que j\u2019ai fait au Bon Dieu ? \u00a9Tessalit \u2013 Novak Prod \u2013 2025<\/p>\n<p style=\"font-weight: 400; text-align: justify;\">Le premier point est sans appel, et ce qui rend la s\u00e9ance p\u00e9nible\u00a0: Papamobile ressemble \u00e0 une longue blague sans chute. Pas un gag, pas une p\u00e9rip\u00e9tie ne fonctionne, et l\u2019on sent tout ce petit monde compl\u00e8tement paum\u00e9\u00a0: Kad Merad n\u2019est absolument pas dirig\u00e9 et, malgr\u00e9 son immense potentiel comique maintes fois prouv\u00e9, incarne un pape terne et relou, et son acolyte Myriam Teka\u00efa se d\u00e9bat sans succ\u00e8s dans un r\u00f4le \u00e9crit avec des moufles, auquel il est impossible de croire. Elle incarne la ravisseuse, une riche cheffe de cartel mexicain, qui planque la came en fourrant des pruneaux : instable, elle est d\u00e9crite par la voix-off comme capable d\u2019intenses mouvements de col\u00e8res et de grands moments de joie. R\u00e9sultat, on a l\u2019impression de voir un personnage diff\u00e9rent dans chaque sc\u00e8ne, seulement caract\u00e9ris\u00e9 par des curseurs toujours \u00e0 fond : c\u2019est insupportable.<\/p>\n<p style=\"font-weight: 400; text-align: justify;\">Ce qui en revanche est assez rigolo, c\u2019est combien le film est fauch\u00e9 et tente (en vain) de ne pas trop le montrer. Il veut faire croire qu\u2019il se d\u00e9roule dans sa seconde moiti\u00e9 au Vatican, mais tous ses acteurs et figurants sont Mexicains (et observer quelques figurants ne comprenant pas trop ce qui leur arrive sur des coins de l\u2019\u00e9cran est savoureux). Il veut mettre en sc\u00e8ne une fuite en sous-marin, mais n\u2019a pas la thune pour, donc filme tr\u00e8s succinctement et en fondu discret une maquette type Playmobil\u00ae. Il veut filmer intens\u00e9ment une sc\u00e8ne de course-poursuite avec pistolets et tout, mais la foire tellement que la voix-off d\u2019elle-m\u00eame le conc\u00e8de : \u00ab\u00a0L\u00e0 je raconte mal, mais dans la r\u00e9alit\u00e9 c\u2019\u00e9tait extr\u00eamement spectaculaire. \u00bb<\/p>\n<p>Un bien triste bordel<\/p>\n<p style=\"font-weight: 400; text-align: justify;\">Ce savoureux moment de clairvoyance de la voix-off laisse entrevoir ce qu\u2019aurait pu \u00eatre un film comique fauch\u00e9 qui aurait pleinement admis sa condition. On aurait vu la maquette du sous-marin plus longtemps, on aurait assum\u00e9 le c\u00f4t\u00e9 Vatican low-cost, on n\u2019aurait pas fait semblant. Se dessine \u00e0 plusieurs endroits du film, comme quand une nonne se met \u00e0 danser sans raison, un virage vers une oeuvre comique monstrueusement m\u00e9ta, difforme, joyeusement chaotique ; quelqu\u2019un quelque part semble en tout cas un temps avoir voulu l\u2019emprunter, mais on le voit \u00e0 chaque fois rattrap\u00e9 par la patrouille, remis sur les rails d\u2019une narration relou, d\u2019un sc\u00e9nario rat\u00e9, cailloux immenses dans ses chaussures trou\u00e9es.<\/p>\n<p style=\"font-weight: 400; text-align: justify;\">On passera sur le gros moment de g\u00eane provoqu\u00e9 par une affreuse sc\u00e8ne de liturgie, o\u00f9 la doublure du pape se met \u00e0 sucer les doigts de pieds des cardinaux sans autre raison que de dragouiller son acolyte qui l\u2019observe dans l\u2019entreb\u00e2illement d\u2019une porte. On passera aussi sur le ridicule final, exp\u00e9di\u00e9 en trois minutes, o\u00f9 le m\u00e9chant capitule avec des effets sp\u00e9ciaux dignes des plus gros nanars de Serge P\u00e9nard.<\/p>\n<p style=\"font-weight: 400; text-align: justify;\">Et en pensant \u00e0 ce dieu des faiseurs de navets l\u2019on comprend pourquoi ce Papamobile n\u2019est jamais vraiment parvenu \u00e0 chiper notre sympathie, au contraire par exemple du toujours rigolo Ils sont fous ces normands\u00a0: ici, \u00e7a ne semble pas tant \u00eatre un joyeux bordel anarchique, qui a r\u00e9gn\u00e9, qu\u2019un encha\u00eenement de compromis un peu mous du genou sur fond d\u2019engueulades. Et de mieux comprendre pourquoi la d\u00e9cision prise par les gens qui ont l\u2019oseille, de la distribution minimale du film, s\u2019est faite sans que le r\u00e9alisateur lui-m\u00eame ne soit pr\u00e9venu.<\/p>\n<p style=\"font-weight: 400; text-align: justify;\">Pas si s\u00fbr que Papamobile devienne culte, finalement. Je n\u2019aurai de cesse toutefois de vous rappeler que j\u2019ai pris la route de Messei, un vendredi 15 ao\u00fbt ensoleill\u00e9, pour le voir en salles, lorsque dans quelques mois vous le d\u00e9couvrirez chez <strong>les zozos \u2013 pire insulte de jeune papa d\u2019un b\u00e9b\u00e9 qui r\u00e9p\u00e8te tout \u2013 d\u2019Amazon<\/strong> (qui sauront pour s\u00fbr surfer sur la promesse, pourtant non tenue, du nanar ultime).<\/p>\n<p>        About The Author<\/p>\n<p>                <a href=\"https:\/\/www.cinematraque.com\/author\/dzibz\/\" target=\"_blank\" rel=\"noopener\"><img loading=\"lazy\" decoding=\"async\" src=\"https:\/\/www.europesays.com\/fr\/wp-content\/uploads\/2025\/08\/vv-150x150.jpeg\" width=\"150\" height=\"150\" alt=\"DZIBZ\" class=\"avatar avatar-150 wp-user-avatar wp-user-avatar-150 alignnone photo\"\/><\/a><\/p>\n<p>                    <a href=\"https:\/\/www.cinematraque.com\/author\/dzibz\/\" target=\"_blank\" rel=\"noopener\">DZIBZ<\/a><\/p>\n<p>J\u2019ai presque \u00e9crit 28 livres et 32 films.<\/p>\n","protected":false},"excerpt":{"rendered":"La cons\u00e9cration\u00a0! Je suis dor\u00e9navant, c\u2019est quasi-certain, le seul humain vivant \u00e0 avoir vu en salles les deux&hellip;\n","protected":false},"author":2,"featured_media":322117,"comment_status":"","ping_status":"","sticky":false,"template":"","format":"standard","meta":{"footnotes":""},"categories":[8],"tags":[58,59,1011,27,45974,45535,45975],"class_list":{"0":"post-322116","1":"post","2":"type-post","3":"status-publish","4":"format-standard","5":"has-post-thumbnail","7":"category-divertissement","8":"tag-divertissement","9":"tag-entertainment","10":"tag-fr","11":"tag-france","12":"tag-intermezzo","13":"tag-kad-merad","14":"tag-papamobile"},"share_on_mastodon":{"url":"https:\/\/pubeurope.com\/@fr\/115036415619459855","error":""},"_links":{"self":[{"href":"https:\/\/www.europesays.com\/fr\/wp-json\/wp\/v2\/posts\/322116","targetHints":{"allow":["GET"]}}],"collection":[{"href":"https:\/\/www.europesays.com\/fr\/wp-json\/wp\/v2\/posts"}],"about":[{"href":"https:\/\/www.europesays.com\/fr\/wp-json\/wp\/v2\/types\/post"}],"author":[{"embeddable":true,"href":"https:\/\/www.europesays.com\/fr\/wp-json\/wp\/v2\/users\/2"}],"replies":[{"embeddable":true,"href":"https:\/\/www.europesays.com\/fr\/wp-json\/wp\/v2\/comments?post=322116"}],"version-history":[{"count":0,"href":"https:\/\/www.europesays.com\/fr\/wp-json\/wp\/v2\/posts\/322116\/revisions"}],"wp:featuredmedia":[{"embeddable":true,"href":"https:\/\/www.europesays.com\/fr\/wp-json\/wp\/v2\/media\/322117"}],"wp:attachment":[{"href":"https:\/\/www.europesays.com\/fr\/wp-json\/wp\/v2\/media?parent=322116"}],"wp:term":[{"taxonomy":"category","embeddable":true,"href":"https:\/\/www.europesays.com\/fr\/wp-json\/wp\/v2\/categories?post=322116"},{"taxonomy":"post_tag","embeddable":true,"href":"https:\/\/www.europesays.com\/fr\/wp-json\/wp\/v2\/tags?post=322116"}],"curies":[{"name":"wp","href":"https:\/\/api.w.org\/{rel}","templated":true}]}}