{"id":322122,"date":"2025-08-16T03:54:11","date_gmt":"2025-08-16T03:54:11","guid":{"rendered":"https:\/\/www.europesays.com\/fr\/322122\/"},"modified":"2025-08-16T03:54:11","modified_gmt":"2025-08-16T03:54:11","slug":"un-mort-et-plusieurs-blesses-dans-un-accident-de-train-dans-le-sud-ouest-du-danemark","status":"publish","type":"post","link":"https:\/\/www.europesays.com\/fr\/322122\/","title":{"rendered":"Un mort et plusieurs bless\u00e9s dans un accident de train dans le sud-ouest du Danemark"},"content":{"rendered":"<p>La cause de l\u2019accident, non pr\u00e9cis\u00e9e, impliquerait un train rapide et un v\u00e9hicule agricole.<\/p>\n<p class=\"fig-paragraph\">Au Danemark,\u00a0<a href=\"http:\/\/www.lefigaro.fr\/faits-divers\/corse-12-blesses-dont-4-graves-lors-d-un-accident-de-petit-train-touristique-20250731\" data-fig-type=\"NewsFlash\" data-gtm-custom-categorie=\"navigation\" data-gtm-custom-action=\"crossclick\" data-gtm-custom-label=\"Contextuel\" data-gtm-event=\"customEventSPE\" data-fig-domain=\"LEFIGARO\" target=\"_blank\" rel=\"noopener\">une collision<\/a>\u00a0entre un train et un v\u00e9hicule agricole au Danemark a fait un mort et plusieurs bless\u00e9s, a annonc\u00e9 vendredi la police, sans pr\u00e9ciser la gravit\u00e9 de ces blessures.<\/p>\n<p class=\"fig-paragraph\">\u00abUne personne est d\u00e9c\u00e9d\u00e9e et plusieurs ont \u00e9t\u00e9 bless\u00e9es dans un accident de train pr\u00e8s de Bjerndrup\u00bb dans le sud-ouest du pays, a \u00e9crit la police dans un communiqu\u00e9 qui indique que l&rsquo;accident, dont la cause n&rsquo;est pas pr\u00e9cis\u00e9e, implique un train rapide et un v\u00e9hicule agricole.<\/p>\n<p>                                    <a class=\"fig-a11y-skip a11y-hidden\" href=\"#fig-a11y-skip-main-inarticle\"><br \/>\n        Passer la publicit\u00e9<br \/>\n    <\/a><\/p>\n<p class=\"fig-paragraph\">Deux personnes ont \u00e9t\u00e9 transport\u00e9es par h\u00e9licopt\u00e8re, a-t-elle not\u00e9 sans autres pr\u00e9cisions sur leur \u00e9tat. L\u2019accident, dont la cause n\u2019est pas pr\u00e9cis\u00e9e, implique un train rapide et un v\u00e9hicule agricole. Sur X, l\u2019agence ferroviaire nationale, Banedanmark, a pr\u00e9cis\u00e9 que la collision avait eu lieu \u00e0 un passage \u00e0 niveau.<\/p>\n<p class=\"fig-paragraph\">D\u2019apr\u00e8s les m\u00e9dias locaux, au moins deux voitures du train qui reliait Copenhague \u00e0 S\u00f8nderborg ont d\u00e9raill\u00e9. Selon la compagnie ferroviaire DSB, qui op\u00e9rait le train, environ 95 personnes \u00e9taient \u00e0 bord, dont des \u00e9l\u00e8ves d\u2019une \u00e9cole de S\u00f8nderborg, a rel\u00e9v\u00e9 la presse.<\/p>\n","protected":false},"excerpt":{"rendered":"La cause de l\u2019accident, non pr\u00e9cis\u00e9e, impliquerait un train rapide et un v\u00e9hicule agricole. Au Danemark,\u00a0une collision\u00a0entre un&hellip;\n","protected":false},"author":2,"featured_media":322123,"comment_status":"","ping_status":"","sticky":false,"template":"","format":"standard","meta":{"footnotes":""},"categories":[5],"tags":[11,145,1011,27,14,12,926,28],"class_list":{"0":"post-322122","1":"post","2":"type-post","3":"status-publish","4":"format-standard","5":"has-post-thumbnail","7":"category-international","8":"tag-actualites","9":"tag-danemark","10":"tag-fr","11":"tag-france","12":"tag-international","13":"tag-news","14":"tag-train","15":"tag-world"},"share_on_mastodon":{"url":"https:\/\/pubeurope.com\/@fr\/115036426452891032","error":""},"_links":{"self":[{"href":"https:\/\/www.europesays.com\/fr\/wp-json\/wp\/v2\/posts\/322122","targetHints":{"allow":["GET"]}}],"collection":[{"href":"https:\/\/www.europesays.com\/fr\/wp-json\/wp\/v2\/posts"}],"about":[{"href":"https:\/\/www.europesays.com\/fr\/wp-json\/wp\/v2\/types\/post"}],"author":[{"embeddable":true,"href":"https:\/\/www.europesays.com\/fr\/wp-json\/wp\/v2\/users\/2"}],"replies":[{"embeddable":true,"href":"https:\/\/www.europesays.com\/fr\/wp-json\/wp\/v2\/comments?post=322122"}],"version-history":[{"count":0,"href":"https:\/\/www.europesays.com\/fr\/wp-json\/wp\/v2\/posts\/322122\/revisions"}],"wp:featuredmedia":[{"embeddable":true,"href":"https:\/\/www.europesays.com\/fr\/wp-json\/wp\/v2\/media\/322123"}],"wp:attachment":[{"href":"https:\/\/www.europesays.com\/fr\/wp-json\/wp\/v2\/media?parent=322122"}],"wp:term":[{"taxonomy":"category","embeddable":true,"href":"https:\/\/www.europesays.com\/fr\/wp-json\/wp\/v2\/categories?post=322122"},{"taxonomy":"post_tag","embeddable":true,"href":"https:\/\/www.europesays.com\/fr\/wp-json\/wp\/v2\/tags?post=322122"}],"curies":[{"name":"wp","href":"https:\/\/api.w.org\/{rel}","templated":true}]}}