{"id":322132,"date":"2025-08-16T04:04:12","date_gmt":"2025-08-16T04:04:12","guid":{"rendered":"https:\/\/www.europesays.com\/fr\/322132\/"},"modified":"2025-08-16T04:04:12","modified_gmt":"2025-08-16T04:04:12","slug":"sanary-en-musique-du-17-au-24-aout-une-10e-edition-ambitieuse","status":"publish","type":"post","link":"https:\/\/www.europesays.com\/fr\/322132\/","title":{"rendered":"Sanary en musique du 17 au 24 ao\u00fbt, une 10e \u00e9dition ambitieuse"},"content":{"rendered":"<p>Du 17 au 24 ao\u00fbt, Sanary change de rythme avec un r\u00e9pertoire classique mais pas que. Fran\u00e7oise Gn\u00e9ri, altiste passionn\u00e9e, professeure de violon au Conservatoire de Paris, cr\u00e9atrice du Collectif Fractales et organisatrice du festival Sanary en musique, nous d\u00e9voile le programme de ces six concerts en plein air et en acc\u00e8s libre.<\/p>\n<p>Ce 10e festival est sp\u00e9cial?<\/p>\n<p>Oui car il est tr\u00e8s ambitieux, avec plus de concerts et d\u2019artistes invit\u00e9s, souvent de classe internationale! Cette programmation des 10 ans sera tr\u00e8s festive et r\u00e9servera des surprises, car j\u2019aime les chemins de traverse et prendre le contre-pied des modes. On fait des pas de c\u00f4t\u00e9 en invitant des super musiciens qu\u2019on n\u2019entend pas partout!<\/p>\n<p>Certains anciens de Fractales, qui jouent dans de grands orchestres en France ou \u00e0 l\u2019\u00e9tranger, reviennent avec grand plaisir car nous gardons un lien fort, musical et amical. Organiser des concerts est de plus en plus difficile pour les petites associations et je suis tr\u00e8s heureuse d\u2019avoir pu r\u00e9aliser ce festival, gr\u00e2ce \u00e0 nos soutiens et la Ville en particulier! Cela met des concerts de grande qualit\u00e9 \u00e0 la port\u00e9e de tous!<\/p>\n<p>Vous nous mettez l\u2019eau \u00e0 la bouche\u2026<\/p>\n<p>Dimanche, nous d\u00e9marrons \u00e0 Notre-Dame de Piti\u00e9 avec les Toulonnais Vladimir M\u00e9dail et Marie Salvat du Duo Duente, un coup de c\u0153ur 2024! Cette ann\u00e9e, ils joueront \u00e0 la guitare, violon et ukul\u00e9l\u00e9 une rencontre entre des musiques hispaniques et latino-am\u00e9ricaines, m\u00e2tin\u00e9es de jazz\u2026 Marie sera aussi au chant, ce sera vif et enlev\u00e9!<\/p>\n<p>La com\u00e9dienne-clown Emma, invit\u00e9e myst\u00e8re, nous r\u00e9serve une surprise\u2026 Elle reviendra lundi \u00e0 21h sur le parvis de la mairie pour une \u00ab\u00a0causerie\u00a0\u00bb avec le compositeur Simone Tolom\u00e9eo et moi, un \u00e9change dr\u00f4le et philosophique. Puis, \u00e0 21h30 il ne faudra pas rater le Trio Rackham, qui initiera le public aux danses celtiques!<\/p>\n<p>Mardi 19, Emma la clown reviendra \u00ab\u00a0causer\u00a0\u00bb \u00e0 Notre-Dame de Piti\u00e9 avec Laurent Korcia, violoniste prodige qui fait une grande carri\u00e8re, en \u00ab\u00a0Carte blanche\u00a0\u00bb \u00e0 21h30. Je le rejoindrai avec Marie Salvat et Simone Tolom\u00e9o autour d\u2019Ysaye, des Miniatures de Dvorak et d\u2019airs tr\u00e8s dansants de Piazzola et De Falla\u2026<\/p>\n<p>Quid de Fractales?<\/p>\n<p>Les deux soir\u00e9es suivantes mettent Fractales en avant avec les M\u00e9tamorphoses de Strauss le 20 ao\u00fbt \u00e0 Notre-Dame de Piti\u00e9, puis avec des cr\u00e9ations d\u2019Ang\u00e8le Pungier du Trio Rackham le 21, un r\u00e9pertoire populaire avant les musiques savantes de Brahms (quintette op. 111) et Leclair (duos). Puis Van Kuijk, l\u2019un des plus grands quatuors actuels, offrira au public un grand moment le 22 entre Mozart, Beethoven, Ravel et Trottignon.<\/p>\n<p>Enfin, la soir\u00e9e de cl\u00f4ture du 24 sera \u00e9clatante avec deux cr\u00e9ations mondiales 2025 de Simone Tolom\u00e9o sur le parvis Galli, l\u2019ouverture op. 13 An\u00e9sthema et deux Arias opus 14 pour cordes et soprano. Mais aussi les pr\u00e9lude et allegro de Kreisler, les Airs boh\u00e9miens de Sarasate, un tube du violon avec Laurent Korcia en solo, et des extraits du double concert de Bach et de Souvenirs de Florence de Tcha\u00efkovski, chant\u00e9s par Coline Infante!<\/p>\n<p>infos Festival Sanary en musique, du 17 au 24 ao\u00fbt six soir\u00e9es de musique classique sur le parvis du th\u00e9\u00e2tre Galli, de la chapelle Notre-Dame de la Piti\u00e9 et de l\u2019\u00e9glise Saint-Nazaire. Acc\u00e8s libre. www.collectiffractales.fr www.sanarysurmer.com<\/p>\n<p>Les projets de Fractales<\/p>\n<p>Fractales, cette p\u00e9pini\u00e8re sanaryenne qui aide de jeunes musiciens professionnels \u00e0 d\u00e9velopper leur carri\u00e8re, ne manque assur\u00e9ment pas de projets!<\/p>\n<p>L\u2019association s\u2019est beaucoup rajeunie, m\u00eame si les anciens sont toujours pr\u00e9sents. Le tournant de la m\u00e9diation: le grand projet 2026-2027 est de d\u00e9velopper des actions p\u00e9dagogiques dans des \u00e9coles, coll\u00e8ges et lyc\u00e9es de l\u2019aire toulonnaise car \u00ab\u00a0la musique, comme le sport, se doit d\u2019\u00eatre partout, parce qu\u2019elle est un \u00e9l\u00e9ment central de la structuration de l\u2019individu!\u00a0\u00bb<\/p>\n<p>Davantage de transversalit\u00e9<\/p>\n<p>D\u00e9j\u00e0 caract\u00e9ris\u00e9e pour son \u00e9clectisme et son ouverture musicale, l\u2019association cherche aujourd\u2019hui \u00e0 m\u00ealer la musique \u00e0 d\u2019autres moyens d\u2019expression artistiques, dans une volont\u00e9 de m\u00e9lange des arts<\/p>\n<p>La cr\u00e9ation est toujours au c\u0153ur des projets: un axe de d\u00e9veloppement plus que jamais essentiel pour Fractales, qui mettra l\u2019ann\u00e9e prochaine les femmes \u00e0 l\u2019honneur avec un premier projet conclu avec la compositrice Lisa Heute!<\/p>\n<p>              <img ci-src=\"https:\/\/www.varmatin.com\/belle-histoire\/protec\/DATA_ART_16082608-F4JaCYqn.jpeg?vh=910e7b&amp;ci_seal=19af6239ac\" alt=\"\"\/><br \/>\n        Le violoniste virtuose Laurent Korcia.  <strong>photos dr.<\/strong> <\/p>\n","protected":false},"excerpt":{"rendered":"Du 17 au 24 ao\u00fbt, Sanary change de rythme avec un r\u00e9pertoire classique mais pas que. Fran\u00e7oise Gn\u00e9ri,&hellip;\n","protected":false},"author":2,"featured_media":322133,"comment_status":"","ping_status":"","sticky":false,"template":"","format":"standard","meta":{"footnotes":""},"categories":[9619],"tags":[1111,11,11130,251,1777,674,7186,1011,27,4075,1393,2487,12,2922,882,25,2310,1631,3366],"class_list":{"0":"post-322132","1":"post","2":"type-post","3":"status-publish","4":"format-standard","5":"has-post-thumbnail","7":"category-toulon","8":"tag-actu","9":"tag-actualites","10":"tag-belle-histoire","11":"tag-culture","12":"tag-eu","13":"tag-europe","14":"tag-festivites","15":"tag-fr","16":"tag-france","17":"tag-jeunesse","18":"tag-loisirs","19":"tag-meteo","20":"tag-news","21":"tag-pouvoir-dachat","22":"tag-provence-alpes-cote-dazur","23":"tag-republique-francaise","24":"tag-toulon","25":"tag-vie-associative","26":"tag-vie-locale"},"share_on_mastodon":{"url":"https:\/\/pubeurope.com\/@fr\/115036465732232115","error":""},"_links":{"self":[{"href":"https:\/\/www.europesays.com\/fr\/wp-json\/wp\/v2\/posts\/322132","targetHints":{"allow":["GET"]}}],"collection":[{"href":"https:\/\/www.europesays.com\/fr\/wp-json\/wp\/v2\/posts"}],"about":[{"href":"https:\/\/www.europesays.com\/fr\/wp-json\/wp\/v2\/types\/post"}],"author":[{"embeddable":true,"href":"https:\/\/www.europesays.com\/fr\/wp-json\/wp\/v2\/users\/2"}],"replies":[{"embeddable":true,"href":"https:\/\/www.europesays.com\/fr\/wp-json\/wp\/v2\/comments?post=322132"}],"version-history":[{"count":0,"href":"https:\/\/www.europesays.com\/fr\/wp-json\/wp\/v2\/posts\/322132\/revisions"}],"wp:featuredmedia":[{"embeddable":true,"href":"https:\/\/www.europesays.com\/fr\/wp-json\/wp\/v2\/media\/322133"}],"wp:attachment":[{"href":"https:\/\/www.europesays.com\/fr\/wp-json\/wp\/v2\/media?parent=322132"}],"wp:term":[{"taxonomy":"category","embeddable":true,"href":"https:\/\/www.europesays.com\/fr\/wp-json\/wp\/v2\/categories?post=322132"},{"taxonomy":"post_tag","embeddable":true,"href":"https:\/\/www.europesays.com\/fr\/wp-json\/wp\/v2\/tags?post=322132"}],"curies":[{"name":"wp","href":"https:\/\/api.w.org\/{rel}","templated":true}]}}