{"id":322138,"date":"2025-08-16T04:07:45","date_gmt":"2025-08-16T04:07:45","guid":{"rendered":"https:\/\/www.europesays.com\/fr\/322138\/"},"modified":"2025-08-16T04:07:45","modified_gmt":"2025-08-16T04:07:45","slug":"autopsie-apres-le-deces-dune-adolescente-souffrante-de-crises-depilepsie","status":"publish","type":"post","link":"https:\/\/www.europesays.com\/fr\/322138\/","title":{"rendered":"autopsie apr\u00e8s le d\u00e9c\u00e8s d&rsquo;une adolescente souffrante de crises d&rsquo;\u00e9pilepsie"},"content":{"rendered":"<p>            Par<br \/>\n        <strong><br \/>\n            <a href=\"https:\/\/actu.fr\/auteur\/jm-aubert\" title=\"Consulter tous les articles de Jean-Marc Aubert\" rel=\"nofollow noopener\" target=\"_blank\">Jean-Marc Aubert<\/a><br \/>\n        <\/strong><\/p>\n<p>        Publi\u00e9 le<\/p>\n<p>            14 ao\u00fbt 2025 \u00e0 9h22<br \/>\n        ; mis \u00e0 jour le 14 ao\u00fbt 2025 \u00e0 12h05    <\/p>\n<p>Une <strong>enqu\u00eate de police<\/strong> et une\u00a0<strong>autopsie<\/strong> a \u00e9t\u00e9 ordonn\u00e9e par le parquet de Montpellier, ce mercredi 13 ao\u00fbt 2025, apr\u00e8s le <strong>d\u00e9c\u00e8s brutal<\/strong> d\u2019une adolescente \u00e2g\u00e9e de 15 ans au Luna Park de <strong>P\u00e9rols<\/strong>, o\u00f9 r\u00e9side sa famille de forains.<\/p>\n<p>    <a href=\"https:\/\/www.google.com\/maps\/embed?pb=!1m18!1m12!1m3!1d4159.513915407819!2d3.9480947908442605!3d43.57130148134448!2m3!1f0!2f0!3f0!3m2!1i1024!2i768!4f13.1!3m3!1m2!1s0x12b6a4d4493e02e5%3A0x1217e75b63971103!2sParc%20des%20Expositions%20de%20Montpellier%2C%20P%C3%A9rols!5e0!3m2!1sfr!2sfr!4v1755154322863!5m2!1sfr!2sfr\" title=\"Ouvrie le lien\" rel=\"nofollow noopener\" target=\"_blank\">Cliquez ici pour visualiser le contenu<\/a><\/p>\n<p class=\" wall-content\">Vers 13h45, l\u2019adolescente qui souffre de <strong>crises chroniques d\u2019\u00e9pilepsie<\/strong>\u00a0a \u00e9t\u00e9 retrouv\u00e9e dans un profond coma dans son lit, dans la caravane familiale sur le site du Luna Park install\u00e9 pour l\u2019\u00e9t\u00e9 sur le parking du parc des expositions de Montpellier, dans la commune de P\u00e9rols et qui doit fermer comme pr\u00e9vu \u00e0 la fin de ce mois.<\/p>\n<p class=\" wall-content\">Elle a \u00e9t\u00e9 secourue par les sapeurs-pompiers du <strong>Sdis 34<\/strong> et une \u00e9quipe du <strong>Smur-Samu<\/strong> et prise en charge dans un \u00e9tat tr\u00e8s critique. Des motards de la police nationale ont escort\u00e9 l\u2019ambulance de P\u00e9rols vers les urgences de l\u2019h\u00f4pital Lapeyronie, mais l\u2019adolescente est d\u00e9c\u00e9d\u00e9e sur le trajet. Un m\u00e9decin du CHU a pos\u00e9 un obstacle m\u00e9dico-l\u00e9gal.<\/p>\n<p>Recherche des causes de la mort<\/p>\n<p class=\" wall-content\">Les enqu\u00eateurs du <strong>Service local de police judiciaire<\/strong> -Slpj- du commissariat central \u00e9taient saisis d\u2019une enqu\u00eate pr\u00e9liminaire ouverte par le parquet de Montpellier pour \u00ab\u00a0recherche des causes de la mort\u00a0\u00bb, tandis qu\u2019une <strong>autopsie<\/strong> \u00e9tait ordonn\u00e9e pour \u00e9tablir la cause exacte du d\u00e9c\u00e8s. Il semble que, quelques heures avant qu\u2019elle ne tombe inanim\u00e9e, l\u2019adolescente aurait \u00e9t\u00e9 prise d\u2019une violente crise d\u2019\u00e9pilepsie, avant qu\u2019elle ne se calme.<\/p>\n<p>Vid\u00e9os : en ce moment sur Actu<\/p>\n<p class=\" wall-content\">Dans la foul\u00e9e, ce mercredi apr\u00e8s-midi, les policiers ont proc\u00e9d\u00e9 \u00e0 des constatations techniques et scientifiques sur le site du Luna Park, notamment dans la caravane des parents de la victime, en leur pr\u00e9sence. Ils sont repartis en emportant le dossier m\u00e9dical de la jeune fille.<\/p>\n<p>Des forains rassembl\u00e9s au CHU<\/p>\n<p class=\" wall-content\">La communaut\u00e9 foraine est sous le choc et d\u00e8s l\u2019annonce de ce d\u00e9c\u00e8s, entre 120 et 150 personnes qui tiennent des attractions P\u00e9rols se sont rassembl\u00e9s dans le calme, devant l\u2019entr\u00e9e du service des urgences de l\u2019h\u00f4pital Lapeyronie, route des Ganges. Vers 19h, le papa de l\u2019adolescente est arriv\u00e9 pour demander \u00e0 \u00eatre re\u00e7u par la direction du CHU en exigeant que l\u2019autopsie soit r\u00e9alis\u00e9e ce jeudi.<\/p>\n<p>Les forains solidaires de cette famille<\/p>\n<p class=\" wall-content\">Apr\u00e8s la venue d\u2019un cadre d\u2019astreinte et d\u2019un officier de police judiciaire d\u00e9p\u00each\u00e9 du commissariat central, qui ont \u00e9chang\u00e9 avec ce p\u00e8re de famille, les forains ont quitt\u00e9 les lieux \u00e0 22h, mais ont promis de revenir ce vendredi en plus grand nombre, avec notamment ceux des parcs d\u2019attraction du d\u00e9partement qui devraient les fermer au moins ce jeudi, par solidarit\u00e9 envers cette famille endeuill\u00e9e. Ils vont de nouveau r\u00e9clamer que l\u2019autopsie soit r\u00e9alis\u00e9e dans les plus brefs d\u00e9lais au D\u00e9partement de m\u00e9decine l\u00e9gale o\u00f9 repose la d\u00e9pouille de la mineure.<\/p>\n<p>Comment survient une crise d\u2019\u00e9pilepsie ?<\/p>\n<p class=\" wall-content\">L\u2019\u00e9pilepsie est une maladie chronique du cerveau associant diff\u00e9rentes anomalies :\u00a0survenue de crises d\u2019\u00e9pilepsie, le sympt\u00f4me le plus impressionnant, pr\u00e9sence d\u2019une pr\u00e9disposition c\u00e9r\u00e9brale \u00e0 g\u00e9n\u00e9rer ces crises d\u2019\u00e9pilepsie, dont des anomalies \u00e9lectriques \u00e0 l\u2019\u00e9lectro-enc\u00e9phalogramme, l\u00e9sions du cerveau favorisant la survenue des crises,\u00a0<br \/>cons\u00e9quences associ\u00e9es variables avec des troubles cognitifs, psychologiques, sociaux, survenant au cours de l\u2019\u00e9volution de l\u2019\u00e9pilepsie.<\/p>\n<p class=\" wall-content\">Il existe donc de nombreuses maladies \u00e9pileptiques de gravit\u00e9 variable et d\u00e9finies en fonction de\u00a0l\u2019\u00e2ge d\u2019apparition des crises d\u2019\u00e9pilepsie, de\u00a0leur cause sous-jacente, de\u00a0la nature et la fr\u00e9quence des crises \u00e9pileptiques et\u00a0la r\u00e9ponse au traitement anti-\u00e9pileptique.\u00a0<br \/>La crise d\u2019\u00e9pilepsie se caract\u00e9rise par des manifestations physiques transitoires qui r\u00e9sultent de d\u00e9charges \u00e9lectriques brusques et excessives d\u2019influx nerveux dans le cerveau, v\u00e9ritables \u00e9clairs parcourant de nombreux neurones. Ces d\u00e9charges apparaissent dans la partie p\u00e9riph\u00e9rique du cerveau, ou cortex.<\/p>\n<p class=\" wall-content\">Suivez toute l\u2019actualit\u00e9 de vos villes et m\u00e9dias favoris en vous inscrivant \u00e0 <a href=\"https:\/\/moncompte.actu.fr\" title=\"D\u00e9couvez Mon Actu\" rel=\"nofollow noopener\" data-trk=\"{&quot;cta&quot;:{&quot;action&quot;:&quot;https:\\\/\\\/moncompte.actu.fr&quot;,&quot;category&quot;:&quot;mon compte&quot;,&quot;from&quot;:&quot;article footer&quot;,&quot;name&quot;:&quot;Mon actu&quot;,&quot;type&quot;:&quot;cta&quot;}}\" target=\"_blank\">Mon Actu<\/a>.<\/p>\n","protected":false},"excerpt":{"rendered":"Par Jean-Marc Aubert Publi\u00e9 le 14 ao\u00fbt 2025 \u00e0 9h22 ; mis \u00e0 jour le 14 ao\u00fbt 2025&hellip;\n","protected":false},"author":2,"featured_media":322139,"comment_status":"","ping_status":"","sticky":false,"template":"","format":"standard","meta":{"footnotes":""},"categories":[9599],"tags":[1111,11,1777,674,118,1011,27,303,2208,12,2680,1072,25,71],"class_list":{"0":"post-322138","1":"post","2":"type-post","3":"status-publish","4":"format-standard","5":"has-post-thumbnail","7":"category-montpellier","8":"tag-actu","9":"tag-actualites","10":"tag-eu","11":"tag-europe","12":"tag-faits-divers","13":"tag-fr","14":"tag-france","15":"tag-justice","16":"tag-montpellier","17":"tag-news","18":"tag-occitanie","19":"tag-police","20":"tag-republique-francaise","21":"tag-sante"},"share_on_mastodon":{"url":"https:\/\/pubeurope.com\/@fr\/115036477429844395","error":""},"_links":{"self":[{"href":"https:\/\/www.europesays.com\/fr\/wp-json\/wp\/v2\/posts\/322138","targetHints":{"allow":["GET"]}}],"collection":[{"href":"https:\/\/www.europesays.com\/fr\/wp-json\/wp\/v2\/posts"}],"about":[{"href":"https:\/\/www.europesays.com\/fr\/wp-json\/wp\/v2\/types\/post"}],"author":[{"embeddable":true,"href":"https:\/\/www.europesays.com\/fr\/wp-json\/wp\/v2\/users\/2"}],"replies":[{"embeddable":true,"href":"https:\/\/www.europesays.com\/fr\/wp-json\/wp\/v2\/comments?post=322138"}],"version-history":[{"count":0,"href":"https:\/\/www.europesays.com\/fr\/wp-json\/wp\/v2\/posts\/322138\/revisions"}],"wp:featuredmedia":[{"embeddable":true,"href":"https:\/\/www.europesays.com\/fr\/wp-json\/wp\/v2\/media\/322139"}],"wp:attachment":[{"href":"https:\/\/www.europesays.com\/fr\/wp-json\/wp\/v2\/media?parent=322138"}],"wp:term":[{"taxonomy":"category","embeddable":true,"href":"https:\/\/www.europesays.com\/fr\/wp-json\/wp\/v2\/categories?post=322138"},{"taxonomy":"post_tag","embeddable":true,"href":"https:\/\/www.europesays.com\/fr\/wp-json\/wp\/v2\/tags?post=322138"}],"curies":[{"name":"wp","href":"https:\/\/api.w.org\/{rel}","templated":true}]}}