{"id":322140,"date":"2025-08-16T04:09:14","date_gmt":"2025-08-16T04:09:14","guid":{"rendered":"https:\/\/www.europesays.com\/fr\/322140\/"},"modified":"2025-08-16T04:09:14","modified_gmt":"2025-08-16T04:09:14","slug":"play-off-leader-de-la-phase-reguliere-devant-rouen-montpellier-partira-favori-a-la-rochelle","status":"publish","type":"post","link":"https:\/\/www.europesays.com\/fr\/322140\/","title":{"rendered":"Play-off : leader de la phase r\u00e9guli\u00e8re devant Rouen, Montpellier partira favori \u00e0 La Rochelle"},"content":{"rendered":"<p>\n                                                                C&rsquo;est un autre championnat qui commence ce samedi entre les quatre premiers du championnat de France de Division 1. Montpellier, premier, affronte La Rochelle, 4e et Rouen, 2e, se d\u00e9place \u00e0 Toulouse (3e). Une s\u00e9rie au meilleur des cinq matches, avec la phase retour (match 3 \u00e0 5 si n\u00e9cessaire) pour esp\u00e9rer mettre le cap sur la finale.\n                            <\/p>\n<p>Deux semaines se sont \u00e9coul\u00e9es entre la fin de la phase r\u00e9guli\u00e8re, domin\u00e9e par Montpellier, devant Rouen, et l\u2019entame des play-off ce week-end, et elles ne furent pas de tout repos. Une partie des Barracudas a pu souffler, poser la batte quelques jours quand cinq d\u2019entre-eux \u00e9taient retenus en \u00e9quipe de France des moins de 23 ans afin de disputer les championnats d\u2019Europe en R\u00e9publique tch\u00e8que. Dix jours intenses pour Ben Couvreur, Julien Monks, Luc Polit, Dorian Bouniol, Pierre Doat\u2005; cinq matches disput\u00e9s et la 5e place de la comp\u00e9tition pour les Bleus.<\/p>\n<p>La cl\u00e9 dans la gestion des lanceurs<\/p>\n<p>L\u2019enjeu pour les Montpelli\u00e9rains rest\u00e9s \u00e0 Veyrassi a \u00e9t\u00e9 de \u00ab\u2005garder le fil\u2005\u00bb, explique le manager Olivier Brossier. \u00ab\u00a0On a travaill\u00e9 les situations r\u00e9elles de match, de frappes, de lancers.\u00a0\u00bb\u00a0Pr\u00eat \u00e0 affronter une \u00e9quipe de La Rochelle qui avait inflig\u00e9 deux d\u00e9faites aux Montpelli\u00e9rains lors de la 1re journ\u00e9e de championnat. De l\u2019eau a coul\u00e9\u2026<br \/>Des Barracudas alors en rodage, avec une recrue qui s\u2019\u00e9tait d\u00e9sist\u00e9e au dernier moment, et qui depuis n\u2019ont cess\u00e9 de monter en puissance, invaincus \u00e0 domicile. \u00ab\u00a0C\u2019est un autre championnat qui commence, avec une s\u00e9rie de cinq matches et une autre gestion des lanceurs,\u00a0pr\u00e9cise Olivier Brossier. Il y a une strat\u00e9gie \u00e0 mettre en place, d\u2019autant plus qu\u2019on perd Ben Couvreur, parti aux Etats-Unis et qui couvrait une partie des manches JFL (joueurs form\u00e9s localement) lanc\u00e9es par les Fran\u00e7ais. Il faut repenser la strat\u00e9gie sans lui. L\u2019objectif est de gagner trois matches sur les cinq, pas forc\u00e9ment de tout remporter. Il y a des moments o\u00f9 des choix strat\u00e9giques se font pour savoir quel lanceur on utilise, pour ne pas griller les cartouches trop t\u00f4t, quitte \u00e0 perdre un match. Il faut \u00eatre capable de faire le dos rond, de garder au maximum de choix pour les matches d\u00e9cisifs.\u00a0\u00bb<\/p>\n<p>Revenir de La Rochelle avec au moins une victoire<\/p>\n<p>Montpellier sera priv\u00e9 d\u2019Isma\u00ebl Pontiac, bless\u00e9, et enregistre le retour de Fabian Kovacs\u2005; de son c\u00f4t\u00e9, La Rochelle devrait \u00eatre priv\u00e9s de deux \u00e9l\u00e9ments, deux frappeurs, qui comme Ben Couvreur feront leur rentr\u00e9e universitaire am\u00e9ricaine. \u00ab\u00a0C\u2019est une \u00e9quipe qui a connu un creux \u00e0 mi-saison et a obtenu sa qualification sur la derni\u00e8re journ\u00e9e\u2005; elle a altern\u00e9 le bon et le moins bon mais est capable de hausser son niveau de jeu et de nous poser des probl\u00e8mes, m\u00eame si on est clairement favoris. \u00c0 nous de jouer notre jeu, et de revenir a minima avec une victoire\u00a0\u00bb. Montpellier aura ensuite trois matches \u00e0 domicile pour finir la s\u00e9rie, le week-end prochain \u00e0 Veyrassi.<\/p>\n<p>Montpellier, habitu\u00e9 du dernier carr\u00e9<\/p>\n<p>Il aura aussi dans sa manche l\u2019atout de l\u2019exp\u00e9rience de ces matches couperets alors que ces derni\u00e8res ann\u00e9es, il a quasiment toujours figur\u00e9 dans le dernier carr\u00e9. \u00ab\u00a0On a toujours maintenu un certains niveaux, et pendant longtemps, sans parvenir \u00e0 gagner le titre\u2005!\u00a0\u00bb\u00a0Montpellier avait enfin touch\u00e9 le Graal en 2023 battu en demi-finale en 2021 et 2022 par Rouen, en 2024 par Savigny.<\/p>\n<p>Programme :<br \/>Montpellier, leader de la phase r\u00e9guli\u00e8re, recevra les matches 3 \u00e0 5 (si besoin) \u00e0 Veyrassi, les 23 et 24 ao\u00fbt. Avantage du terrain aussi pour Rouen, 2e, oppos\u00e9 \u00e0 Toulouse d\u00e8s ce week-end dans la ville rose pour les deux premi\u00e8res rencontres de ces demi-finales, au meilleur des cinq manches.\u00c0 La Rochelle et \u00e0 Toulouse, premier round ce samedi 16 ao\u00fbt \u00e0 17 h puis dimanche 17 ao\u00fbt \u00e0 11 h.<\/p>\n","protected":false},"excerpt":{"rendered":"C&rsquo;est un autre championnat qui commence ce samedi entre les quatre premiers du championnat de France de Division&hellip;\n","protected":false},"author":2,"featured_media":322141,"comment_status":"","ping_status":"","sticky":false,"template":"","format":"standard","meta":{"footnotes":""},"categories":[9587],"tags":[1111,11,1777,674,1011,27,12,5161,25,9590],"class_list":{"0":"post-322140","1":"post","2":"type-post","3":"status-publish","4":"format-standard","5":"has-post-thumbnail","7":"category-rouen","8":"tag-actu","9":"tag-actualites","10":"tag-eu","11":"tag-europe","12":"tag-fr","13":"tag-france","14":"tag-news","15":"tag-normandie","16":"tag-republique-francaise","17":"tag-rouen"},"share_on_mastodon":{"url":"https:\/\/pubeurope.com\/@fr\/115036485260045081","error":""},"_links":{"self":[{"href":"https:\/\/www.europesays.com\/fr\/wp-json\/wp\/v2\/posts\/322140","targetHints":{"allow":["GET"]}}],"collection":[{"href":"https:\/\/www.europesays.com\/fr\/wp-json\/wp\/v2\/posts"}],"about":[{"href":"https:\/\/www.europesays.com\/fr\/wp-json\/wp\/v2\/types\/post"}],"author":[{"embeddable":true,"href":"https:\/\/www.europesays.com\/fr\/wp-json\/wp\/v2\/users\/2"}],"replies":[{"embeddable":true,"href":"https:\/\/www.europesays.com\/fr\/wp-json\/wp\/v2\/comments?post=322140"}],"version-history":[{"count":0,"href":"https:\/\/www.europesays.com\/fr\/wp-json\/wp\/v2\/posts\/322140\/revisions"}],"wp:featuredmedia":[{"embeddable":true,"href":"https:\/\/www.europesays.com\/fr\/wp-json\/wp\/v2\/media\/322141"}],"wp:attachment":[{"href":"https:\/\/www.europesays.com\/fr\/wp-json\/wp\/v2\/media?parent=322140"}],"wp:term":[{"taxonomy":"category","embeddable":true,"href":"https:\/\/www.europesays.com\/fr\/wp-json\/wp\/v2\/categories?post=322140"},{"taxonomy":"post_tag","embeddable":true,"href":"https:\/\/www.europesays.com\/fr\/wp-json\/wp\/v2\/tags?post=322140"}],"curies":[{"name":"wp","href":"https:\/\/api.w.org\/{rel}","templated":true}]}}