{"id":322143,"date":"2025-08-16T04:14:18","date_gmt":"2025-08-16T04:14:18","guid":{"rendered":"https:\/\/www.europesays.com\/fr\/322143\/"},"modified":"2025-08-16T04:14:18","modified_gmt":"2025-08-16T04:14:18","slug":"si-on-veut-etre-une-grande-equipe-on-doit-faire-plus-la-colere-froide-de-de-zerbi-contre-les-joueurs-marseillais","status":"publish","type":"post","link":"https:\/\/www.europesays.com\/fr\/322143\/","title":{"rendered":"\u00ab\u00a0Si on veut \u00eatre une grande \u00e9quipe, on doit faire plus\u00a0\u00bb, la col\u00e8re froide de De Zerbi contre les joueurs marseillais"},"content":{"rendered":"<p>Roberto De Zerbi avait la mine des mauvais jours ce vendredi soir, apr\u00e8s la d\u00e9faite de l&rsquo;OM \u00e0 Rennes en ouverture de la saison 2025-2026 de Ligue 1 (1-0). Un revers \u00e0 11 contre 10 qui a point\u00e9 du doigts les d\u00e9fauts psychologiques de certains de ses joueurs, selon l&rsquo;entra\u00eeneur italien.<\/p>\n<p>On l&rsquo;a vu s&rsquo;agiter comme de coutume dans sa zone technique en assistant aux vendanges de ses attaquants. Mais <a href=\"https:\/\/rmcsport.bfmtv.com\/football\/roberto-de-zerbi_DN-202508100322.html\" title=\"Roberto De Zerbi\" class=\"internal_link\" rel=\"nofollow noopener\" target=\"_blank\">Roberto De Zerbi<\/a> semblait plut\u00f4t sonn\u00e9 en conf\u00e9rence de presse vendredi soir, apr\u00e8s la <a href=\"https:\/\/rmcsport.bfmtv.com\/football\/ligue-1\/direct-rennes-marseille-suivez-en-live-le-premier-match-de-la-saison-2025-2026-de-ligue-1_LS-202508150325.html\" title=\"Ligue 1: \u00c0 10 contre 11, Rennes arrache la victoire face \u00e0 Marseille au bout du temps r\u00e9glementaire\" class=\"internal_link\" rel=\"nofollow noopener\" target=\"_blank\">d\u00e9faite de l&rsquo;OM \u00e0 Rennes<\/a> (1-0) en ouverture de la saison de Ligue 1. Un revers \u00e0 11 contre 10 qui a fortement d\u00e9plu au technicien italien.<\/p>\n<p>\u00ab\u00a0C&rsquo;est vrai qu&rsquo;il y a eu beaucoup d&rsquo;occasions, on n&rsquo;a pas r\u00e9ussi \u00e0 marquer. On a encaiss\u00e9 ce but b\u00eate. Je l&rsquo;avais dit hier, les matchs d&rsquo;avant ne comptent pour rien, c&rsquo;est une d\u00e9faite qui doit nous servir. Parce que si on pense qu&rsquo;on est plus fort qu&rsquo;on ne l&rsquo;est en r\u00e9alit\u00e9 et que les buts tombent du ciel, alors on n&rsquo;a rien compris\u00a0\u00bb, tance l&rsquo;entra\u00eeneur dans une col\u00e8re froide.<\/p>\n<p>Lequel ne dig\u00e8re pas ce but encaiss\u00e9 en fin de match de la part de l&rsquo;entrant Ludovic Blas: \u00ab\u00a0Ce qui m&rsquo;a le plus \u00e9nerv\u00e9, c&rsquo;est d&rsquo;encaisser ce but. On a tout fait pour essayer de marquer. Parfois le ballon ne rentre pas. L\u00e0 <a href=\"https:\/\/rmcsport.bfmtv.com\/football\/ligue-1\/rennes-om-conseils-de-rongier-positionnement-des-pistons-et-coaching-gagnant-le-coup-tactique-parfait-de-beye_AV-202508150472.html\" title=\"Rennes-OM: conseils de Rongier, positionnement des pistons et coaching gagnant... le coup tactique parfait de Beye\" class=\"internal_link\" rel=\"nofollow noopener\" target=\"_blank\">c&rsquo;est un but qu&rsquo;on ne doit pas prendre<\/a>. On ne doit m\u00eame pas risquer de prendre ce genre de but, c&rsquo;est \u00e7a qui m&rsquo;a \u00e9nerv\u00e9.\u00a0\u00bb<\/p>\n<p>Interrog\u00e9 sur une \u00e9ventuelle col\u00e8re sonore dans le vestiaire au coup de sifflet final, Roberto De Zerbi assure que \u00ab\u00a0les murs n&rsquo;ont pas trembl\u00e9\u00a0\u00bb. L&rsquo;entra\u00eeneur marseillais n&rsquo;\u00e9pargne pas pour autant ces joueurs et le comportement de certains.<\/p>\n<p>\u00ab\u00a0Tout le monde n&rsquo;a pas encore compris que pour \u00eatre \u00e0 Marseille, il y a une qualit\u00e9 qui compte plus que tout, c&rsquo;est la constance\u00a0\u00bb<\/p>\n<p>\u00ab\u00a0Ce qu&rsquo;il faut comprendre, c&rsquo;est que dans le football, ce qu&rsquo;on a fait jusqu&rsquo;\u00e0 la veille ne compte en rien\u00a0\u00bb, rappelle-t-il froidement. \u00ab\u00a0Le match de la semaine prochaine commence \u00e0 0-0 et si on l&#8217;emporte, le match suivant aussi commencera \u00e0 0-0. Tout le monde n&rsquo;a pas encore compris que pour \u00eatre \u00e0 Marseille, il y a une qualit\u00e9 qui compte plus que tout, c&rsquo;est la constance, \u00eatre toujours au m\u00eame niveau de motivation, d&rsquo;envie, d&rsquo;humilit\u00e9, de sacrifice, de travail. Si dans les moments positifs on pense qu&rsquo;on est trop forts si dans les moments faibles on pense qu&rsquo;on n&rsquo;a pas sa place&#8230; eh bien on n&rsquo;a pas sa place \u00e0 l&rsquo;OM. C&rsquo;est \u00e7a qui m&rsquo;\u00e9nerve. On aurait pu l&#8217;emporter ce soir par rapport aux occasions qu&rsquo;on a cr\u00e9\u00e9es. Mais si on veut \u00eatre une grande \u00e9quipe, on doit faire plus, sinon on restera une \u00e9quipe seulement \u00e0 moiti\u00e9 aboutie.\u00a0\u00bb<\/p>\n<p><img decoding=\"async\" src=\"https:\/\/www.europesays.com\/fr\/wp-content\/uploads\/2025\/05\/principale-92_4.jpg\"  alt=\"Jean-Louis Tourre et Daniel Riolo ne sont pas d'accord sur l'analyse du match rennais \u2013 15\/08\" title=\"Jean-Louis Tourre et Daniel Riolo ne sont pas d'accord sur l'analyse du match rennais \u2013 15\/08\"\/>Jean-Louis Tourre et Daniel Riolo ne sont pas d&rsquo;accord sur l&rsquo;analyse du match rennais \u2013 15\/08<\/p>\n<p>L&rsquo;Olympique de Marseille retrouvera le V\u00e9lodrome le week-end prochain, pour la r\u00e9ception du Paris FC, promu cette saison. Avec d\u00e9j\u00e0 l&rsquo;ambition de r\u00e9agir, pour \u00e9viter de tomber dans la crainte d&rsquo;une crise d\u00e8s le d\u00e9but du championnat.<\/p>\n<p>A.Bouchery avec XG \u00e0 Rennes<\/p>\n","protected":false},"excerpt":{"rendered":"Roberto De Zerbi avait la mine des mauvais jours ce vendredi soir, apr\u00e8s la d\u00e9faite de l&rsquo;OM \u00e0&hellip;\n","protected":false},"author":2,"featured_media":322144,"comment_status":"","ping_status":"","sticky":false,"template":"","format":"standard","meta":{"footnotes":""},"categories":[2821],"tags":[1111,11,829,1777,674,1011,27,12,584,25],"class_list":{"0":"post-322143","1":"post","2":"type-post","3":"status-publish","4":"format-standard","5":"has-post-thumbnail","7":"category-rennes","8":"tag-actu","9":"tag-actualites","10":"tag-bretagne","11":"tag-eu","12":"tag-europe","13":"tag-fr","14":"tag-france","15":"tag-news","16":"tag-rennes","17":"tag-republique-francaise"},"share_on_mastodon":{"url":"https:\/\/pubeurope.com\/@fr\/115036505047847085","error":""},"_links":{"self":[{"href":"https:\/\/www.europesays.com\/fr\/wp-json\/wp\/v2\/posts\/322143","targetHints":{"allow":["GET"]}}],"collection":[{"href":"https:\/\/www.europesays.com\/fr\/wp-json\/wp\/v2\/posts"}],"about":[{"href":"https:\/\/www.europesays.com\/fr\/wp-json\/wp\/v2\/types\/post"}],"author":[{"embeddable":true,"href":"https:\/\/www.europesays.com\/fr\/wp-json\/wp\/v2\/users\/2"}],"replies":[{"embeddable":true,"href":"https:\/\/www.europesays.com\/fr\/wp-json\/wp\/v2\/comments?post=322143"}],"version-history":[{"count":0,"href":"https:\/\/www.europesays.com\/fr\/wp-json\/wp\/v2\/posts\/322143\/revisions"}],"wp:featuredmedia":[{"embeddable":true,"href":"https:\/\/www.europesays.com\/fr\/wp-json\/wp\/v2\/media\/322144"}],"wp:attachment":[{"href":"https:\/\/www.europesays.com\/fr\/wp-json\/wp\/v2\/media?parent=322143"}],"wp:term":[{"taxonomy":"category","embeddable":true,"href":"https:\/\/www.europesays.com\/fr\/wp-json\/wp\/v2\/categories?post=322143"},{"taxonomy":"post_tag","embeddable":true,"href":"https:\/\/www.europesays.com\/fr\/wp-json\/wp\/v2\/tags?post=322143"}],"curies":[{"name":"wp","href":"https:\/\/api.w.org\/{rel}","templated":true}]}}