{"id":322145,"date":"2025-08-16T04:16:35","date_gmt":"2025-08-16T04:16:35","guid":{"rendered":"https:\/\/www.europesays.com\/fr\/322145\/"},"modified":"2025-08-16T04:16:35","modified_gmt":"2025-08-16T04:16:35","slug":"officiel-amadou-cisse-prete-au-mans-alsasports","status":"publish","type":"post","link":"https:\/\/www.europesays.com\/fr\/322145\/","title":{"rendered":"OFFICIEL. Amadou Ciss\u00e9 pr\u00eat\u00e9 au Mans \u2014 Alsa&rsquo;Sports"},"content":{"rendered":"<p><strong>Le d\u00e9fenseur central du Racing Amadou Ciss\u00e9 a \u00e9t\u00e9 pr\u00eat\u00e9 ce vendredi au Mans en Ligue 2. <\/strong><\/p>\n<p>Il faisait partie de l\u2019exp\u00e9dition autrichienne et de la rotation lors des matches amicaux, mais va disputer la prochaine saison loin de Strasbourg. Le club a officialis\u00e9 le pr\u00eat au Mans (Ligue 2) du d\u00e9fenseur central Amadou Ciss\u00e9 (19 ans) jusqu\u2019\u00e0 la fin de la saison. Arriv\u00e9 en juin 2024 au Racing, Ciss\u00e9 a jou\u00e9 un seul match officiel avec l\u2019\u00e9quipe premi\u00e8re la saison derni\u00e8re (Coupe de France), et venait de parapher son premier contrat professionnel avec le club jusqu\u2019en 2028. <\/p>\n","protected":false},"excerpt":{"rendered":"Le d\u00e9fenseur central du Racing Amadou Ciss\u00e9 a \u00e9t\u00e9 pr\u00eat\u00e9 ce vendredi au Mans en Ligue 2. Il&hellip;\n","protected":false},"author":2,"featured_media":308653,"comment_status":"","ping_status":"","sticky":false,"template":"","format":"standard","meta":{"footnotes":""},"categories":[2820],"tags":[1111,11,45977,1777,674,63,1011,27,775,12,4448,25,640],"class_list":{"0":"post-322145","1":"post","2":"type-post","3":"status-publish","4":"format-standard","5":"has-post-thumbnail","7":"category-strasbourg","8":"tag-actu","9":"tag-actualites","10":"tag-amadou-cisse","11":"tag-eu","12":"tag-europe","13":"tag-football","14":"tag-fr","15":"tag-france","16":"tag-grand-est","17":"tag-news","18":"tag-rc-strasbourg","19":"tag-republique-francaise","20":"tag-strasbourg"},"share_on_mastodon":{"url":"https:\/\/pubeurope.com\/@fr\/115036512914869694","error":""},"_links":{"self":[{"href":"https:\/\/www.europesays.com\/fr\/wp-json\/wp\/v2\/posts\/322145","targetHints":{"allow":["GET"]}}],"collection":[{"href":"https:\/\/www.europesays.com\/fr\/wp-json\/wp\/v2\/posts"}],"about":[{"href":"https:\/\/www.europesays.com\/fr\/wp-json\/wp\/v2\/types\/post"}],"author":[{"embeddable":true,"href":"https:\/\/www.europesays.com\/fr\/wp-json\/wp\/v2\/users\/2"}],"replies":[{"embeddable":true,"href":"https:\/\/www.europesays.com\/fr\/wp-json\/wp\/v2\/comments?post=322145"}],"version-history":[{"count":0,"href":"https:\/\/www.europesays.com\/fr\/wp-json\/wp\/v2\/posts\/322145\/revisions"}],"wp:featuredmedia":[{"embeddable":true,"href":"https:\/\/www.europesays.com\/fr\/wp-json\/wp\/v2\/media\/308653"}],"wp:attachment":[{"href":"https:\/\/www.europesays.com\/fr\/wp-json\/wp\/v2\/media?parent=322145"}],"wp:term":[{"taxonomy":"category","embeddable":true,"href":"https:\/\/www.europesays.com\/fr\/wp-json\/wp\/v2\/categories?post=322145"},{"taxonomy":"post_tag","embeddable":true,"href":"https:\/\/www.europesays.com\/fr\/wp-json\/wp\/v2\/tags?post=322145"}],"curies":[{"name":"wp","href":"https:\/\/api.w.org\/{rel}","templated":true}]}}