{"id":322161,"date":"2025-08-16T04:37:01","date_gmt":"2025-08-16T04:37:01","guid":{"rendered":"https:\/\/www.europesays.com\/fr\/322161\/"},"modified":"2025-08-16T04:37:01","modified_gmt":"2025-08-16T04:37:01","slug":"marseille-se-fait-surprendre-par-un-rennes-a-dix","status":"publish","type":"post","link":"https:\/\/www.europesays.com\/fr\/322161\/","title":{"rendered":"Marseille se fait surprendre par un Rennes \u00e0 dix"},"content":{"rendered":"<p>En sup\u00e9riorit\u00e9 num\u00e9rique pendant une heure et malgr\u00e9 deux poteaux touch\u00e9s, Marseille a c\u00e9d\u00e9 en fin de match face \u00e0 Rennes (1-0) vendredi en ouverture de la saison de Ligue 1.<\/p>\n<p>Dominer n\u2019est pas gagner, une le\u00e7on que Marseille a souvent m\u00e9dit\u00e9 l\u2019an pass\u00e9 et qui restera son principal axe de progression cette saison o\u00f9 la Ligue des champions s\u2019ajoutera \u00e0 son programme.<\/p>\n<p>Avec un Mason Greenwood parfaitement musel\u00e9 par son ancien co\u00e9quipier Quentin Merlin, les difficult\u00e9s des Phoc\u00e9ens \u00e0 changer de rythme et \u00e0 cr\u00e9er des br\u00e8ches dans les 30 derniers m\u00e8tres adverses ont \u00e9t\u00e9 criantes.<\/p>\n<p>Rennes, lui, sans jamais renoncer \u00e0 essayer de faire mal \u00e0 son adversaire, a su faire le dos rond pour frapper par le rempla\u00e7ant Ludovic Blas, buteur dans la premi\u00e8re minute du temps additionnel, six minutes apr\u00e8s son entr\u00e9e sur le terrain.<\/p>\n<p>Avec Conrad Egan-Riley et Agel Gomes titulaires, mais Pierre-Emerick Aubameyang et Timothy Weah sur le banc, Roberto de Zerbi avait privil\u00e9gi\u00e9 les automatismes de la saison pass\u00e9e.<\/p>\n<p>Du c\u00f4t\u00e9 de Rennes, le grand chambardement des derniers mois se manifestait par le fait que le seul joueur sur le terrain qui \u00e9tait rouge et noir l\u2019an dernier \u00e0 pareille \u00e9poque \u00e9tait Amine Gouiri, aujourd\u2019hui \u00e0 l\u2019OM.<\/p>\n<p>    <img decoding=\"async\" src=\"https:\/\/www.europesays.com\/fr\/wp-content\/uploads\/2025\/08\/2170584-l-arbitre-de-la-rencontre-jeremie-pignard-expulse-.jpg\" alt=\"L'arbitre de la rencontre Jeremie Pignard expulse en premi\u00e8re p\u00e9riode le d\u00e9fenseur marocain Abdelhamid Ait Boudlal (3L) apr\u00e8s une intervention en retard sur le Marseillais Pierre-Emerick Aubameyang.\"   class=\"article-media__image\" loading=\"lazy\" style=\"aspect-ratio:2048\/1365\"\/><\/p>\n<p>\n                    L&rsquo;arbitre de la rencontre Jeremie Pignard expulse en premi\u00e8re p\u00e9riode le d\u00e9fenseur marocain Abdelhamid Ait Boudlal (3L) apr\u00e8s une intervention en retard sur le Marseillais Pierre-Emerick Aubameyang.<\/p>\n<p>                            FRED TANNEAU \/ AFP\/Archives<\/p>\n<p>Habib Beye avait m\u00eame jou\u00e9 \u00e0 fond la carte du renouvellement en lan\u00e7ant trois recrues &#8211; Merlin, Przemislaw Frankowski et Valentin Rongier, fra\u00eechement accueilli par le kop, mais capitaine malgr\u00e9 tout -, et deux joueurs pr\u00eat\u00e9s la saison derni\u00e8re, Fabian Rieder au milieu et Abdelhamid A\u00eft Boudlal en d\u00e9fense, pour ses toutes premi\u00e8res minutes en Ligue 1.<\/p>\n<p>Marseille toujours trop st\u00e9rile<\/p>\n<p>Malheureusement pour lui, le jeune d\u00e9fenseur marocain (18 ans), a \u00e9t\u00e9 le h\u00e9ros malheureux de la premi\u00e8re p\u00e9riode en se faisant expulser peu apr\u00e8s la demi-heure de jeu pour une semelle sur une cheville de Michael Murillo.<\/p>\n<p>Relativement \u00e9quilibr\u00e9 jusque-l\u00e0, malgr\u00e9 la forte domination marseillaise dans la possession du ballon, le match a ensuite \u00e9t\u00e9 quasiment \u00e0 sens unique.<\/p>\n<p>Ce sc\u00e9nario, apparemment id\u00e9al, a pourtant surtout mis en lumi\u00e8re les carences offensives marseillaises et une st\u00e9rilit\u00e9 end\u00e9mique dans l\u2019utilisation du ballon qui est tr\u00e8s p\u00e9nalisante.<\/p>\n<p>Marseille s\u2019est finalement cr\u00e9\u00e9 fort peu d\u2019occasions franches, surtout compte tenu de son potentiel offensif.<\/p>\n<p>    <img decoding=\"async\" src=\"https:\/\/www.europesays.com\/fr\/wp-content\/uploads\/2025\/08\/2170585-.jpg\" alt=\"\"   class=\"article-media__image\" loading=\"lazy\" style=\"aspect-ratio:2048\/1365\"\/><\/p>\n<p>Certes, le poteau a deux fois sauv\u00e9 Brice Samba, sur une frappe d\u2019Adrien Rabiot en toute fin de premi\u00e8re p\u00e9riode (45+5) et sur une t\u00eate de Murillo (58e).<\/p>\n<p>Le gardien international fran\u00e7ais s\u2019est tout de m\u00eame distingu\u00e9 sur une reprise a\u00e9rienne de Leonardo Balerdi aux six m\u00e8tres (66e) et une frappe \u00e0 rebond de Gouiri (69e).<\/p>\n<p>M\u00eame l\u2019entr\u00e9e d\u2019Aubameyang \u00e0 la 63e, qui a pouss\u00e9 Gouiri de l\u2019axe vers l\u2019aile gauche, n\u2019a pas rendu Marseille plus mordant.<\/p>\n<p>Sans un Rulli d\u00e9cisif pour pr\u00e9server le 0-0 \u00e0 deux reprises devant Moussa Al-Tamari (42e, 61e), les Bretons auraient m\u00eame pu prendre les devants plus t\u00f4t.<\/p>\n<p>Mais c\u2019est finalement une superbe ouverture de Merlin dans le dos de la d\u00e9fense marseillaise, qui a trouv\u00e9 un magnifique appel de Blas pour permettre \u00e0 l\u2019attaquant de se pr\u00e9senter seul et tromper le portier argentin (1-0, 90+1), avant que Mohamadou Nagida, un autre entrant, ne rate m\u00eame de peu le 2-0 cinq minutes plus tard.<\/p>\n","protected":false},"excerpt":{"rendered":"En sup\u00e9riorit\u00e9 num\u00e9rique pendant une heure et malgr\u00e9 deux poteaux touch\u00e9s, Marseille a c\u00e9d\u00e9 en fin de match&hellip;\n","protected":false},"author":2,"featured_media":322162,"comment_status":"","ping_status":"","sticky":false,"template":"","format":"standard","meta":{"footnotes":""},"categories":[2814],"tags":[1111,11,1777,674,1011,27,884,12,882,25],"class_list":{"0":"post-322161","1":"post","2":"type-post","3":"status-publish","4":"format-standard","5":"has-post-thumbnail","7":"category-marseille","8":"tag-actu","9":"tag-actualites","10":"tag-eu","11":"tag-europe","12":"tag-fr","13":"tag-france","14":"tag-marseille","15":"tag-news","16":"tag-provence-alpes-cote-dazur","17":"tag-republique-francaise"},"share_on_mastodon":{"url":"https:\/\/pubeurope.com\/@fr\/115036595563086681","error":""},"_links":{"self":[{"href":"https:\/\/www.europesays.com\/fr\/wp-json\/wp\/v2\/posts\/322161","targetHints":{"allow":["GET"]}}],"collection":[{"href":"https:\/\/www.europesays.com\/fr\/wp-json\/wp\/v2\/posts"}],"about":[{"href":"https:\/\/www.europesays.com\/fr\/wp-json\/wp\/v2\/types\/post"}],"author":[{"embeddable":true,"href":"https:\/\/www.europesays.com\/fr\/wp-json\/wp\/v2\/users\/2"}],"replies":[{"embeddable":true,"href":"https:\/\/www.europesays.com\/fr\/wp-json\/wp\/v2\/comments?post=322161"}],"version-history":[{"count":0,"href":"https:\/\/www.europesays.com\/fr\/wp-json\/wp\/v2\/posts\/322161\/revisions"}],"wp:featuredmedia":[{"embeddable":true,"href":"https:\/\/www.europesays.com\/fr\/wp-json\/wp\/v2\/media\/322162"}],"wp:attachment":[{"href":"https:\/\/www.europesays.com\/fr\/wp-json\/wp\/v2\/media?parent=322161"}],"wp:term":[{"taxonomy":"category","embeddable":true,"href":"https:\/\/www.europesays.com\/fr\/wp-json\/wp\/v2\/categories?post=322161"},{"taxonomy":"post_tag","embeddable":true,"href":"https:\/\/www.europesays.com\/fr\/wp-json\/wp\/v2\/tags?post=322161"}],"curies":[{"name":"wp","href":"https:\/\/api.w.org\/{rel}","templated":true}]}}