{"id":322163,"date":"2025-08-16T04:38:15","date_gmt":"2025-08-16T04:38:15","guid":{"rendered":"https:\/\/www.europesays.com\/fr\/322163\/"},"modified":"2025-08-16T04:38:15","modified_gmt":"2025-08-16T04:38:15","slug":"cette-marque-de-bijoux-parisienne-ouvre-sa-premiere-vraie-boutique-a-lyon","status":"publish","type":"post","link":"https:\/\/www.europesays.com\/fr\/322163\/","title":{"rendered":"Cette marque de bijoux parisienne ouvre sa premi\u00e8re vraie boutique \u00e0 Lyon"},"content":{"rendered":"<p>            Par<br \/>\n        <strong><br \/>\n            <a href=\"https:\/\/actu.fr\/auteur\/ludivine-caporal\" title=\"Consulter tous les articles de Ludivine Caporal\" target=\"_blank\" rel=\"noopener\">Ludivine Caporal<\/a><br \/>\n        <\/strong><\/p>\n<p>        Publi\u00e9 le<\/p>\n<p>            16 ao\u00fbt 2025 \u00e0 6h12        <\/p>\n<p><strong>INFO ACTU LYON.<\/strong> R\u00e9cemment <a href=\"https:\/\/actu.fr\/auvergne-rhone-alpes\/lyon_69123\/lyon-cette-rue-transformee-pour-les-pietons-a-fait-polemique-voici-le-resultat_62018809.html\" target=\"_blank\" rel=\"noopener\">transform\u00e9e en \u00ab\u00a0zone de rencontre\u00a0\u00bb<\/a> o\u00f9 les pi\u00e9tons ont la priorit\u00e9, la tr\u00e8s chic rue Emile-Zola dans le 2e arrondissement de <a href=\"https:\/\/actu.fr\/auvergne-rhone-alpes\/lyon_69123\" target=\"_blank\" rel=\"noopener\">Lyon<\/a> va bient\u00f4t accueillir une nouvelle grande marque : <strong>la bijouterie Zag.\u00a0<\/strong><\/p>\n<p class=\" wall-content\">C\u2019est au num\u00e9ro 3 de la rue, \u00e0 la place de la bijouterie <strong>Une \u00e0 Une<\/strong> qui a ferm\u00e9 ses portes au d\u00e9but de l\u2019\u00e9t\u00e9, que l\u2019enseigne parisienne a d\u00e9cid\u00e9 de s\u2019installer.\u00a0<\/p>\n<p>Ouverture pr\u00e9vue pour la rentr\u00e9e<\/p>\n<p class=\" wall-content\">D\u00e9j\u00e0 distribu\u00e9e dans quelques points de vente \u00e0 Lyon et dans la m\u00e9tropole, la marque Zag n\u2019avait encore jamais ouvert de v\u00e9ritable boutique dans les environs, \u00e0 part \u00e0 <a href=\"https:\/\/actu.fr\/auvergne-rhone-alpes\/villefranche-sur-saone_69264\" target=\"_blank\" rel=\"noopener\">Villefranche-sur-Sa\u00f4ne<\/a>.\u00a0<\/p>\n<p class=\" wall-content\">Lanc\u00e9e en 2009 \u00e0 Paris, aujourd\u2019hui bien connue en France et en Europe, Zag propose tous type de bijoux en acier inoxydable : boucles d\u2019oreille, colliers, bagues, bracelets\u2026 Des <strong>cr\u00e9ations uniques et modernes<\/strong> qui plaisent autant \u00e0 la jeune qu\u2019\u00e0 l\u2019ancienne g\u00e9n\u00e9ration.<\/p>\n<p class=\" wall-content\">Au sein de la boutique lyonnaise, qui devrait ouvrir pour la rentr\u00e9e, on devrait par ailleurs retrouver Sophie, <strong>la m\u00eame franchis\u00e9e<\/strong> qui exploitait depuis huit ans le magasin Une \u00e0 Une.\u00a0<\/p>\n<p class=\" wall-content\">Suivez toute l\u2019actualit\u00e9 de vos villes et m\u00e9dias favoris en vous inscrivant \u00e0 <a href=\"https:\/\/moncompte.actu.fr\" title=\"D\u00e9couvez Mon Actu\" rel=\"nofollow noopener\" data-trk=\"{&quot;cta&quot;:{&quot;action&quot;:&quot;https:\\\/\\\/moncompte.actu.fr&quot;,&quot;category&quot;:&quot;mon compte&quot;,&quot;from&quot;:&quot;article footer&quot;,&quot;name&quot;:&quot;Mon actu&quot;,&quot;type&quot;:&quot;cta&quot;}}\" target=\"_blank\">Mon Actu<\/a>.<\/p>\n<ul class=\"ac-article-tag wall-content\">\n<li><a href=\"https:\/\/actu.fr\/tag\/nouveaux-commerces\" data-trk=\"{&quot;cta&quot;:{&quot;action&quot;:&quot;Nouveaux commerces&quot;,&quot;category&quot;:&quot;tag&quot;,&quot;from&quot;:&quot;article footer&quot;,&quot;name&quot;:&quot;Nouveaux commerces&quot;,&quot;type&quot;:&quot;cta&quot;}}\" target=\"_blank\" rel=\"noopener\">#Nouveaux commerces<\/a><\/li>\n<li><a href=\"https:\/\/actu.fr\/tag\/presqu-ile\" data-trk=\"{&quot;cta&quot;:{&quot;action&quot;:&quot;Presqu\\u2019Ile&quot;,&quot;category&quot;:&quot;tag&quot;,&quot;from&quot;:&quot;article footer&quot;,&quot;name&quot;:&quot;Presqu\\u2019Ile&quot;,&quot;type&quot;:&quot;cta&quot;}}\" target=\"_blank\" rel=\"noopener\">#Presqu\u2019Ile<\/a><\/li>\n<\/ul>\n","protected":false},"excerpt":{"rendered":"Par Ludivine Caporal Publi\u00e9 le 16 ao\u00fbt 2025 \u00e0 6h12 INFO ACTU LYON. R\u00e9cemment transform\u00e9e en \u00ab\u00a0zone de&hellip;\n","protected":false},"author":2,"featured_media":322164,"comment_status":"","ping_status":"","sticky":false,"template":"","format":"standard","meta":{"footnotes":""},"categories":[1889],"tags":[1111,11,2430,1777,674,1011,27,2428,12,3147,2809,25,104],"class_list":{"0":"post-322163","1":"post","2":"type-post","3":"status-publish","4":"format-standard","5":"has-post-thumbnail","7":"category-lyon","8":"tag-actu","9":"tag-actualites","10":"tag-auvergne-rhone-alpes","11":"tag-eu","12":"tag-europe","13":"tag-fr","14":"tag-france","15":"tag-lyon","16":"tag-news","17":"tag-nouveaux-commerces","18":"tag-presquile","19":"tag-republique-francaise","20":"tag-societe"},"share_on_mastodon":{"url":"https:\/\/pubeurope.com\/@fr\/115036599519922487","error":""},"_links":{"self":[{"href":"https:\/\/www.europesays.com\/fr\/wp-json\/wp\/v2\/posts\/322163","targetHints":{"allow":["GET"]}}],"collection":[{"href":"https:\/\/www.europesays.com\/fr\/wp-json\/wp\/v2\/posts"}],"about":[{"href":"https:\/\/www.europesays.com\/fr\/wp-json\/wp\/v2\/types\/post"}],"author":[{"embeddable":true,"href":"https:\/\/www.europesays.com\/fr\/wp-json\/wp\/v2\/users\/2"}],"replies":[{"embeddable":true,"href":"https:\/\/www.europesays.com\/fr\/wp-json\/wp\/v2\/comments?post=322163"}],"version-history":[{"count":0,"href":"https:\/\/www.europesays.com\/fr\/wp-json\/wp\/v2\/posts\/322163\/revisions"}],"wp:featuredmedia":[{"embeddable":true,"href":"https:\/\/www.europesays.com\/fr\/wp-json\/wp\/v2\/media\/322164"}],"wp:attachment":[{"href":"https:\/\/www.europesays.com\/fr\/wp-json\/wp\/v2\/media?parent=322163"}],"wp:term":[{"taxonomy":"category","embeddable":true,"href":"https:\/\/www.europesays.com\/fr\/wp-json\/wp\/v2\/categories?post=322163"},{"taxonomy":"post_tag","embeddable":true,"href":"https:\/\/www.europesays.com\/fr\/wp-json\/wp\/v2\/tags?post=322163"}],"curies":[{"name":"wp","href":"https:\/\/api.w.org\/{rel}","templated":true}]}}