{"id":322165,"date":"2025-08-16T04:39:13","date_gmt":"2025-08-16T04:39:13","guid":{"rendered":"https:\/\/www.europesays.com\/fr\/322165\/"},"modified":"2025-08-16T04:39:13","modified_gmt":"2025-08-16T04:39:13","slug":"lyon-a-quelle-heure-et-sur-quelle-chaine-regarder-le-match-ce-samedi","status":"publish","type":"post","link":"https:\/\/www.europesays.com\/fr\/322165\/","title":{"rendered":"Lyon : \u00c0 quelle heure et sur quelle cha\u00eene regarder le match ce samedi ?"},"content":{"rendered":"<p>Malgr\u00e9 une d\u00e9faite contre l\u2019AS Roma lors du dernier match, Lens r\u00e9alise une belle pr\u00e9paration. Le RCL compte 2 nuls et 3 victoires hormis le revers face aux Italiens. L\u2019objectif est de confirmer ces promesses avec un r\u00e9sultat positif lors du premier match \u00e0 domicile. De son c\u00f4t\u00e9, l\u2019<a href=\"https:\/\/www.20minutes.fr\/sport\/ol\/\" target=\"_blank\" class=\"c-link c-link--is-underlined\" rel=\"noopener\">OL<\/a> a v\u00e9cu un \u00e9t\u00e9 agit\u00e9, avec le feuilleton autour de la DNCG et de la rel\u00e9gation administrative. Finalement sauv\u00e9, les Rhodaniens peuvent donc d\u00e9sormais se concentrer sur le plus important : le rectangle vert. Amput\u00e9 de plusieurs joueurs importants partis au mercato, Lyon a toutefois montr\u00e9 de belles choses lors des matchs amicaux. L\u2019OL devra n\u00e9anmoins se montrer plus solide que l\u2019an pass\u00e9 \u00e0 l\u2019ext\u00e9rieur, puis que sur les 4 derniers d\u00e9placements en championnat, 3 matchs se sont sold\u00e9s par des d\u00e9faites.<\/p>\n<p>\u00c0 quelle heure et sur quelle cha\u00eene regarder en direct le match Lens &#8211; Lyon ?<\/p>\n<p>Le match entre Lens et Lyon est diffus\u00e9 en direct sur beIN SPORTS 1. Le coup d\u2019envoi du match est pr\u00e9vu \u00e0 17h00 le samedi 16 ao\u00fbt en direct du Stade Felix-Bollaert. Malgr\u00e9 l\u2019arriv\u00e9e de la nouvelle cha\u00eene Ligue 1+, le match de championnat du samedi apr\u00e8s-midi reste diffus\u00e9 par beIN SPORT, et ce tout au long de la saison.<\/p>\n<p><a href=\"https:\/\/ad.doubleclick.net\/ddm\/trackclk\/N6600.143849.20MINUTES.FR\/B32944843.412602422;dc_trk_aid=604787482;dc_trk_cid=228480032;dc_lat=;dc_rdid=;tag_for_child_directed_treatment=;tfua=;gdpr=${GDPR};gdpr_consent=${GDPR_CONSENT_755};ltd=;dc_tdv=1\" rel=\"nofollow noopener\" target=\"_blank\" class=\"c-link c-btn c-btn--primary\">En savoir plus sur les offres beIN Sports<\/a><\/p>\n<p>Les compositions probables : <\/p>\n<p>Lens : Risser &#8211; Sarr, Baidoo, Udol &#8211; Aguilar, Thomasson, Diouf, Machado &#8211; Thauvin, Satriano, Guilavogui.<\/p>\n<p>Lyon : Descamps &#8211; Maitland-Niles, Mata, Niakhat\u00e9, Abner &#8211; Morton, Tolisso &#8211; Sulc, Merah, Fofana &#8211; Mikautadze.<\/p>\n<p>Diffusion Lens &#8211; Lyon : ce qu\u2019il faut savoir<\/p>\n<ul>\n<li>Le match Lens &#8211; Lyon a lieu samedi 16 ao\u00fbt.<\/li>\n<li>La rencontre est diffus\u00e9e sur beIN SPORTS 1.<\/li>\n<li>Le coup d\u2019envoi de ce match est pr\u00e9vu \u00e0 17h00.<\/li>\n<\/ul>\n<p>20 Minutes Guide d&rsquo;Achat est aussi sur les r\u00e9seaux sociaux ! Suivez-nous sur <a href=\"https:\/\/www.instagram.com\/20minutes.guideachat\" target=\"_blank\" class=\"c-link c-link--is-underlined\" rel=\"noopener\">Instagram<\/a> et <a href=\"https:\/\/www.tiktok.com\/@20minutes.guideachat\" target=\"_blank\" class=\"c-link c-link--is-underlined\" rel=\"noopener\">TikTok<\/a> pour ne rien manquer de nos conseils et s\u00e9lections.<\/p>\n<p><script async src=\"\/\/www.instagram.com\/embed.js\"><\/script><script async src=\"\/\/www.tiktok.com\/embed.js\"><\/script><\/p>\n","protected":false},"excerpt":{"rendered":"Malgr\u00e9 une d\u00e9faite contre l\u2019AS Roma lors du dernier match, Lens r\u00e9alise une belle pr\u00e9paration. Le RCL compte&hellip;\n","protected":false},"author":2,"featured_media":322166,"comment_status":"","ping_status":"","sticky":false,"template":"","format":"standard","meta":{"footnotes":""},"categories":[1889],"tags":[1111,11,2430,677,1777,674,63,1011,27,676,66,2428,12,2853,2264,25,517],"class_list":{"0":"post-322165","1":"post","2":"type-post","3":"status-publish","4":"format-standard","5":"has-post-thumbnail","7":"category-lyon","8":"tag-actu","9":"tag-actualites","10":"tag-auvergne-rhone-alpes","11":"tag-bons-plans","12":"tag-eu","13":"tag-europe","14":"tag-football","15":"tag-fr","16":"tag-france","17":"tag-guide-dachat","18":"tag-ligue-1","19":"tag-lyon","20":"tag-news","21":"tag-olympique-lyonnais-ol","22":"tag-rc-lens","23":"tag-republique-francaise","24":"tag-sport"},"share_on_mastodon":{"url":"https:\/\/pubeurope.com\/@fr\/115036603234748724","error":""},"_links":{"self":[{"href":"https:\/\/www.europesays.com\/fr\/wp-json\/wp\/v2\/posts\/322165","targetHints":{"allow":["GET"]}}],"collection":[{"href":"https:\/\/www.europesays.com\/fr\/wp-json\/wp\/v2\/posts"}],"about":[{"href":"https:\/\/www.europesays.com\/fr\/wp-json\/wp\/v2\/types\/post"}],"author":[{"embeddable":true,"href":"https:\/\/www.europesays.com\/fr\/wp-json\/wp\/v2\/users\/2"}],"replies":[{"embeddable":true,"href":"https:\/\/www.europesays.com\/fr\/wp-json\/wp\/v2\/comments?post=322165"}],"version-history":[{"count":0,"href":"https:\/\/www.europesays.com\/fr\/wp-json\/wp\/v2\/posts\/322165\/revisions"}],"wp:featuredmedia":[{"embeddable":true,"href":"https:\/\/www.europesays.com\/fr\/wp-json\/wp\/v2\/media\/322166"}],"wp:attachment":[{"href":"https:\/\/www.europesays.com\/fr\/wp-json\/wp\/v2\/media?parent=322165"}],"wp:term":[{"taxonomy":"category","embeddable":true,"href":"https:\/\/www.europesays.com\/fr\/wp-json\/wp\/v2\/categories?post=322165"},{"taxonomy":"post_tag","embeddable":true,"href":"https:\/\/www.europesays.com\/fr\/wp-json\/wp\/v2\/tags?post=322165"}],"curies":[{"name":"wp","href":"https:\/\/api.w.org\/{rel}","templated":true}]}}