{"id":322169,"date":"2025-08-16T04:42:34","date_gmt":"2025-08-16T04:42:34","guid":{"rendered":"https:\/\/www.europesays.com\/fr\/322169\/"},"modified":"2025-08-16T04:42:34","modified_gmt":"2025-08-16T04:42:34","slug":"la-feerie-nocturne-de-labbaye-du-mont-saint-michel","status":"publish","type":"post","link":"https:\/\/www.europesays.com\/fr\/322169\/","title":{"rendered":"la f\u00e9erie nocturne de l&rsquo;abbaye du Mont-Saint-Michel"},"content":{"rendered":"<p>            lire plus tard<\/p>\n<p id=\"dialog__title\" class=\"dialog__title\">Pour sauvegarder cet article, connectez-vous ou cr\u00e9ez un compte franceinfo<\/p>\n<p class=\"dialog__description\">Sans paiement. Sans abonnement.<\/p>\n<p>        Fermer la fen\u00eatre d\u2019activation des notifications France Info<\/p>\n<p>            cr\u00e9er votre compte<\/p>\n<p>            se connecter<\/p>\n<p>        Fermer la fen\u00eatre de pr\u00e9sentation<\/p>\n<p>    Publi\u00e9 le 15\/08\/2025 16:27<\/p>\n<p>        Temps de lecture : 1min &#8211; vid\u00e9o : 3min<\/p>\n<p>    <img decoding=\"async\" class=\"francetv-player-wrapper__image\" alt=\"Patrimoine : la f\u00e9erie nocturne de l'abbaye du Mont-Saint-Michel\"  width=\"432\" height=\"243\" src=\"https:\/\/www.europesays.com\/fr\/wp-content\/uploads\/2025\/08\/lune-689f438148a6f424663563.png\" fetchpriority=\"high\"\/><\/p>\n<p>              Patrimoine : la f\u00e9erie nocturne de l&rsquo;abbaye du Mont-Saint-Michel<br \/>\n                    (France 2)<\/p>\n<p>      3min<\/p>\n<p class=\"c-chapo \">\n  Au Mont-Saint-Michel, les Nocturnes sont de retour \u00e0 l\u2019abbaye durant tout l\u2019\u00e9t\u00e9. Les visiteurs peuvent d\u00e9couvrir les lieux \u00e0 la tomb\u00e9e de la nuit gr\u00e2ce \u00e0 un parcours immersif et une mise en lumi\u00e8re f\u00e9erique. En 2025, le spectacle a pour th\u00e8me la lune.\n<\/p>\n<p class=\"p5\">Loin du tumulte de la journ\u00e9e, le <a href=\"https:\/\/france3-regions.franceinfo.fr\/normandie\/manche\/mont-saint-michel-comment-eviter-la-foule-pour-visiter-la-merveille-en-ete-3199092.html\" rel=\"nofollow noopener\" target=\"_blank\">Mont-Saint-Michel<\/a> (Manche) r\u00e9serve sa plus belle surprise aux visiteurs du soir : du haut de la terrasse de l&rsquo;abbaye, le spectacle magique du coucher de soleil \u00e0 mar\u00e9e basse. \u00ab\u00a0L&rsquo;eau est loin, on se demande pourquoi. On voit le soleil se r\u00e9duire, et c&rsquo;est beau\u00a0\u00bb, se r\u00e9jouit un homme. Dans la baie du Mont-Saint-Michel, la mar\u00e9e avance \u00e0 la vitesse d&rsquo;un cheval au galop. Zeus, cr\u00e9ature c\u00e9leste des Jeux olympiques de Paris, ouvre alors le passage vers un autre monde : celui de la r\u00eaverie et des fac\u00e9ties de la lune.\u00a0<\/p>\n<p class=\"p5\">Dans le clo\u00eetre, pause m\u00e9ditative obligatoire. \u00ab\u00a0La lune, c&rsquo;est le bon g\u00e9nie du Mont-Saint-Michel. Apr\u00e8s tout, c&rsquo;est elle qui commande aux marais, c&rsquo;est elle qui, avec son attraction lunaire, fa\u00e7onne le paysage. L&rsquo;id\u00e9e, c&rsquo;\u00e9tait une rencontre entre la merveille et la lune\u00a0\u00bb, d\u00e9crit Beno\u00eet Qu\u00e9ro, le sc\u00e9nographe de \u00ab\u00a0R\u00eave de Lune\u00a0\u00bb. Dans chaque pi\u00e8ce de l&rsquo;abbaye, des tableaux son et lumi\u00e8re magnifient le patrimoine religieux. La promenade onirique prend fin lorsque la lune est pleine au sein du lieu saint. Le spectacle se tiendra jusqu&rsquo;\u00e0 la fin de l&rsquo;\u00e9t\u00e9.\u00a0<\/p>\n<p class=\"p6\"><strong>Regardez l&rsquo;int\u00e9gralit\u00e9 du reportage dans la vid\u00e9o ci-dessus<\/strong><\/p>\n<p class=\"related-tags__title\" role=\"heading\" aria-level=\"2\">les mots-cl\u00e9s associ\u00e9s \u00e0 cet article\n    <\/p>\n","protected":false},"excerpt":{"rendered":"lire plus tard Pour sauvegarder cet article, connectez-vous ou cr\u00e9ez un compte franceinfo Sans paiement. Sans abonnement. Fermer&hellip;\n","protected":false},"author":2,"featured_media":322170,"comment_status":"","ping_status":"","sticky":false,"template":"","format":"standard","meta":{"footnotes":""},"categories":[1888],"tags":[1111,1928,11,1927,1777,674,1011,27,12,1926,626,1925,25],"class_list":{"0":"post-322169","1":"post","2":"type-post","3":"status-publish","4":"format-standard","5":"has-post-thumbnail","7":"category-paris","8":"tag-actu","9":"tag-actu-paris","10":"tag-actualites","11":"tag-actualites-paris","12":"tag-eu","13":"tag-europe","14":"tag-fr","15":"tag-france","16":"tag-news","17":"tag-news-paris","18":"tag-paris","19":"tag-paris-news","20":"tag-republique-francaise"},"share_on_mastodon":{"url":"https:\/\/pubeurope.com\/@fr\/115036615133445327","error":""},"_links":{"self":[{"href":"https:\/\/www.europesays.com\/fr\/wp-json\/wp\/v2\/posts\/322169","targetHints":{"allow":["GET"]}}],"collection":[{"href":"https:\/\/www.europesays.com\/fr\/wp-json\/wp\/v2\/posts"}],"about":[{"href":"https:\/\/www.europesays.com\/fr\/wp-json\/wp\/v2\/types\/post"}],"author":[{"embeddable":true,"href":"https:\/\/www.europesays.com\/fr\/wp-json\/wp\/v2\/users\/2"}],"replies":[{"embeddable":true,"href":"https:\/\/www.europesays.com\/fr\/wp-json\/wp\/v2\/comments?post=322169"}],"version-history":[{"count":0,"href":"https:\/\/www.europesays.com\/fr\/wp-json\/wp\/v2\/posts\/322169\/revisions"}],"wp:featuredmedia":[{"embeddable":true,"href":"https:\/\/www.europesays.com\/fr\/wp-json\/wp\/v2\/media\/322170"}],"wp:attachment":[{"href":"https:\/\/www.europesays.com\/fr\/wp-json\/wp\/v2\/media?parent=322169"}],"wp:term":[{"taxonomy":"category","embeddable":true,"href":"https:\/\/www.europesays.com\/fr\/wp-json\/wp\/v2\/categories?post=322169"},{"taxonomy":"post_tag","embeddable":true,"href":"https:\/\/www.europesays.com\/fr\/wp-json\/wp\/v2\/tags?post=322169"}],"curies":[{"name":"wp","href":"https:\/\/api.w.org\/{rel}","templated":true}]}}