{"id":322171,"date":"2025-08-16T04:44:25","date_gmt":"2025-08-16T04:44:25","guid":{"rendered":"https:\/\/www.europesays.com\/fr\/322171\/"},"modified":"2025-08-16T04:44:25","modified_gmt":"2025-08-16T04:44:25","slug":"deux-generaux-locaux-et-un-ressortissant-francais-arretes-pour-complot-presume-paris-a-t-il-voulu-destabiliser-le-gouvernement-malien","status":"publish","type":"post","link":"https:\/\/www.europesays.com\/fr\/322171\/","title":{"rendered":"Deux g\u00e9n\u00e9raux locaux et un ressortissant fran\u00e7ais arr\u00eat\u00e9s pour complot pr\u00e9sum\u00e9\u00a0: Paris a-t-il voulu d\u00e9stabiliser le gouvernement malien\u00a0?"},"content":{"rendered":"<p>\n                                                                Le minist\u00e8re malien de l\u2019Administration territoriale a confirm\u00e9 ce jeudi 14\u00a0ao\u00fbt en soir\u00e9e l\u2019arrestation d\u2019une dizaine de personnes dont Yann Vezilier, un Fran\u00e7ais pr\u00e9sent\u00e9 comme travaillant pour les services de renseignement fran\u00e7ais.\n                            <\/p>\n<p>Le gouvernement malien dirig\u00e9 par une junte a arr\u00eat\u00e9 plusieurs officiers, dont deux g\u00e9n\u00e9raux, et un ressortissant fran\u00e7ais, les accusant d\u2019avoir particip\u00e9 \u00e0 un complot visant \u00e0 d\u00e9stabiliser le pays, selon un communiqu\u00e9 officiel et les m\u00e9dias d\u2019\u00c9tat.<\/p>\n<\/p>\n<p>Des sources ont indiqu\u00e9 \u00e0 Reuters autour du dimanche 10\u00a0ao\u00fbt que plus de 30 soldats et responsables militaires avaient \u00e9t\u00e9 plac\u00e9s en d\u00e9tention, soup\u00e7onn\u00e9s de vouloir renverser le gouvernement d\u2019Assimi Go\u00efta.<\/p>\n<p>Dans un communiqu\u00e9 publi\u00e9 ce jeudi 14\u00a0ao\u00fbt en soir\u00e9e, le minist\u00e8re malien de l\u2019Administration territoriale a confirm\u00e9 l\u2019arrestation de Yann Vezilier, ressortissant fran\u00e7ais. Le minist\u00e8re l\u2019accuse d\u2019agir pour le compte des services de renseignement fran\u00e7ais, en mobilisant des figures politiques, des membres de la soci\u00e9t\u00e9 civile et des officiers militaires.<\/p>\n<p>Si le Quai d\u2019Orsay n\u2019a pas fait de commentaire officiel ce vendredi 15\u00a0ao\u00fbt sur l\u2019arrestation de Yann Vezilier, des m\u00e9dias d\u2019\u00c9tat maliens et d\u2019autres m\u00e9dias notamment africains ont d\u00e9voil\u00e9 le CV de ce Fran\u00e7ais au sein de l\u2019arm\u00e9e fran\u00e7aise.<\/p>\n<\/p>\n<p>Les m\u00e9dias d\u2019\u00c9tat maliens ont diffus\u00e9 des images de dix autres personnes arr\u00eat\u00e9es dans le cadre de ce complot pr\u00e9sum\u00e9, dont le g\u00e9n\u00e9ral Abass Dembele, ancien gouverneur de la r\u00e9gion centrale de Mopti, et le g\u00e9n\u00e9ral Nema Sagara, autre figure militaire de premier plan.<\/p>\n<p>Le Mali, une vieille histoire fran\u00e7aise\u2026<\/p>\n<p>Le Mali, o\u00f9 l\u2019arm\u00e9e a pris le pouvoir apr\u00e8s deux coups d\u2019\u00c9tat en\u00a02020 et\u00a02021, est aux prises depuis plus d\u2019une d\u00e9cennie \u00e0 une insurrection arm\u00e9e de groupes djihadistes li\u00e9s \u00e0 Al Qa\u00efda et l\u2019\u00c9tat islamique.<\/p>\n<p>La prise de pouvoir des militaires, qui, comme au Niger et au Burkina Faso, ont mis fin \u00e0 l\u2019appui fourni par l\u2019arm\u00e9e fran\u00e7aise et se sont rapproch\u00e9s de la Russie, n\u2019a pas fait cesser les violences.<\/p>\n","protected":false},"excerpt":{"rendered":"Le minist\u00e8re malien de l\u2019Administration territoriale a confirm\u00e9 ce jeudi 14\u00a0ao\u00fbt en soir\u00e9e l\u2019arrestation d\u2019une dizaine de personnes&hellip;\n","protected":false},"author":2,"featured_media":322172,"comment_status":"","ping_status":"","sticky":false,"template":"","format":"standard","meta":{"footnotes":""},"categories":[1888],"tags":[1111,1928,11,1927,1777,674,1011,27,12,1926,626,1925,25],"class_list":{"0":"post-322171","1":"post","2":"type-post","3":"status-publish","4":"format-standard","5":"has-post-thumbnail","7":"category-paris","8":"tag-actu","9":"tag-actu-paris","10":"tag-actualites","11":"tag-actualites-paris","12":"tag-eu","13":"tag-europe","14":"tag-fr","15":"tag-france","16":"tag-news","17":"tag-news-paris","18":"tag-paris","19":"tag-paris-news","20":"tag-republique-francaise"},"share_on_mastodon":{"url":"https:\/\/pubeurope.com\/@fr\/115036623191221599","error":""},"_links":{"self":[{"href":"https:\/\/www.europesays.com\/fr\/wp-json\/wp\/v2\/posts\/322171","targetHints":{"allow":["GET"]}}],"collection":[{"href":"https:\/\/www.europesays.com\/fr\/wp-json\/wp\/v2\/posts"}],"about":[{"href":"https:\/\/www.europesays.com\/fr\/wp-json\/wp\/v2\/types\/post"}],"author":[{"embeddable":true,"href":"https:\/\/www.europesays.com\/fr\/wp-json\/wp\/v2\/users\/2"}],"replies":[{"embeddable":true,"href":"https:\/\/www.europesays.com\/fr\/wp-json\/wp\/v2\/comments?post=322171"}],"version-history":[{"count":0,"href":"https:\/\/www.europesays.com\/fr\/wp-json\/wp\/v2\/posts\/322171\/revisions"}],"wp:featuredmedia":[{"embeddable":true,"href":"https:\/\/www.europesays.com\/fr\/wp-json\/wp\/v2\/media\/322172"}],"wp:attachment":[{"href":"https:\/\/www.europesays.com\/fr\/wp-json\/wp\/v2\/media?parent=322171"}],"wp:term":[{"taxonomy":"category","embeddable":true,"href":"https:\/\/www.europesays.com\/fr\/wp-json\/wp\/v2\/categories?post=322171"},{"taxonomy":"post_tag","embeddable":true,"href":"https:\/\/www.europesays.com\/fr\/wp-json\/wp\/v2\/tags?post=322171"}],"curies":[{"name":"wp","href":"https:\/\/api.w.org\/{rel}","templated":true}]}}