{"id":322177,"date":"2025-08-16T04:49:21","date_gmt":"2025-08-16T04:49:21","guid":{"rendered":"https:\/\/www.europesays.com\/fr\/322177\/"},"modified":"2025-08-16T04:49:21","modified_gmt":"2025-08-16T04:49:21","slug":"guerre-en-ukraine-un-avion-de-chasse-russe-su-30sm-valant-plus-de-30-millions-deuros-secrase-pres-de-lile-des-serpents","status":"publish","type":"post","link":"https:\/\/www.europesays.com\/fr\/322177\/","title":{"rendered":"Guerre en Ukraine\u00a0: un avion de chasse russe Su-30SM valant plus de 30\u00a0millions d\u2019euros s\u2019\u00e9crase pr\u00e8s de l\u2019\u00eele des Serpents"},"content":{"rendered":"<p class=\"paragraph text_align_left lp-f-body-02\">Un Su-30SM de moins pour la Russie. Moscou a perdu un nouvel <a href=\"https:\/\/www.leparisien.fr\/international\/ukraine\/guerre-en-ukraine-su-34-su-35s-ces-avions-de-chasse-russes-qui-volent-grace-a-des-composants-occidentaux-18-07-2025-35CZA6NBGJDV7IG7FSKNR4S5YM.php\" target=\"_blank\" rel=\"noreferrer nofollow noopener\">avion de combat<\/a> Su-30SM lors d\u2019une mission au sud-est de l\u2019\u00eele des Serpents, la seule \u00eele situ\u00e9e au large des c\u00f4tes continentales en mer Noire, si l\u2019on en croit les propos de la marine ukrainienne de ce jeudi 14 ao\u00fbt. L\u2019avion de chasse s\u2019est \u00e9cras\u00e9 pour des raisons qui restent inconnues, rapporte <a href=\"https:\/\/kyivindependent.com\/russian-su-30sm-fighter-jet-likely-down-near-snake-island-ukrainian-navy-says\/\" target=\"_blank\" rel=\"noreferrer nofollow noopener\">The Kyiv Independent<\/a>.<\/p>\n<p class=\"paragraph text_align_left lp-f-body-02\">Selon Kiev, les services de renseignement ukrainiens ont intercept\u00e9 des communications radio indiquant la perte de contact avec <a href=\"https:\/\/www.leparisien.fr\/international\/guerre-en-ukraine-une-perte-lourde-de-consequences-kiev-detruit-un-avion-de-chasse-russe-mig-31k-dune-grande-valeur-12-06-2025-NYJAKDKZFFFFRMZYIYCO2AWGHE.php\" target=\"_blank\" rel=\"noreferrer nofollow noopener\">l\u2019avion<\/a>, et les forces russes ont lanc\u00e9 une op\u00e9ration de recherche et de sauvetage. Pour l\u2019heure, seuls des d\u00e9bris auraient \u00e9t\u00e9 rep\u00e9r\u00e9s \u00e0 la surface de la mer et les pilotes sont toujours port\u00e9s disparus.<\/p>\n<p class=\"paragraph text_align_left lp-f-body-02\">L\u2019<a href=\"https:\/\/www.leparisien.fr\/international\/lukraine-affirme-avoir-recupere-lile-aux-serpents-07-07-2022-2NXUAIPX4FCK3JTMYYB7FOTEIU.php\" target=\"_blank\" rel=\"noreferrer nofollow noopener\">\u00eele des Serpents<\/a>, situ\u00e9e \u00e0 35 km au large de l\u2019oblast d\u2019Odessa (Ukraine), a \u00e9t\u00e9 prise par les forces russes d\u00e8s les premiers jours de l\u2019invasion russe en f\u00e9vrier 2022. Sa capture a permis \u00e0 Moscou de bloquer les ports d\u2019<a href=\"https:\/\/www.leparisien.fr\/international\/ukraine\/guerre-en-ukraine-la-legende-du-ciel-dodessa-le-pilote-davion-kamikaze-konstantin-oborin-tue-en-mission-par-la-russie-21-07-2025-5NTYOIJA4FGLRDILNUWWVNCNVI.php\" target=\"_blank\" rel=\"noreferrer nofollow noopener\">Odessa<\/a> sur la mer Noire et de mener des frappes contre l\u2019Ukraine depuis l\u2019\u00eele, jusqu\u2019au retrait des troupes russes quelques mois plus tard en juin 2022.<\/p>\n<p>La liste des Su-30 russes d\u00e9truits s\u2019allonge<\/p>\n<p class=\"paragraph text_align_left lp-f-body-02\">Cette perte s\u2019ajoute \u00e0 la liste croissante des Su-30 russes d\u00e9truits ou endommag\u00e9s pendant la guerre. Le 2 mai dernier, l\u2019Ukraine a d\u00e9clar\u00e9 avoir abattu deux avions Su-30 avec des missiles air-air tir\u00e9s depuis des drones maritimes pr\u00e8s de Novorossiysk, et a affirm\u00e9 en avoir endommag\u00e9 un autre sur un a\u00e9rodrome le 9 mai.<\/p>\n<p class=\"paragraph text_align_left lp-f-body-02\">D\u00e9but ao\u00fbt, les drones ukrainiens de la mission du Centre d\u2019op\u00e9rations sp\u00e9ciales \u00ab A \u00bb sont parvenus \u00e0 <a href=\"https:\/\/www.leparisien.fr\/international\/ukraine\/guerre-en-ukraine-kiev-frappe-cinq-avions-de-chasse-russes-et-detruit-un-su-30sm-a-plus-de-30-millions-deuros-05-08-2025-XKSKG2VC4RBDHJ6ATNFQOOJXSM.php\" target=\"_blank\" rel=\"noreferrer nofollow noopener\">d\u00e9truire un avion SU-30SM et \u00e0 en endommager un autre<\/a>, selon les services de renseignement ukrainiens.<\/p>\n<p class=\"paragraph text_align_left lp-f-body-02\">D\u00e9velopp\u00e9 par la Russie, le <a href=\"https:\/\/www.leparisien.fr\/international\/ukraine\/guerre-en-ukraine-su-34-su-35s-ces-avions-de-chasse-russes-qui-volent-grace-a-des-composants-occidentaux-18-07-2025-35CZA6NBGJDV7IG7FSKNR4S5YM.php\" target=\"_self\" rel=\"nofollow noopener\">Su-30SM<\/a> est un avion de combat multir\u00f4le bimoteur et biplace capable de mener des attaques air-air ou air-sol. Il est con\u00e7u pour accueillir deux pilotes et peut emporter jusqu\u2019\u00e0 pr\u00e8s de 8 tonnes d\u2019armement. Il est \u00e9galement \u00e9quip\u00e9 d\u2019un canon d\u2019avion de 30 mm avec 150 cartouches. Avec ses deux moteurs Saturn AL-31, il peut atteindre une vitesse maximale de Mach 2, soit environ 2 470 km\/h. Son co\u00fbt est \u00e9valu\u00e9 entre 30 et 43 millions d\u2019euros.<\/p>\n","protected":false},"excerpt":{"rendered":"Un Su-30SM de moins pour la Russie. Moscou a perdu un nouvel avion de combat Su-30SM lors d\u2019une&hellip;\n","protected":false},"author":2,"featured_media":322178,"comment_status":"","ping_status":"","sticky":false,"template":"","format":"standard","meta":{"footnotes":""},"categories":[1591],"tags":[11,1887,14,12,1885,1886,132,220],"class_list":{"0":"post-322177","1":"post","2":"type-post","3":"status-publish","4":"format-standard","5":"has-post-thumbnail","7":"category-russie","8":"tag-actualites","9":"tag-federation-de-russie","10":"tag-international","11":"tag-news","12":"tag-russia","13":"tag-russian-federation","14":"tag-russie","15":"tag-ukraine"},"share_on_mastodon":{"url":"https:\/\/pubeurope.com\/@fr\/115036642789038370","error":""},"_links":{"self":[{"href":"https:\/\/www.europesays.com\/fr\/wp-json\/wp\/v2\/posts\/322177","targetHints":{"allow":["GET"]}}],"collection":[{"href":"https:\/\/www.europesays.com\/fr\/wp-json\/wp\/v2\/posts"}],"about":[{"href":"https:\/\/www.europesays.com\/fr\/wp-json\/wp\/v2\/types\/post"}],"author":[{"embeddable":true,"href":"https:\/\/www.europesays.com\/fr\/wp-json\/wp\/v2\/users\/2"}],"replies":[{"embeddable":true,"href":"https:\/\/www.europesays.com\/fr\/wp-json\/wp\/v2\/comments?post=322177"}],"version-history":[{"count":0,"href":"https:\/\/www.europesays.com\/fr\/wp-json\/wp\/v2\/posts\/322177\/revisions"}],"wp:featuredmedia":[{"embeddable":true,"href":"https:\/\/www.europesays.com\/fr\/wp-json\/wp\/v2\/media\/322178"}],"wp:attachment":[{"href":"https:\/\/www.europesays.com\/fr\/wp-json\/wp\/v2\/media?parent=322177"}],"wp:term":[{"taxonomy":"category","embeddable":true,"href":"https:\/\/www.europesays.com\/fr\/wp-json\/wp\/v2\/categories?post=322177"},{"taxonomy":"post_tag","embeddable":true,"href":"https:\/\/www.europesays.com\/fr\/wp-json\/wp\/v2\/tags?post=322177"}],"curies":[{"name":"wp","href":"https:\/\/api.w.org\/{rel}","templated":true}]}}