{"id":322179,"date":"2025-08-16T04:50:35","date_gmt":"2025-08-16T04:50:35","guid":{"rendered":"https:\/\/www.europesays.com\/fr\/322179\/"},"modified":"2025-08-16T04:50:35","modified_gmt":"2025-08-16T04:50:35","slug":"en-russie-une-raffinerie-incendiee-apres-une-attaque-de-drones-ukrainiens-liberation","status":"publish","type":"post","link":"https:\/\/www.europesays.com\/fr\/322179\/","title":{"rendered":"En Russie, une raffinerie incendi\u00e9e apr\u00e8s une attaque de drones ukrainiens \u2013 Lib\u00e9ration"},"content":{"rendered":"<p class=\"sc-ksZaOG ehjQrN text-element\">Kyiv continue de r\u00e9pondre \u00e0 l\u2019invasion de la Russie en visant des infrastructures strat\u00e9giques. Dans la nuit de mercredi \u00e0 jeudi, l\u2019Ukraine a tir\u00e9 <a href=\"https:\/\/www.liberation.fr\/international\/europe\/drones-ukrainiens-avec-une-charge-de-65-kg-ca-peut-faire-beaucoup-de-degats-20250603_UCBTD6GTAVCH5JZEYHDEOL3CHA\/\" target=\"_blank\" rel=\"noopener\" title=\"https:\/\/www.liberation.fr\/international\/europe\/drones-ukrainiens-avec-une-charge-de-65-kg-ca-peut-faire-beaucoup-de-degats-20250603_UCBTD6GTAVCH5JZEYHDEOL3CHA\/\">des dizaines de drones<\/a> sur le territoire russe. L\u2019attaque a fait trois bless\u00e9s et provoqu\u00e9 des incendies dans deux r\u00e9gions du sud du pays, notamment dans une raffinerie de p\u00e9trole, ont annonc\u00e9 les autorit\u00e9s russes.<\/p>\n<p class=\"sc-ksZaOG ehjQrN text-element\">\u00abL\u2019attaque a provoqu\u00e9 un d\u00e9versement de produits p\u00e9troliers qui ont pris feu \u00e0 la raffinerie de p\u00e9trole de Volgograd\u00bb, a indiqu\u00e9 Andre\u00ef Bocharov, le gouverneur de cette r\u00e9gion situ\u00e9e \u00e0 pr\u00e8s de 500 kilom\u00e8tres de la ligne de front, dans un communiqu\u00e9 sur Telegram.<\/p>\n<p class=\"sc-ksZaOG ehjQrN text-element\">Un autre drone ukrainien a frapp\u00e9 une voiture et bless\u00e9 trois personnes dans la r\u00e9gion de Belgorod, a indiqu\u00e9 son gouverneur, Viatcheslav Gladkov, qui a publi\u00e9 une vid\u00e9o montrant la voiture en flammes et des d\u00e9bris \u00e9parpill\u00e9s dans la rue.<\/p>\n<p class=\"sc-ksZaOG ehjQrN text-element\">\u00abLes services d\u2019urgence sont sur place\u00bb, a-t-il ajout\u00e9 sur Telegram. Pour l\u2019heure, les autorit\u00e9s ukrainiennes n\u2019ont pas comment\u00e9 l\u2019attaque.<\/p>\n<p class=\"sc-ksZaOG ehjQrN text-element\">Depuis que Vladimir Poutine a lanc\u00e9 son offensive militaire \u00e0 grande \u00e9chelle contre l\u2019Ukraine en f\u00e9vrier 2022, Kyiv r\u00e9pond par des frappes sporadiques de drones en ciblant m\u00e9thodiquement des lieux situ\u00e9s \u00e0 des centaines de kilom\u00e8tres de sa fronti\u00e8re avec la Russie.<\/p>\n<p class=\"sc-ksZaOG ehjQrN text-element\">Le minist\u00e8re russe de la D\u00e9fense a d\u00e9clar\u00e9 avoir intercept\u00e9 44 drones ukrainiens au cours du raid men\u00e9 entre mercredi soir et ce jeudi matin, dont sept au-dessus de la Crim\u00e9e, p\u00e9ninsule annex\u00e9e par la Russie en 2014.<\/p>\n<p class=\"sc-ksZaOG ehjQrN text-element\">Ces attaques sont survenues \u00e0 la veille d\u2019un<a href=\"https:\/\/www.liberation.fr\/international\/amerique\/sommet-avec-trump-en-alaska-poutine-fait-face-a-un-acteur-tout-aussi-imprevisible-que-lui-20250814_NIZSFAH4EVEF3E7ARZNLB2ILQA\/\" target=\"_blank\" rel=\"noopener\" title=\"https:\/\/www.liberation.fr\/international\/amerique\/sommet-avec-trump-en-alaska-poutine-fait-face-a-un-acteur-tout-aussi-imprevisible-que-lui-20250814_NIZSFAH4EVEF3E7ARZNLB2ILQA\/\"> sommet crucial en Alaska<\/a> entre le pr\u00e9sident am\u00e9ricain Donald Trump et son homologue russe Vladimir Poutine. A l\u2019approche de <a href=\"https:\/\/www.liberation.fr\/idees-et-debats\/editorial\/en-alaska-trump-et-poutine-en-operation-degel-20250813_Q5WMU66GP5CTZN532LCO6NH4RQ\/\" target=\"_blank\" rel=\"noopener\" title=\"https:\/\/www.liberation.fr\/idees-et-debats\/editorial\/en-alaska-trump-et-poutine-en-operation-degel-20250813_Q5WMU66GP5CTZN532LCO6NH4RQ\/\">cette rencontre<\/a>, les forces russes poussent sur le front de l\u2019Est et ont r\u00e9cemment conquis plusieurs villages ukrainiens.<\/p>\n<p class=\"sc-ksZaOG ehjQrN text-element\">\u00abIl y aura des cons\u00e9quences tr\u00e8s graves\u00bb pour la Russie si elle n\u2019arr\u00eate pas la guerre, a martel\u00e9 Donald Trump en conf\u00e9rence de presse mercredi soir, sans donner de d\u00e9tails. Aupr\u00e8s des dirigeants europ\u00e9ens, le pr\u00e9sident am\u00e9ricain a fait part de son souhait d\u2019organiser \u00abrapidement<a href=\"https:\/\/www.liberation.fr\/international\/sommet-trump-poutine-les-europeens-et-le-president-americain-unis-dans-leurs-efforts-pour-mettre-fin-a-la-guerre-en-ukraine-20250813_WXCWMTOQF5B2NPGTK6UXHFKNCQ\/\" target=\"_blank\" rel=\"noopener\" title=\"https:\/\/www.liberation.fr\/international\/sommet-trump-poutine-les-europeens-et-le-president-americain-unis-dans-leurs-efforts-pour-mettre-fin-a-la-guerre-en-ukraine-20250813_WXCWMTOQF5B2NPGTK6UXHFKNCQ\/\"> une seconde rencontre<\/a> entre le pr\u00e9sident Poutine, le pr\u00e9sident Zelensky\u00bb et lui-m\u00eame, \u00abs\u2019ils veulent que je sois l\u00e0\u00bb. Toutefois, Donald Trump a pr\u00e9venu : tout va d\u00e9pendre de la teneur de son t\u00eate-\u00e0-t\u00eate avec le chef du Kremlin.<\/p>\n","protected":false},"excerpt":{"rendered":"Kyiv continue de r\u00e9pondre \u00e0 l\u2019invasion de la Russie en visant des infrastructures strat\u00e9giques. Dans la nuit de&hellip;\n","protected":false},"author":2,"featured_media":322180,"comment_status":"","ping_status":"","sticky":false,"template":"","format":"standard","meta":{"footnotes":""},"categories":[1590],"tags":[11,75,1777,674,12,132,220,297,135],"class_list":{"0":"post-322179","1":"post","2":"type-post","3":"status-publish","4":"format-standard","5":"has-post-thumbnail","7":"category-ukraine","8":"tag-actualites","9":"tag-donald-trump","10":"tag-eu","11":"tag-europe","12":"tag-news","13":"tag-russie","14":"tag-ukraine","15":"tag-ukraine-la-crise","16":"tag-vladimir-poutine"},"share_on_mastodon":{"url":"https:\/\/pubeurope.com\/@fr\/115036646474063665","error":""},"_links":{"self":[{"href":"https:\/\/www.europesays.com\/fr\/wp-json\/wp\/v2\/posts\/322179","targetHints":{"allow":["GET"]}}],"collection":[{"href":"https:\/\/www.europesays.com\/fr\/wp-json\/wp\/v2\/posts"}],"about":[{"href":"https:\/\/www.europesays.com\/fr\/wp-json\/wp\/v2\/types\/post"}],"author":[{"embeddable":true,"href":"https:\/\/www.europesays.com\/fr\/wp-json\/wp\/v2\/users\/2"}],"replies":[{"embeddable":true,"href":"https:\/\/www.europesays.com\/fr\/wp-json\/wp\/v2\/comments?post=322179"}],"version-history":[{"count":0,"href":"https:\/\/www.europesays.com\/fr\/wp-json\/wp\/v2\/posts\/322179\/revisions"}],"wp:featuredmedia":[{"embeddable":true,"href":"https:\/\/www.europesays.com\/fr\/wp-json\/wp\/v2\/media\/322180"}],"wp:attachment":[{"href":"https:\/\/www.europesays.com\/fr\/wp-json\/wp\/v2\/media?parent=322179"}],"wp:term":[{"taxonomy":"category","embeddable":true,"href":"https:\/\/www.europesays.com\/fr\/wp-json\/wp\/v2\/categories?post=322179"},{"taxonomy":"post_tag","embeddable":true,"href":"https:\/\/www.europesays.com\/fr\/wp-json\/wp\/v2\/tags?post=322179"}],"curies":[{"name":"wp","href":"https:\/\/api.w.org\/{rel}","templated":true}]}}