{"id":322181,"date":"2025-08-16T04:52:22","date_gmt":"2025-08-16T04:52:22","guid":{"rendered":"https:\/\/www.europesays.com\/fr\/322181\/"},"modified":"2025-08-16T04:52:22","modified_gmt":"2025-08-16T04:52:22","slug":"les-visas-americains-revoques-des-responsables-des-pays-qui-accueillent-les-brigades-medicales-de-cuba","status":"publish","type":"post","link":"https:\/\/www.europesays.com\/fr\/322181\/","title":{"rendered":"Les visas am\u00e9ricains r\u00e9voqu\u00e9s des responsables des pays qui accueillent les brigades m\u00e9dicales de Cuba"},"content":{"rendered":"<p>Les pays d\u2019Afrique, d\u2019Amerique latine et de la Cara\u00efbe accueillent la majorit\u00e9 des 24.000 Cubains, sp\u00e9cialistes de la sant\u00e9 et membres des brigades m\u00e9dicales, qui travaillent \u00e0 l\u2019\u00e9tranger. Les responsables des pays qui maintiennent ce programme ainsi que leurs proches ne peuvent plus se rendre aux Etats-Unis.<\/p>\n<p>Mercredi 13 ao\u00fbt 2025, Bruno Rodriguez, ministre des affaires \u00e9trang\u00e8res de Cuba a exprim\u00e9 sa col\u00e8re sur les r\u00e9seaux sociaux contre \u00ab\u00a0la politique d&rsquo;agression des \u00c9tats-Unis.\u00a0\u00bb<\/p>\n<p>Le secr\u00e9taire d&rsquo;\u00c9tat am\u00e9ricain, Marco Rubio vient de confirmer que Washington r\u00e9voquera les visas de plusieurs hauts fonctionnaires du gouvernement cubain, ainsi que ceux des \u00e9lus et les membres de leurs familles venant des pays africains, du Br\u00e9sil et de l&rsquo;\u00eele de la Grenade.<\/p>\n<p>Ces pays ont tous sign\u00e9 des accords de coop\u00e9ration avec Cuba pour obtenir les services des sp\u00e9cialistes de sant\u00e9.<\/p>\n<p>Le chef de la diplomatie cubaine a d\u00e9clar\u00e9 que malgr\u00e9 les sanctions am\u00e9ricaines, les programmes m\u00e9dicaux dans des tiers pays seront maintenus.<\/p>\n<blockquote class=\"twitter-tweet\">\n<p lang=\"es\" dir=\"ltr\">Secretario Estado <a href=\"https:\/\/twitter.com\/hashtag\/EEUU?src=hash&amp;ref_src=twsrc%5Etfw\" rel=\"nofollow noopener\" target=\"_blank\">#EEUU<\/a> amenaza con restricciones visas vs gobiernos que cuentan con programas leg\u00edtimos de cooperaci\u00f3n m\u00e9dica con <a href=\"https:\/\/twitter.com\/hashtag\/Cuba?src=hash&amp;ref_src=twsrc%5Etfw\" rel=\"nofollow noopener\" target=\"_blank\">#Cuba<\/a>. Demuestra imposici\u00f3n y agresi\u00f3n con la fuerza como nueva doctrina de pol\u00edtica exterior de ese gobierno.<\/p>\n<p>Cuba continuar\u00e1 prestando servicios. <a href=\"https:\/\/t.co\/OxyldLQsHm\" rel=\"nofollow\">pic.twitter.com\/OxyldLQsHm<\/a><\/p>\n<p>\u2014 Bruno Rodr\u00edguez P (@BrunoRguezP) <a href=\"https:\/\/twitter.com\/BrunoRguezP\/status\/1955719302432121243?ref_src=twsrc%5Etfw\" rel=\"nofollow noopener\" target=\"_blank\">August 13, 2025<\/a><\/p><\/blockquote>\n<p>Dans la Cara\u00efbe, les m\u00e9decins cubains sont vitaux au bon fonctionnement des services de sant\u00e9 de plusieurs pays.<\/p>\n<p>\u00c0 la Grenade, les m\u00e9decins cubains travaillent dans les h\u00f4pitaux et centres m\u00e9dicaux depuis des d\u00e9cennies.<\/p>\n<blockquote class=\"ftvi_content_quote\">\n<p class=\"ftvi_citation_quote\">Si les m\u00e9decins cubains n&rsquo;\u00e9taient pas ici, en particulier des sp\u00e9cialistes, notre syst\u00e8me de sant\u00e9 s&rsquo;effondrerait.<\/p>\n<p>Dickon Mitchell, premier ministre de la Grenade<\/p><\/blockquote>\n<p>Le gouvernement de la Grenade affirme avoir \u00e9t\u00e9 transparent avec les \u00c9tats-Unis au sujet du programme.<\/p>\n<p>Le ministre des Affaires \u00e9trang\u00e8res de la Grenade et son homologue au d\u00e9partement des finances ont d\u00e9j\u00e0 d\u00e9clar\u00e9 qu&rsquo;ils pr\u00e9f\u00e8rent renoncer \u00e0 leurs visas am\u00e9ricains.<\/p>\n<p>Le ministre des Finances, Dennis Cornwall, dipl\u00f4m\u00e9 d\u2019une universit\u00e9 cubaine, estime qu\u2019il a \u00ab\u00a0une obligation morale\u00a0\u00bb de soutenir la contribution des m\u00e9decins et les infirmi\u00e8res cubaines qui travaillent dans le syst\u00e8me de sant\u00e9 de la Grenade.<\/p>\n<blockquote class=\"ftvi_content_quote\">\n<p class=\"ftvi_citation_quote\">Si cela signifie que le gouvernement des \u00c9tats-Unis doit nous retirer nos visas parce que nous soutenons l&rsquo;initiative cubaine, qu&rsquo;il en soit ainsi.<\/p>\n<p>Dennis Cornwall, ministre des finances de la Grenade<\/p><\/blockquote>\n<p>Lors de sa contribution \u00e0 la mi-mars au d\u00e9bat du budget de 2025, le ministre des Affaires \u00e9trang\u00e8res, Joseph Andall, \u00e9galement dipl\u00f4m\u00e9 de Cuba, a d\u00e9clar\u00e9 que la Grenade a une obligation l\u00e9gale, morale et \u00e9thique de se tenir aux c\u00f4t\u00e9s du peuple cubain.<\/p>\n<p>Sainte-Lucie, Saint-Vincent et les Grenadines et la Jama\u00efque sont d&rsquo;autres pays carib\u00e9ens qui accueillent le personnel m\u00e9dical cubain dans leurs h\u00f4pitaux.<\/p>\n<p>Pour l\u2019instant les responsables de ces pays n\u2019ont pas \u00e9t\u00e9 concern\u00e9s par les mesures des Etats-Unis.<\/p>\n<p>Washington demande que les pays d&rsquo;accueil r\u00e9mun\u00e8rent directement le personnel cubain. Auparavant, ces pays versaient les salaires des m\u00e9decins \u00e0 l&rsquo;\u00c9tat cubain qui, par la suite, r\u00e9mun\u00e9rait son personnel soignant.\u00a0\u00a0<\/p>\n<p>Les Am\u00e9ricains d\u00e9non\u00e7aient ce syst\u00e8me. Depuis, certains pays ont commenc\u00e9 \u00e0 virer les salaires directement aux m\u00e9decins et aux infirmiers cubains afin d&rsquo;\u00e9viter d&rsquo;\u00eatre sanctionn\u00e9s.<\/p>\n<p>Pendant la pand\u00e9mie, des pays europ\u00e9ens comme l&rsquo;Italie ont accueilli les m\u00e9decins et les infirmi\u00e8res de Cuba.<\/p>\n<p>                                    <img class=\"a-article__image lazy libre\" width=\"800\" height=\"450\" data-src=\"https:\/\/www.europesays.com\/fr\/wp-content\/uploads\/2025\/08\/5ef664a6e5fbb_cuba_2_cg-1409806.jpg\" style=\"--img-placeholder: url('\/assets\/img\/placeholders\/article-800-450.svg');\" alt=\"M\u00e9decins de Cuba \" aria-hidden=\"true\"\/><\/p>\n<p>                arriv\u00e9e de la d\u00e9l\u00e9gation de m\u00e9decins cubains en Martinique (26 juin 2020).<br \/>\n                     \u2022<br \/>\n                            \u00a9Claude Gratien<\/p>\n<p>Une brigade m\u00e9dicale cubaine a \u00e9galement atterri \u00e0 la Martinique \u00e0 cette p\u00e9riode.<\/p>\n<p>\t\t\t\t\t\t\t<script async src=\"https:\/\/platform.twitter.com\/widgets.js\" charset=\"utf-8\"><\/script><\/p>\n","protected":false},"excerpt":{"rendered":"Les pays d\u2019Afrique, d\u2019Amerique latine et de la Cara\u00efbe accueillent la majorit\u00e9 des 24.000 Cubains, sp\u00e9cialistes de la&hellip;\n","protected":false},"author":2,"featured_media":322182,"comment_status":"","ping_status":"","sticky":false,"template":"","format":"standard","meta":{"footnotes":""},"categories":[1589],"tags":[11,73,1866,12,1864,1865,1863,308],"class_list":{"0":"post-322181","1":"post","2":"type-post","3":"status-publish","4":"format-standard","5":"has-post-thumbnail","7":"category-etats-unis","8":"tag-actualites","9":"tag-etats-unis","10":"tag-etats-unis-damerique","11":"tag-news","12":"tag-united-states","13":"tag-united-states-of-america","14":"tag-us","15":"tag-usa"},"share_on_mastodon":{"url":"https:\/\/pubeurope.com\/@fr\/115036654468581737","error":""},"_links":{"self":[{"href":"https:\/\/www.europesays.com\/fr\/wp-json\/wp\/v2\/posts\/322181","targetHints":{"allow":["GET"]}}],"collection":[{"href":"https:\/\/www.europesays.com\/fr\/wp-json\/wp\/v2\/posts"}],"about":[{"href":"https:\/\/www.europesays.com\/fr\/wp-json\/wp\/v2\/types\/post"}],"author":[{"embeddable":true,"href":"https:\/\/www.europesays.com\/fr\/wp-json\/wp\/v2\/users\/2"}],"replies":[{"embeddable":true,"href":"https:\/\/www.europesays.com\/fr\/wp-json\/wp\/v2\/comments?post=322181"}],"version-history":[{"count":0,"href":"https:\/\/www.europesays.com\/fr\/wp-json\/wp\/v2\/posts\/322181\/revisions"}],"wp:featuredmedia":[{"embeddable":true,"href":"https:\/\/www.europesays.com\/fr\/wp-json\/wp\/v2\/media\/322182"}],"wp:attachment":[{"href":"https:\/\/www.europesays.com\/fr\/wp-json\/wp\/v2\/media?parent=322181"}],"wp:term":[{"taxonomy":"category","embeddable":true,"href":"https:\/\/www.europesays.com\/fr\/wp-json\/wp\/v2\/categories?post=322181"},{"taxonomy":"post_tag","embeddable":true,"href":"https:\/\/www.europesays.com\/fr\/wp-json\/wp\/v2\/tags?post=322181"}],"curies":[{"name":"wp","href":"https:\/\/api.w.org\/{rel}","templated":true}]}}