{"id":322188,"date":"2025-08-16T05:00:32","date_gmt":"2025-08-16T05:00:32","guid":{"rendered":"https:\/\/www.europesays.com\/fr\/322188\/"},"modified":"2025-08-16T05:00:32","modified_gmt":"2025-08-16T05:00:32","slug":"evfta-catalyseur-du-commerce-vietnam","status":"publish","type":"post","link":"https:\/\/www.europesays.com\/fr\/322188\/","title":{"rendered":"EVFTA, catalyseur du commerce Vietnam"},"content":{"rendered":"<p style=\"text-align:\">Cinq ans apr\u00e8s l\u2019entr\u00e9e en vigueur de l\u2019Accord de libre-\u00e9change entre l\u2019Union europ\u00e9enne et le Vietnam (EVFTA), le commerce bilat\u00e9ral a connu une forte croissance. Le Vietnam est le premier partenaire commercial de l\u2019Union europ\u00e9enne au sein de l\u2019ASEAN et le 16e \u00e0 l\u2019\u00e9chelle mondiale.<\/p>\n<p><a href=\"https:\/\/lecourrier.vn\/levfta-une-opportunite-en-or-pour-le-vietnam-dans-sa-cooperation-avec-leurope\/1287884.html\" title=\"L\u2019EVFTA, une opportunit\u00e9 en or pour le Vietnam dans sa coop\u00e9ration avec l\u2019Europe\" target=\"_blank\" rel=\"noopener\">&gt;&gt; L\u2019EVFTA, une opportunit\u00e9 en or pour le Vietnam dans sa coop\u00e9ration avec l\u2019Europe<\/a><\/p>\n<p><a href=\"https:\/\/lecourrier.vn\/union-europeenne-vietnam-300-milliards-de-dollars-en-cinq-ans-grace-a-levfta\/1287975.html\" title=\"Union europ\u00e9enne - Vietnam : 300 milliards de dollars en cinq ans gr\u00e2ce \u00e0 l\u2019EVFTA\" target=\"_blank\" rel=\"noopener\">&gt;&gt; Union europ\u00e9enne &#8211; Vietnam : 300 milliards de dollars en cinq ans gr\u00e2ce \u00e0 l\u2019EVFTA<\/a><\/p>\n<p><a href=\"https:\/\/lecourrier.vn\/cinq-ans-devfta-une-croissance-remarquable-du-commerce-entre-le-vietnam-et-lue\/1288101.html\" title=\"Cinq ans d\u2019EVFTA : une croissance remarquable du commerce entre le Vietnam et l\u2019UE\" target=\"_blank\" rel=\"noopener\">&gt;&gt; Cinq ans d\u2019EVFTA : une croissance remarquable du commerce entre le Vietnam et l\u2019UE<\/a><\/p>\n<p style=\"text-align:left\">Sign\u00e9 en juin 2019 et entr\u00e9 en vigueur en ao\u00fbt 2020, l\u2019EVFTA est l\u2019un des accords les plus ambitieux jamais conclus par l\u2019Union europ\u00e9enne (UE) avec un pays en d\u00e9veloppement. Il a entra\u00een\u00e9 la suppression imm\u00e9diate de plus de 70% des droits de douane, avec un objectif d\u2019\u00e9limination de 99% des tarifs restants. L\u2019accord a aussi \u00e9largi l\u2019acc\u00e8s aux march\u00e9s, renforc\u00e9 la protection de la propri\u00e9t\u00e9 intellectuelle et accru la transparence r\u00e9glementaire.<\/p>\n<tr>\n<td class=\"pic\"><img decoding=\"async\" class=\"lazyload\" src=\"https:\/\/www.europesays.com\/fr\/wp-content\/uploads\/2025\/08\/151407-20-2101a.jpg\" alt=\"\"\/><\/td>\n<\/tr>\n<tr>\n<td class=\"caption\">En 2024, les \u00e9changes commerciaux Vietnam &#8211; UE ont atteint 786,29 milliards de dollars, en hausse de 15,4% sur un an.\u00a0<\/td>\n<\/tr>\n<tr align=\"right\">\n<td class=\"author\">Photo : VNA\/CVN<\/td>\n<\/tr>\n<p style=\"text-align:left\">D\u2019apr\u00e8s les donn\u00e9es des Douanes vietnamiennes, les \u00e9changes commerciaux entre le Vietnam et l\u2019UE ont progress\u00e9 de 46,5% sur la p\u00e9riode 2020-2024, atteignant plus de 64,6 milliards de dollars, contre 44,1 milliards lors des cinq ann\u00e9es pr\u00e9c\u00e9dentes. L\u2019EVFTA a permis de maintenir une dynamique de croissance dans un contexte mondial marqu\u00e9 par la pand\u00e9mie de COVID-19, le conflit russo-ukrainien et les perturbations des cha\u00eenes d\u2019approvisionnement.<\/p>\n<p style=\"text-align:left\"><b>Obstacles \u00e0 franchir<\/b><\/p>\n<p style=\"text-align:left\">D\u00e8s son entr\u00e9e en vigueur, le texte a supprim\u00e9 85,6% des lignes tarifaires de l\u2019UE. Ce taux atteindra 99,2% d\u2019ici 2027, permettant \u00e0 la quasi totalit\u00e9 des produits vietnamiens d\u2019\u00eatre exon\u00e9r\u00e9s de droits de douane. Certains produits comme le riz, le caf\u00e9, les produits de la mer, les fruits et les l\u00e9gumes, le textile et la chaussure ont imm\u00e9diatement b\u00e9n\u00e9fici\u00e9 d\u2019un taux \u00e0 0%, renfor\u00e7ant leur comp\u00e9titivit\u00e9. Ces avantages sont particuli\u00e8rement visibles dans les exportations agricoles et aquacoles. Par exemple, les exportations de caf\u00e9 vers l\u2019UE ont connu une hausse spectaculaire de 120%, passant de 983 millions de dollars en 2020 \u00e0 2,2 milliards en 2024. Les exportations de fruits et l\u00e9gumes ont, quant \u00e0 elles, progress\u00e9 de 65,6%, atteignant 242,5 millions de dollars.<\/p>\n<p style=\"text-align:left\">Cependant, plusieurs secteurs tels que le textile, la chaussure, le bois et la pharmacie rencontrent encore de nombreux obstacles pour exploiter pleinement les avantages de l\u2019accord. Ces difficult\u00e9s sont li\u00e9es \u00e0 des facteurs structurels, notamment des technologies de production obsol\u00e8tes, un manque d\u2019investissement dans le design et la marque, et des d\u00e9fis dans le respect des r\u00e8gles d\u2019origine. \u00c0 cela s\u2019ajoutent les exigences techniques strictes impos\u00e9es par l\u2019UE, notamment en mati\u00e8re de tra\u00e7abilit\u00e9, de technologie et de normes de produits.<\/p>\n<p style=\"text-align:left\">Le Vietnam a fait des efforts clairs pour am\u00e9liorer les conditions de travail et l\u2019environnement afin de se conformer \u00e0 l\u2019EVFTA, comme la ratification d\u2019un certain nombre de conventions fondamentales de l\u2019Organisation internationale du travail (OIT), telles que la convention N\u00b098 sur la n\u00e9gociation collective, la convention N\u00b0105 sur l\u2019abolition du travail forc\u00e9, la mise en \u0153uvre de la Loi sur le travail r\u00e9vis\u00e9e de 2019 et l\u2019adoption de la Loi sur la protection de l\u2019environnement de 2020.<\/p>\n<p style=\"text-align:left\"><b>Un levier strat\u00e9gique<\/b><\/p>\n<p style=\"text-align:left\">L\u2019EVFTA continuera \u00e0 offrir des b\u00e9n\u00e9fices tangibles aux entreprises domestiques \u00e0 mesure que de nouvelles r\u00e9ductions tarifaires entreront en vigueur, notamment en 2027, lorsque 99,2% des lignes tarifaires seront supprim\u00e9es, repr\u00e9sentant 99,7% des exportations vietnamiennes. Dans un contexte de tensions commerciales croissantes, notamment avec les mesures protec-tionnistes am\u00e9ricaines, le texte permet au Vietnam de diversifier ses march\u00e9s et ses partenaires.<\/p>\n<tr>\n<td class=\"pic\"><img decoding=\"async\" class=\"lazyload\" src=\"https:\/\/www.europesays.com\/fr\/wp-content\/uploads\/2025\/08\/151604-20-2101b.jpg\" alt=\"\"\/><\/td>\n<\/tr>\n<tr>\n<td class=\"caption\">L\u2019EVFTA constitue un levier strat\u00e9gique pour moderniser le mod\u00e8le de croissance   du Vietnam et renforcer son int\u00e9gration dans les cha\u00eenes de valeur mondiales.<\/td>\n<\/tr>\n<tr align=\"right\">\n<td class=\"author\">Photo : VNA\/CVN<\/td>\n<\/tr>\n<p style=\"text-align:left\">Pour tirer pleinement parti de cet accord, le pays doit intensifier la modernisation de sa production, s\u2019engager dans la transition verte, investir dans le capital humain, d\u00e9velopper la production locale et renforcer la transparence institutionnelle. Au-del\u00e0 de l\u2019acc\u00e8s au march\u00e9, l\u2019EVFTA constitue un levier strat\u00e9gique pour moderniser le mod\u00e8le de croissance du Vietnam et accro\u00eetre son int\u00e9gration dans les cha\u00eenes de valeur mondiales.<\/p>\n<p style=\"text-align:left\">L\u2019accord constitue un jalon majeur dans l\u2019histoire de la coop\u00e9ration bilat\u00e9rale, particuli\u00e8rement dans un contexte mondial marqu\u00e9 par de profondes \u00e9volutions, a affirm\u00e9 l\u2019ambassadeur du Vietnam en Belgique et chef de la Mission du Vietnam aupr\u00e8s de l\u2019UE, Nguy\u00ean Van Thao. Les r\u00e9sultats obtenus sont significatifs : le pays est ainsi devenu le premier partenaire commercial de l\u2019UE au sein de l\u2019ASEAN, tandis que cette union s\u2019est positionn\u00e9e comme son quatri\u00e8me partenaire mondial. Ce succ\u00e8s a accru la place du Vietnam dans les cha\u00eenes de valeur mondiales, en particulier dans ses secteurs d\u2019exportation cl\u00e9s tels que l\u2019\u00e9lectronique, le textile et la chaussure.<\/p>\n<p style=\"text-align:left\">Le diplomate a mis en lumi\u00e8re les performances remarquables du secteur agro-sylvicole et halieutique, soulignant que leur compl\u00e9mentarit\u00e9 avec la production europ\u00e9enne g\u00e9n\u00e8re un impact socio-\u00e9conomique tangible dans les zones rurales vietnamiennes. Cependant, selon Nguy\u00ean Van Thao, le potentiel de l\u2019EVFTA reste encore largement sous-exploit\u00e9. Il a insist\u00e9 sur le fait qu\u2019au sein de l\u2019ASEAN, seuls le Vietnam et Singapour disposent d\u2019un accord de libre-\u00e9change avec l\u2019Union europ\u00e9enne, et que le Vietnam devrait saisir cette \u201cp\u00e9riode en or\u201d pour renforcer sa position sur ce march\u00e9 exigeant mais plein de promesses.<\/p>\n<p style=\"text-align:left\">Gr\u00e2ce aux bases solides de la coop\u00e9ration et \u00e0 l\u2019engagement mutuel en faveur d\u2019un commerce libre, \u00e9quitable et fond\u00e9 sur des r\u00e8gles, l\u2019accord restera un outil cl\u00e9 pour promouvoir le partenariat strat\u00e9gique entre le Vietnam et l\u2019UE.<\/p>\n<p style=\"text-align:right\"><b>Th\u00ea Linh\/CVN<\/b><\/p>\n","protected":false},"excerpt":{"rendered":"Cinq ans apr\u00e8s l\u2019entr\u00e9e en vigueur de l\u2019Accord de libre-\u00e9change entre l\u2019Union europ\u00e9enne et le Vietnam (EVFTA), le&hellip;\n","protected":false},"author":2,"featured_media":322189,"comment_status":"","ping_status":"","sticky":false,"template":"","format":"standard","meta":{"footnotes":""},"categories":[1586],"tags":[11,215,1777,674,1779,30405,21821,1011,27,12,25,1778,364,45978],"class_list":{"0":"post-322188","1":"post","2":"type-post","3":"status-publish","4":"format-standard","5":"has-post-thumbnail","7":"category-europe","8":"tag-actualites","9":"tag-commerce","10":"tag-eu","11":"tag-europe","12":"tag-european-union","13":"tag-evfta","14":"tag-exportations","15":"tag-fr","16":"tag-france","17":"tag-news","18":"tag-republique-francaise","19":"tag-ue","20":"tag-union-europeenne","21":"tag-vietnam-union-europeenne"},"share_on_mastodon":{"url":"https:\/\/pubeurope.com\/@fr\/115036687738982360","error":""},"_links":{"self":[{"href":"https:\/\/www.europesays.com\/fr\/wp-json\/wp\/v2\/posts\/322188","targetHints":{"allow":["GET"]}}],"collection":[{"href":"https:\/\/www.europesays.com\/fr\/wp-json\/wp\/v2\/posts"}],"about":[{"href":"https:\/\/www.europesays.com\/fr\/wp-json\/wp\/v2\/types\/post"}],"author":[{"embeddable":true,"href":"https:\/\/www.europesays.com\/fr\/wp-json\/wp\/v2\/users\/2"}],"replies":[{"embeddable":true,"href":"https:\/\/www.europesays.com\/fr\/wp-json\/wp\/v2\/comments?post=322188"}],"version-history":[{"count":0,"href":"https:\/\/www.europesays.com\/fr\/wp-json\/wp\/v2\/posts\/322188\/revisions"}],"wp:featuredmedia":[{"embeddable":true,"href":"https:\/\/www.europesays.com\/fr\/wp-json\/wp\/v2\/media\/322189"}],"wp:attachment":[{"href":"https:\/\/www.europesays.com\/fr\/wp-json\/wp\/v2\/media?parent=322188"}],"wp:term":[{"taxonomy":"category","embeddable":true,"href":"https:\/\/www.europesays.com\/fr\/wp-json\/wp\/v2\/categories?post=322188"},{"taxonomy":"post_tag","embeddable":true,"href":"https:\/\/www.europesays.com\/fr\/wp-json\/wp\/v2\/tags?post=322188"}],"curies":[{"name":"wp","href":"https:\/\/api.w.org\/{rel}","templated":true}]}}