{"id":322195,"date":"2025-08-16T05:07:42","date_gmt":"2025-08-16T05:07:42","guid":{"rendered":"https:\/\/www.europesays.com\/fr\/322195\/"},"modified":"2025-08-16T05:07:42","modified_gmt":"2025-08-16T05:07:42","slug":"robert-macintyre-tient-tete-a-scottie-scheffler","status":"publish","type":"post","link":"https:\/\/www.europesays.com\/fr\/322195\/","title":{"rendered":"Robert MacIntyre tient t\u00eate \u00e0 Scottie Scheffler"},"content":{"rendered":"<p>\t\t\t\t\t\t<img width=\"770\" height=\"546\" src=\"https:\/\/www.europesays.com\/fr\/wp-content\/uploads\/2025\/08\/afp__20250815__2230323051__v1__midres__bmwchampionship2025roundtwo-770x546.jpg\" class=\"img-responsive wp-post-image\" alt=\"Photo by ANDY LYONS \/ GETTY IMAGES NORTH AMERICA \/ Getty Images via AFP\" decoding=\"async\" fetchpriority=\"high\"  \/>\t\t\t\t\t<\/p>\n<p>\t\t\t\t\t\t Partager cet article <\/p>\n<p class=\"screen-reader-text juiz_sps_maybe_hidden_text\">Partager la publication \u00ab\u00a0Robert MacIntyre tient t\u00eate \u00e0 Scottie Scheffler\u00a0\u00bb<\/p>\n<p><strong>Robert MacIntyre a brillamment confort\u00e9 son avance sur son poursuivant le plus proche, Scottie Scheffler, apr\u00e8s deux tours au BMW Championship.\u00a0Viktor Hovland et Harry Hall sont les mieux partis pour arracher les derni\u00e8res places qualifificatives pour le Tour Championship.<\/strong><\/p>\n<p>\t\t\t\t\t<a id=\"181452\" href=\"https:\/\/www.fourseasonsmegevecollectionproam.com\/\" target=\"_blank\" rel=\"sponsorised nofollow noopener\"><img decoding=\"async\" src=\"data:image\/svg+xml,%3Csvg%20xmlns=\" http:=\"\" class=\"img-responsive\" alt=\"\" data-lazy-src=\"https:\/\/www.europesays.com\/fr\/wp-content\/uploads\/2025\/08\/swing-e05-proam-megeve25-1170x275-1.gif\"\/><\/a><\/p>\n<p>La tension est mont\u00e9e d\u2019un cran lors du 2e tour du <strong>BMW Championship<\/strong> 2025 \u00e0 <strong>Caves Valley<\/strong>. Mais <strong>Robert MacIntyre<\/strong> a solidement maintenu sa position de leader malgr\u00e9 les efforts r\u00e9p\u00e9t\u00e9s de <strong>Scottie Scheffler<\/strong> et <strong>Ludvig Aberg<\/strong>.<\/p>\n<p><a href=\"https:\/\/www.pgatour.com\/tournaments\/2025\/bmw-championship\/R2025028\/leaderboard\" rel=\"nofollow noopener\" target=\"_blank\">Retrouvez le classement complet<\/a><\/p>\n<p>Scottie Scheffler a tent\u00e9 de r\u00e9duire l\u2019\u00e9cart, en vain, tandis que Ludvig Aberg a \u00ab seulement \u00bb r\u00e9ussi \u00e0 suivre le rythme impos\u00e9 par le golfeur \u00e9cossais qui a port\u00e9 son avance \u00e0 cinq coups gr\u00e2ce \u00e0 une carte de 64 (-6). \u00ab J\u2019ai tr\u00e8s bien jou\u00e9 ces deux derniers jours, a d\u00e9clar\u00e9 Robert MacIntyre. Hier, mon putter \u00e9tait en feu. Aujourd\u2019hui, j\u2019ai trouv\u00e9 que mon jeu de fers \u00e9tait exceptionnel. Mais j\u2019ai travaill\u00e9 dur ces deux derni\u00e8res semaines pour am\u00e9liorer mon jeu. \u00bb<\/p>\n<p>\t\t\t\t\t<a id=\"174987\" href=\"https:\/\/www.sudfrancegolf.com\/fr\/\" target=\"_blank\" rel=\"sponsorised nofollow noopener\"><img decoding=\"async\" src=\"data:image\/svg+xml,%3Csvg%20xmlns=\" http:=\"\" class=\"img-responsive\" alt=\"\" data-lazy-src=\"https:\/\/www.europesays.com\/fr\/wp-content\/uploads\/2025\/06\/giesudfrancegolf-e02-egolf-pass-2025-v2-1170x275-1.gif\"\/><\/a><\/p>\n<blockquote class=\"twitter-tweet\" data-media-max-width=\"560\">\n<p dir=\"ltr\" lang=\"en\">A bogey-free 65 puts Scottie Scheffler in the final group heading into the weekend <a href=\"https:\/\/twitter.com\/BMWchamps?ref_src=twsrc%5Etfw\" rel=\"nofollow noopener\" target=\"_blank\">@BMWChamps<\/a>. <a href=\"https:\/\/t.co\/skg4ZAxDop\" rel=\"nofollow\">pic.twitter.com\/skg4ZAxDop<\/a><\/p>\n<p>\u2014 PGA TOUR (@PGATOUR) <a href=\"https:\/\/twitter.com\/PGATOUR\/status\/1956502924470661287?ref_src=twsrc%5Etfw\" rel=\"nofollow noopener\" target=\"_blank\">August 15, 2025<\/a><\/p>\n<\/blockquote>\n<p>\t\t\t\t\t<a id=\"181426\" href=\"https:\/\/leclub-golf.com\/fr\/green-fees?online=1&amp;utm_source=golf+planete&amp;utm_medium=referral&amp;utm_campaign=green+fee+en+ligne&amp;utm_id=green+fee+en+ligne_golf+planete_referral_banner\" target=\"_blank\" rel=\"sponsorised nofollow noopener\"><img decoding=\"async\" src=\"data:image\/svg+xml,%3Csvg%20xmlns=\" http:=\"\" class=\"img-responsive\" alt=\"\" data-lazy-src=\"https:\/\/www.europesays.com\/fr\/wp-content\/uploads\/2025\/08\/leclubgolf-e09-effet-classique-1170x275png.png\"\/><\/a><br \/>\nViktor Hovland et Harry Hall partis pour rester<\/p>\n<p>Dans la lutte pour le top 30 de la <strong>FedEx Cup<\/strong> qualificatif pour le <strong>Tour Championship<\/strong>, certains joueurs ont vu leurs chances de diminuer.<\/p>\n<p><strong>Rickie Fowler <\/strong>(12e),<strong> Jason Day <\/strong>(16e) et<strong> Matt Fitzpatrick<\/strong> (28e), pourtant bien partis \u00e0 l\u2019issue du premier tour, ont c\u00e9d\u00e9 du terrain et pourraient manquer le rendez-vous final du <strong>PGA Tour<\/strong>. Au m\u00eame titre que des joueurs comme <strong>Xander Schauffele<\/strong> (37), et <strong>Thomas Detry<\/strong> (43e).<\/p>\n<blockquote><p>\nEn toute honn\u00eatet\u00e9, le Tour Championship n\u2019\u00e9tait pas vraiment un objectif majeur.<\/p>\n<p>Harry Hall<\/p>\n<\/blockquote>\n<p>Ce n\u2019est pas le cas de <strong>Viktor Hovland<\/strong> (8e) ou <strong>Harry Hall <\/strong>(8e \u00e9galement), qui est projet\u00e9 \u00e0 la 30e place. \u00ab En toute honn\u00eatet\u00e9, le Tour Championship n\u2019\u00e9tait pas vraiment un objectif majeur, a comment\u00e9 l\u2019Anglais. Je cherchais plut\u00f4t \u00e0 m\u2019am\u00e9liorer un peu dans tous les domaines et \u00e0 progresser du tee au green. Je savais que c\u2019\u00e9tait l\u00e0 que je pouvais m\u2019am\u00e9liorer le plus, et je savais que si j\u2019y parvenais, je pourrais gagner un coup par partie, ou presque, et je pense que c\u2019est ce que je fais cette ann\u00e9e. \u00bb<\/p>\n<\/p>\n<p>\t\t\t\t\t<a id=\"180479\" href=\"https:\/\/www.swing.fr\/voyage\/35-14eme-edition-des-doubles-gosset-by-beachcomber\" target=\"_blank\" rel=\"sponsorised nofollow noopener\"><img decoding=\"async\" src=\"data:image\/svg+xml,%3Csvg%20xmlns=\" http:=\"\" class=\"img-responsive\" alt=\"\" data-lazy-src=\"https:\/\/www.europesays.com\/fr\/wp-content\/uploads\/2025\/07\/beachcomber-e01-doubles-gosset-26-1170x275-1.jpg\"\/><\/a><br \/>\nLe premier eagle de la semaine pour Rory McIlroy<\/p>\n<p>Jouant dans un duo de choc aux c\u00f4t\u00e9s de Scottie Scheffler, le num\u00e9ro deux mondial a d\u00e9but\u00e9 par un birdie, mais sa progression a \u00e9t\u00e9 frein\u00e9e par un double bogey sur le cinq, un par trois.<\/p>\n<p>Cependant, le Nord-Irlandais s\u2019est repris avec trois birdies cons\u00e9cutifs du 9 au 11, avant le moment fort de son parcours en r\u00e9ussissant son approche \u00e0 245 m\u00e8tres \u00e0 moins de deux m\u00e8tres du trou sur le par 5 du 16, avant de r\u00e9ussir son putt pour le premier eagle enregistr\u00e9 dans le tournoi. <strong>Rory McIlroy<\/strong> est 11e, \u00e0 dix coups du leader\u2026<\/p>\n<p>\t\t\t\t\t<a id=\"181442\" href=\"https:\/\/www.formigolf.fr\/voyage-pays~fairplay_golf__spa_resort_5etoiles_cadiz~199~espagne\" target=\"_blank\" rel=\"sponsorised nofollow noopener\"><img decoding=\"async\" src=\"data:image\/svg+xml,%3Csvg%20xmlns=\" http:=\"\" class=\"img-responsive\" alt=\"\" data-lazy-src=\"https:\/\/www.europesays.com\/fr\/wp-content\/uploads\/2025\/08\/formigolf-e08-andalousie-cadiz-1170x275-1.gif\"\/><\/a><br \/>\nLe leaderboard<\/p>\n<p><img loading=\"lazy\" decoding=\"async\" class=\"alignnone wp-image-182383 size-image-largeur-770\" src=\"data:image\/svg+xml,%3Csvg%20xmlns=\" http:=\"\" alt=\"\" width=\"770\" height=\"899\" data-lazy- data-lazy- data-lazy-src=\"https:\/\/www.europesays.com\/fr\/wp-content\/uploads\/2025\/08\/bmw-championship-tour-2-770x899.jpg\"\/><\/p>\n<p>\t\t\t\t\t<a id=\"181417\" href=\"https:\/\/cabotbordeaux.com\/fr\/booking\/training-golf\" target=\"_blank\" rel=\"sponsorised nofollow noopener\"><img decoding=\"async\" src=\"data:image\/svg+xml,%3Csvg%20xmlns=\" http:=\"\" class=\"img-responsive\" alt=\"\" data-lazy-src=\"https:\/\/www.europesays.com\/fr\/wp-content\/uploads\/2025\/08\/cabot-e04-stage-septembre-1170x275-1.gif\"\/><\/a><\/p>\n<p>Photo\u00a0: ANDY LYONS \/ Getty Images via AFP<\/p>\n<p>\t\t\t\t\t<a id=\"179399\" href=\"https:\/\/www.terre-blanche.com\/landing\/summer-deals?mtm_campaign=summer_deals_golf_planet_juil_2025&amp;mtm_medium=display&amp;mtm_source=golf_planet&amp;mtm_content=_CTA_&amp;mtm_group=trafic\" target=\"_blank\" rel=\"sponsorised nofollow noopener\"><img decoding=\"async\" src=\"data:image\/svg+xml,%3Csvg%20xmlns=\" http:=\"\" class=\"img-responsive\" alt=\"\" data-lazy-src=\"https:\/\/www.europesays.com\/fr\/wp-content\/uploads\/2025\/07\/terreblanche-e01-summer-deals-1170x275-1.gif\"\/><\/a><\/p>\n<p>\t\t\t<script async src=\"https:\/\/platform.twitter.com\/widgets.js\" charset=\"utf-8\"><\/script><\/p>\n","protected":false},"excerpt":{"rendered":"Partager cet article Partager la publication \u00ab\u00a0Robert MacIntyre tient t\u00eate \u00e0 Scottie Scheffler\u00a0\u00bb Robert MacIntyre a brillamment confort\u00e9&hellip;\n","protected":false},"author":2,"featured_media":322196,"comment_status":"","ping_status":"","sticky":false,"template":"","format":"standard","meta":{"footnotes":""},"categories":[1418],"tags":[1011,27,1472,60],"class_list":{"0":"post-322195","1":"post","2":"type-post","3":"status-publish","4":"format-standard","5":"has-post-thumbnail","7":"category-golf","8":"tag-fr","9":"tag-france","10":"tag-golf","11":"tag-sports"},"share_on_mastodon":{"url":"https:\/\/pubeurope.com\/@fr\/115036713622752873","error":""},"_links":{"self":[{"href":"https:\/\/www.europesays.com\/fr\/wp-json\/wp\/v2\/posts\/322195","targetHints":{"allow":["GET"]}}],"collection":[{"href":"https:\/\/www.europesays.com\/fr\/wp-json\/wp\/v2\/posts"}],"about":[{"href":"https:\/\/www.europesays.com\/fr\/wp-json\/wp\/v2\/types\/post"}],"author":[{"embeddable":true,"href":"https:\/\/www.europesays.com\/fr\/wp-json\/wp\/v2\/users\/2"}],"replies":[{"embeddable":true,"href":"https:\/\/www.europesays.com\/fr\/wp-json\/wp\/v2\/comments?post=322195"}],"version-history":[{"count":0,"href":"https:\/\/www.europesays.com\/fr\/wp-json\/wp\/v2\/posts\/322195\/revisions"}],"wp:featuredmedia":[{"embeddable":true,"href":"https:\/\/www.europesays.com\/fr\/wp-json\/wp\/v2\/media\/322196"}],"wp:attachment":[{"href":"https:\/\/www.europesays.com\/fr\/wp-json\/wp\/v2\/media?parent=322195"}],"wp:term":[{"taxonomy":"category","embeddable":true,"href":"https:\/\/www.europesays.com\/fr\/wp-json\/wp\/v2\/categories?post=322195"},{"taxonomy":"post_tag","embeddable":true,"href":"https:\/\/www.europesays.com\/fr\/wp-json\/wp\/v2\/tags?post=322195"}],"curies":[{"name":"wp","href":"https:\/\/api.w.org\/{rel}","templated":true}]}}