{"id":322203,"date":"2025-08-16T05:13:30","date_gmt":"2025-08-16T05:13:30","guid":{"rendered":"https:\/\/www.europesays.com\/fr\/322203\/"},"modified":"2025-08-16T05:13:30","modified_gmt":"2025-08-16T05:13:30","slug":"video-motogp-comme-quoi-cela-narrive-pas-qua-fabio-et-yamaha-marquez-en-panne-seche","status":"publish","type":"post","link":"https:\/\/www.europesays.com\/fr\/322203\/","title":{"rendered":"Vid\u00e9o. MotoGP Comme quoi, cela n&rsquo;arrive pas qu&rsquo;\u00e0 Fabio et Yamaha : Marquez en panne s\u00e8che !"},"content":{"rendered":"<p>Habituellement, c\u2019est plut\u00f4t le bin\u00f4me Fabio Quartararo\/Yamaha qui nous offre de telles images. A savoir, celles d\u2019une moto en panne, faute de quantit\u00e9 d\u2019essence suffisante. Mais vendredi dernier, lors des essais du Grand-Prix d\u2019Autriche de MotoGP 2025, c\u2019est Marc Marquez et donc, Ducati, qui ont connu cette m\u00e9saventure. Retour sur cette sc\u00e8ne, assez inhabituelle les concernant, en vid\u00e9o.<\/p>\n<blockquote class=\"twitter-tweet\">\n<p dir=\"ltr\" lang=\"en\">Absolutely everything went according to plan for <a href=\"https:\/\/twitter.com\/marcmarquez93?ref_src=twsrc%5Etfw\" target=\"_blank\" rel=\"noopener\">@marcmarquez93<\/a> (except this last bit) \u26fd<a href=\"https:\/\/twitter.com\/hashtag\/AustrianGP?src=hash&amp;ref_src=twsrc%5Etfw\" target=\"_blank\" rel=\"noopener\">#AustrianGP<\/a> \ud83c\udde6\ud83c\uddf9 <a href=\"https:\/\/t.co\/DZKh4u8dW8\">pic.twitter.com\/DZKh4u8dW8<\/a><\/p>\n<p>\u2014 MotoGP\u2122\ud83c\udfc1 (@MotoGP) <a href=\"https:\/\/twitter.com\/MotoGP\/status\/1956400543338783104?ref_src=twsrc%5Etfw\" target=\"_blank\" rel=\"noopener\">August 15, 2025<\/a><\/p>\n<\/blockquote>\n<p>                                            <img loading=\"lazy\" alt=\"\" class=\"avatar avatar-100 photo lazyload\" height=\"100\" width=\"100\" decoding=\"async\" src=\"https:\/\/www.europesays.com\/fr\/wp-content\/uploads\/2025\/08\/1755321210_948_ffbb894c35ea5189d599d4ea062c98b86ffb67cc602fa683ebcbf422a80fc47a\"  data-eio-rwidth=\"100\" data-eio-rheight=\"100\"\/><\/p>\n<p class=\"h2\">\n                                            Julien Barthet\n                                        <\/p>\n<p>R\u00e9dacteur professionnel, titulaire de la carte de presse pendant 3 ans. Fondateur\/Directeur et R\u00e9dacteur en chef Le Mag Sport Auto et LeMagJeuxHighTech.com.&#13;<br \/>\nEx-Pilote automobile : 55 courses (Formule Ford, F.Campus, Coupe 206 Sprint et Relais, Saxo, Ford Fiesta Allemagne, Mitjet) 1 Victoire. Essais F3, Nascar Euro, Caterham, F.Renault, etc.<\/p>\n<p>                                                                                                                            <a href=\"https:\/\/lemagsportauto.ouest-france.fr\/author\/lmsa_adm\/\" title=\"Julien Barthet\" target=\"_blank\" rel=\"noopener\"><br \/>\n                                                Voir les publications de l&rsquo;auteur<br \/>\n                                            <\/a><\/p>\n<p>                                <script async src=\"https:\/\/platform.twitter.com\/widgets.js\" charset=\"utf-8\"><\/script><\/p>\n","protected":false},"excerpt":{"rendered":"Habituellement, c\u2019est plut\u00f4t le bin\u00f4me Fabio Quartararo\/Yamaha qui nous offre de telles images. A savoir, celles d\u2019une moto&hellip;\n","protected":false},"author":2,"featured_media":322204,"comment_status":"","ping_status":"","sticky":false,"template":"","format":"standard","meta":{"footnotes":""},"categories":[1413],"tags":[4266,1011,27,1461,1457,1456,1458,60],"class_list":{"0":"post-322203","1":"post","2":"type-post","3":"status-publish","4":"format-standard","5":"has-post-thumbnail","7":"category-moto","8":"tag-ducati","9":"tag-fr","10":"tag-france","11":"tag-marc-marquez","12":"tag-moto","13":"tag-motocycle","14":"tag-motogp","15":"tag-sports"},"share_on_mastodon":{"url":"https:\/\/pubeurope.com\/@fr\/115036737200688466","error":""},"_links":{"self":[{"href":"https:\/\/www.europesays.com\/fr\/wp-json\/wp\/v2\/posts\/322203","targetHints":{"allow":["GET"]}}],"collection":[{"href":"https:\/\/www.europesays.com\/fr\/wp-json\/wp\/v2\/posts"}],"about":[{"href":"https:\/\/www.europesays.com\/fr\/wp-json\/wp\/v2\/types\/post"}],"author":[{"embeddable":true,"href":"https:\/\/www.europesays.com\/fr\/wp-json\/wp\/v2\/users\/2"}],"replies":[{"embeddable":true,"href":"https:\/\/www.europesays.com\/fr\/wp-json\/wp\/v2\/comments?post=322203"}],"version-history":[{"count":0,"href":"https:\/\/www.europesays.com\/fr\/wp-json\/wp\/v2\/posts\/322203\/revisions"}],"wp:featuredmedia":[{"embeddable":true,"href":"https:\/\/www.europesays.com\/fr\/wp-json\/wp\/v2\/media\/322204"}],"wp:attachment":[{"href":"https:\/\/www.europesays.com\/fr\/wp-json\/wp\/v2\/media?parent=322203"}],"wp:term":[{"taxonomy":"category","embeddable":true,"href":"https:\/\/www.europesays.com\/fr\/wp-json\/wp\/v2\/categories?post=322203"},{"taxonomy":"post_tag","embeddable":true,"href":"https:\/\/www.europesays.com\/fr\/wp-json\/wp\/v2\/tags?post=322203"}],"curies":[{"name":"wp","href":"https:\/\/api.w.org\/{rel}","templated":true}]}}