{"id":322215,"date":"2025-08-16T05:21:10","date_gmt":"2025-08-16T05:21:10","guid":{"rendered":"https:\/\/www.europesays.com\/fr\/322215\/"},"modified":"2025-08-16T05:21:10","modified_gmt":"2025-08-16T05:21:10","slug":"un-si-grand-soleil-en-avance-bilal-decouvre-quulysse-la-trompe-le-resume-de-lepisode-1729-du-lundi-18-aout-2025-programme-tv-net","status":"publish","type":"post","link":"https:\/\/www.europesays.com\/fr\/322215\/","title":{"rendered":"Un si grand soleil en avance : Bilal d\u00e9couvre qu&#039;Ulysse l&#039;a tromp\u00e9 ! Le r\u00e9sum\u00e9 de l&#039;\u00e9pisode 1729 du lundi 18 ao\u00fbt 2025 &#8211; programme-tv.net"},"content":{"rendered":"<ol>\n<li><a href=\"https:\/\/news.google.com\/rss\/articles\/CBMi-gFBVV95cUxNXzRFTXhSUXh0RWtRZ2hCcnpLcl9WZXZQeGN1QXYtXzhTVHdEZFRpTm9YcHBDT0l2ejVfNmVRakl4V2NjUzZURTVaX19oem9rb2dZM2tLOVJPOExXa21sMW42SnI1TWVFTERhai1yNG0zMVVfWE5NZUZSbVNoWnRmZVBiVlB0R0ZNd0pWd2FxUnBLQXdPOGFSTFE3NFZEV3RVN1JLSzRaVUJzdThGdDFKOXFvNDE1X29jbnNmaUx5QXRsR0ZMLTZWTVF3WWZ2bnVRaGltT09EZV9KQXc2aExrSE16VXBNSHFkeDl4UHFwdWt4eFE4VVprU1BB?oc=5\" target=\"_blank\" rel=\"nofollow noopener\">Un si grand soleil en avance : Bilal d\u00e9couvre qu&rsquo;Ulysse l&rsquo;a tromp\u00e9 ! Le r\u00e9sum\u00e9 de l&rsquo;\u00e9pisode 1729 du lundi 18 ao\u00fbt 2025<\/a>&nbsp;&nbsp;programme-tv.net<\/li>\n<li><a href=\"https:\/\/news.google.com\/rss\/articles\/CBMivAFBVV95cUxQTFNwY1hfQXVIU3VyVlE1NFhTS0JnN1AyLUhyNUJzN2pkMXFCVEh3dG9FTkVUTU5qeG13TmNEby1aVExYMDdWY1hKTFAtNjRMMnFydGpJRlUwTmt6LU94TEtzTDhEblE3Zld3bmp2VzU5dHFONm1NZXJqSjNDeG45cjE5eFlyX0wtRUFsaVphM205MDVuNUlPOFFJZkl4bG5pWWV3Vmx4U1FCMFdHVVZXUHhJMmNIcU1YV29jZg?oc=5\" target=\"_blank\" rel=\"nofollow noopener\">Un si grand soleil<\/a>&nbsp;&nbsp;France TV<\/li>\n<li><a href=\"https:\/\/news.google.com\/rss\/articles\/CBMi9gFBVV95cUxOa1A4TE5iUVdnelRad24xUjN6Mk9mS01JYVNwaHJ5bEpfRnVuSFhNSWxmWTQ1bkFITWpKWlJJVzFPSF9WUV8yZk40dnp0eGxiWVg0a053MllKVGtGcmV3U0Z3RF83NHhGSXVqeXowRDZlNkFKZ1ZLSDZqdGN5UjBwZHpJLXlqTjUtZWhkNVExcS12Y1oxdnBBMDlwRTFfUGh1NDVCaUlpUGhSRndIeEdvakg4QjhpRmRfMVp0cUVjdlRDOUktV2oxSFk1UkJ6NV9xcE9BMlJaSnEtX0o0ZGR6OTRkUHFJd2dHSWxiWWhVT3ZGb2VvTHc?oc=5\" target=\"_blank\" rel=\"nofollow noopener\">Un si grand soleil : \u00ab\u00a0C&rsquo;est pour \u00e7a qu&rsquo;Ulysse va porter plainte\u00a0\u00bb, Maxence Victor explique le choix de son personnage<\/a>&nbsp;&nbsp;programme-tv.net<\/li>\n<li><a href=\"https:\/\/news.google.com\/rss\/articles\/CBMi8wFBVV95cUxNWVRlSWJ0Y09BMkI3WGt4VUVnTVBNNXFTd2RBTVhVdTlISzFQRGNzYTdjd1dHU0hsS2M1eUNpTk8xcFJaTjNZdU1Nb0xxMTZha3NDTXl0OUJyR1BlYWJxQ1lacjVLV1RIX2M1bF9YcTJLamFTYVRuR0pHWW9yMFJTdjhjNW85amtiTzZqWjRpbFppOTdrQkZEZVJfem1qTjYzZG92d0dfNm54cU0yYVRucE5TTVVnOVcwUFZLcUJtNzFiQlgtQnNlcFhYMzNaLWFxemltZlh1WmNWT3hlQjlUTU9oSUphcjBHWjJpOUVadko0Wm8?oc=5\" target=\"_blank\" rel=\"nofollow noopener\">Le couple Elise et Elodie en danger \u00e0 cause de Pauline la voisine &#8211; Un si grand soleil (spoilers) 1er au 5 septembre 2025<\/a>&nbsp;&nbsp;Nouveaut\u00e9s-T\u00e9l\u00e9.com<\/li>\n<li><a href=\"https:\/\/news.google.com\/rss\/articles\/CBMifkFVX3lxTE5vWEhXTURaMTZSS05kX0RuRTg4cU1uNTBxSVJhMmdSMi13VzJyZVBBYWJBLXJla2QxaHJ5ZUdiZk44WVhRSGhkbGRYNWtxMm9TdDFSbEF6bzJXRk9UdnZlZDJyLWNsUXVIRmMxZXY5R25oeFJ5cm5iUXVvcUxndw?oc=5\" target=\"_blank\" rel=\"nofollow noopener\">Un Si Grand Soleil en avance : r\u00e9sum\u00e9 de l\u2019\u00e9pisode du lundi 18 ao\u00fbt 2025 [SPOILERS]<\/a>&nbsp;&nbsp;AlloCin\u00e9<\/li>\n<\/ol>\n","protected":false},"excerpt":{"rendered":"Un si grand soleil en avance : Bilal d\u00e9couvre qu&rsquo;Ulysse l&rsquo;a tromp\u00e9 ! Le r\u00e9sum\u00e9 de l&rsquo;\u00e9pisode 1729&hellip;\n","protected":false},"author":2,"featured_media":1445,"comment_status":"","ping_status":"","sticky":false,"template":"","format":"standard","meta":{"footnotes":""},"categories":[1356],"tags":[58,59,1011,27,252,1364],"class_list":{"0":"post-322215","1":"post","2":"type-post","3":"status-publish","4":"format-standard","5":"has-post-thumbnail","7":"category-television","8":"tag-divertissement","9":"tag-entertainment","10":"tag-fr","11":"tag-france","12":"tag-television","13":"tag-tv"},"share_on_mastodon":{"url":"https:\/\/pubeurope.com\/@fr\/115036768886299914","error":""},"_links":{"self":[{"href":"https:\/\/www.europesays.com\/fr\/wp-json\/wp\/v2\/posts\/322215","targetHints":{"allow":["GET"]}}],"collection":[{"href":"https:\/\/www.europesays.com\/fr\/wp-json\/wp\/v2\/posts"}],"about":[{"href":"https:\/\/www.europesays.com\/fr\/wp-json\/wp\/v2\/types\/post"}],"author":[{"embeddable":true,"href":"https:\/\/www.europesays.com\/fr\/wp-json\/wp\/v2\/users\/2"}],"replies":[{"embeddable":true,"href":"https:\/\/www.europesays.com\/fr\/wp-json\/wp\/v2\/comments?post=322215"}],"version-history":[{"count":0,"href":"https:\/\/www.europesays.com\/fr\/wp-json\/wp\/v2\/posts\/322215\/revisions"}],"wp:featuredmedia":[{"embeddable":true,"href":"https:\/\/www.europesays.com\/fr\/wp-json\/wp\/v2\/media\/1445"}],"wp:attachment":[{"href":"https:\/\/www.europesays.com\/fr\/wp-json\/wp\/v2\/media?parent=322215"}],"wp:term":[{"taxonomy":"category","embeddable":true,"href":"https:\/\/www.europesays.com\/fr\/wp-json\/wp\/v2\/categories?post=322215"},{"taxonomy":"post_tag","embeddable":true,"href":"https:\/\/www.europesays.com\/fr\/wp-json\/wp\/v2\/tags?post=322215"}],"curies":[{"name":"wp","href":"https:\/\/api.w.org\/{rel}","templated":true}]}}