{"id":322226,"date":"2025-08-16T05:28:13","date_gmt":"2025-08-16T05:28:13","guid":{"rendered":"https:\/\/www.europesays.com\/fr\/322226\/"},"modified":"2025-08-16T05:28:13","modified_gmt":"2025-08-16T05:28:13","slug":"ladministration-trump-envisage-dentrer-au-capital-dintel-apres-un-bras-de-fer-avec-son-pdg","status":"publish","type":"post","link":"https:\/\/www.europesays.com\/fr\/322226\/","title":{"rendered":"L\u2019Administration Trump envisage d\u2019entrer au capital d\u2019Intel apr\u00e8s un bras de fer avec son PDG"},"content":{"rendered":"<p>La Maison-Blanche veut s\u2019immiscer un peu plus dans la production nationale de semi-conducteurs, quitte \u00e0 tourner la page des tensions r\u00e9centes avec le dirigeant de l\u2019entreprise de puces \u00e9lectroniques.<\/p>\n<p class=\"fig-paragraph\">Selon Bloomberg, l\u2019\u00c9tat am\u00e9ricain envisage de prendre une participation dans le capital d\u2019<a href=\"http:\/\/www.lefigaro.fr\/secteur\/high-tech\/lip-bu-tan-prend-la-tete-d-intel-20250313\" data-fig-type=\"NewsFlash\" data-gtm-custom-categorie=\"navigation\" data-gtm-custom-action=\"crossclick\" data-gtm-custom-label=\"Contextuel\" data-gtm-event=\"customEventSPE\" data-fig-domain=\"LEFIGARO\" rel=\"nofollow noopener\" target=\"_blank\">Intel<\/a>, une perspective qui a fait bondir l\u2019action du groupe d\u2019environ 7\u00a0% \u00e0 Wall Street.<\/p>\n<p class=\"fig-paragraph\">L\u2019initiative s\u2019inscrirait dans la strat\u00e9gie industrielle de la Maison-Blanche\u00a0: rapatrier et s\u00e9curiser la production de semi-conducteurs, domaine jug\u00e9 strat\u00e9gique face \u00e0 la concurrence chinoise. Intel, qui construit une m\u00e9ga-usine dans l\u2019Ohio avec des retards et des surco\u00fbts, verrait dans ce soutien public un levier pour acc\u00e9l\u00e9rer ses chantiers. L\u2019investissement contribuerait \u00e9galement \u00e0 consolider ses finances alors que le groupe am\u00e9ricain r\u00e9duit ses co\u00fbts.<\/p>\n<p class=\"fig-body-link\">\n            \u00c0 lire aussi<br \/>\n        <a class=\"fig-body-link__link\" href=\"http:\/\/www.lefigaro.fr\/flash-eco\/7-9-milliards-de-dollars-de-subventions-pour-les-semi-conducteurs-d-intel-20241126\" data-fig-type=\"NewsFlash\" data-gtm-custom-categorie=\"navigation\" data-gtm-custom-action=\"crossclick\" data-gtm-custom-label=\"Contextuel\" data-gtm-event=\"customEventSPE\" data-fig-domain=\"LEFIGARO\" rel=\"nofollow noopener\" target=\"_blank\">7,9 milliards de dollars de subventions pour les semi-conducteurs d\u2019Intel<br \/>\n    <\/a>\n<\/p>\n<p>                                    <a class=\"fig-a11y-skip a11y-hidden\" href=\"#fig-a11y-skip-main-inarticle\"><br \/>\n        Passer la publicit\u00e9<br \/>\n    <\/a><\/p>\n<p>Secteur priv\u00e9 cl\u00e9<\/p>\n<p class=\"fig-paragraph\">Ce virage intervient apr\u00e8s un \u00e9pisode tendu entre le pr\u00e9sident am\u00e9ricain et le patron d\u2019Intel. D\u00e9but ao\u00fbt, Trump avait demand\u00e9 la d\u00e9mission de Lip-Bu Tan, l\u2019accusant de \u00ab\u00a0liens conflictuels\u00a0\u00bb. Le dirigeant d\u2019Intel, qui a investi dans des centaines de firmes chinoises, dont certaines li\u00e9es \u00e0 l\u2019arm\u00e9e, a assur\u00e9 qu\u2019il avait toujours respect\u00e9 les r\u00e8gles. La tension est retomb\u00e9e apr\u00e8s une rencontre, le 11\u00a0ao\u00fbt, \u00e0 la Maison-Blanche, \u00e0 l\u2019issue de laquelle Trump a salu\u00e9 \u00ab\u00a0le parcours incroyable\u00a0\u00bb du dirigeant.<\/p>\n<p class=\"fig-paragraph\">Si elle se confirmait, l\u2019entr\u00e9e de l\u2019\u00c9tat au capital d\u2019Intel illustrerait \u00e0 nouveau la volont\u00e9 de Washington d\u2019intervenir directement dans un secteur priv\u00e9 strat\u00e9gique, brouillant un peu plus les fronti\u00e8res entre public et priv\u00e9.<\/p>\n","protected":false},"excerpt":{"rendered":"La Maison-Blanche veut s\u2019immiscer un peu plus dans la production nationale de semi-conducteurs, quitte \u00e0 tourner la page&hellip;\n","protected":false},"author":2,"featured_media":322227,"comment_status":"","ping_status":"","sticky":false,"template":"","format":"standard","meta":{"footnotes":""},"categories":[6],"tags":[35,33,34,1011,27,1874],"class_list":{"0":"post-322226","1":"post","2":"type-post","3":"status-publish","4":"format-standard","5":"has-post-thumbnail","7":"category-economie","8":"tag-business","9":"tag-economie","10":"tag-economy","11":"tag-fr","12":"tag-france","13":"tag-intel"},"share_on_mastodon":{"url":"https:\/\/pubeurope.com\/@fr\/115036795921496524","error":""},"_links":{"self":[{"href":"https:\/\/www.europesays.com\/fr\/wp-json\/wp\/v2\/posts\/322226","targetHints":{"allow":["GET"]}}],"collection":[{"href":"https:\/\/www.europesays.com\/fr\/wp-json\/wp\/v2\/posts"}],"about":[{"href":"https:\/\/www.europesays.com\/fr\/wp-json\/wp\/v2\/types\/post"}],"author":[{"embeddable":true,"href":"https:\/\/www.europesays.com\/fr\/wp-json\/wp\/v2\/users\/2"}],"replies":[{"embeddable":true,"href":"https:\/\/www.europesays.com\/fr\/wp-json\/wp\/v2\/comments?post=322226"}],"version-history":[{"count":0,"href":"https:\/\/www.europesays.com\/fr\/wp-json\/wp\/v2\/posts\/322226\/revisions"}],"wp:featuredmedia":[{"embeddable":true,"href":"https:\/\/www.europesays.com\/fr\/wp-json\/wp\/v2\/media\/322227"}],"wp:attachment":[{"href":"https:\/\/www.europesays.com\/fr\/wp-json\/wp\/v2\/media?parent=322226"}],"wp:term":[{"taxonomy":"category","embeddable":true,"href":"https:\/\/www.europesays.com\/fr\/wp-json\/wp\/v2\/categories?post=322226"},{"taxonomy":"post_tag","embeddable":true,"href":"https:\/\/www.europesays.com\/fr\/wp-json\/wp\/v2\/tags?post=322226"}],"curies":[{"name":"wp","href":"https:\/\/api.w.org\/{rel}","templated":true}]}}