{"id":322228,"date":"2025-08-16T05:29:09","date_gmt":"2025-08-16T05:29:09","guid":{"rendered":"https:\/\/www.europesays.com\/fr\/322228\/"},"modified":"2025-08-16T05:29:09","modified_gmt":"2025-08-16T05:29:09","slug":"le-sud-de-leurope-accable-par-les-flammes-et-une-chaleur-extreme","status":"publish","type":"post","link":"https:\/\/www.europesays.com\/fr\/322228\/","title":{"rendered":"le sud de l\u2019Europe accabl\u00e9 par les flammes et une chaleur extr\u00eame"},"content":{"rendered":"\n<p class=\"article__paragraph article__paragraph--lf \">A Tarifa, en Espagne, des milliers de vacanciers \u00e9vacu\u00e9s et des habitants confin\u00e9s. En Gr\u00e8ce, le P\u00e9loponn\u00e8se, les \u00eeles de Chios et de Zante en proie aux flammes. Au Portugal, un gouvernement contraint de restreindre l\u2019acc\u00e8s aux zones foresti\u00e8res\u00a0et d\u2019interdire l\u2019usage du mat\u00e9riel agricole. Dans les Balkans, des panaches de fum\u00e9es visibles au-dessus du Montenegro et de l\u2019Albanie. <a href=\"https:\/\/www.lemonde.fr\/planete\/article\/2025\/08\/15\/incendie-dans-l-aude-le-week-end-du-15-aout-sous-un-tres-haut-niveau-de-vigilance_6629950_3244.html\" rel=\"nofollow noopener\" target=\"_blank\">En France, 16\u00a0000\u00a0hectares calcin\u00e9s dans l\u2019Aude dans un incendie<\/a> longtemps incontr\u00f4lable et le seuil de 40\u00a0\u00b0C franchi dans des dizaines de communes.<strong> <\/strong>Seize\u00a0villes italiennes, dont Rome et Venise, en alerte rouge \u00e0 cause de la chaleur. La ligne ferroviaire Madrid-Valence bloqu\u00e9e, des trains Corail arr\u00eat\u00e9s en France \u00e0 cause d\u2019une climatisation d\u00e9faillante\u2026<\/p>\n<p class=\"article__paragraph article__paragraph--lf \">Depuis une semaine, <a href=\"https:\/\/www.lemonde.fr\/planete\/article\/2025\/08\/14\/portugal-grece-albanie-espagne-l-europe-du-sud-en-proie-aux-incendies-et-a-la-canicule_6629499_3244.html\" rel=\"nofollow noopener\" target=\"_blank\">les pays du sud de l\u2019Europe et les r\u00e9gions du pourtour m\u00e9diterran\u00e9en <\/a>subissent une nouvelle vague de chaleur tr\u00e8s s\u00e9v\u00e8re et doivent affronter les cons\u00e9quences de cet \u00e9v\u00e9nement extr\u00eame, intensifi\u00e9 par le r\u00e9chauffement climatique d\u2019origine humaine. Dans de nombreuses zones g\u00e9ographiques, les temp\u00e9ratures ont \u00e9t\u00e9 accablantes\u00a0: 45,5\u00a0\u00b0C \u00e0 Badajoz, dans le sud de l\u2019Espagne, le 12\u00a0ao\u00fbt, et plus de 40\u00a0\u00b0C en Cantabrie, une r\u00e9gion pourtant septentrionale. Des vents sup\u00e9rieurs \u00e0 80\u00a0km\/h transportant un air \u00e0 plus de 40\u00a0\u00b0C ont souffl\u00e9 sur une partie de la Gr\u00e8ce.<\/p>\n<p class=\"article__paragraph article__paragraph--lf \">Cette nouvelle canicule, tr\u00e8s \u00e9tendue \u00e0 cause d\u2019un immense blocage anticyclonique combin\u00e9 \u00e0 un flux de masse d\u2019air venant d\u2019Afrique, a succ\u00e9d\u00e9 \u00e0 une premi\u00e8re vague de chaleur, fin\u00a0juin, et \u00e0 une autre, fin\u00a0juillet, sur l\u2019Italie et les Balkans. Juste au-del\u00e0 des confins de l\u2019Europe g\u00e9ographique, \u00e0 Silopi, dans le sud-est de la Turquie, le thermom\u00e8tre est m\u00eame mont\u00e9 jusqu\u2019\u00e0 50,5\u00a0\u00b0C, le 26\u00a0juillet.<\/p>\n<p class=\"reading-mode-only \"><strong>Il vous reste 81.46% de cet article \u00e0 lire. La suite est r\u00e9serv\u00e9e aux abonn\u00e9s.<\/strong><\/p>\n","protected":false},"excerpt":{"rendered":"A Tarifa, en Espagne, des milliers de vacanciers \u00e9vacu\u00e9s et des habitants confin\u00e9s. En Gr\u00e8ce, le P\u00e9loponn\u00e8se, les&hellip;\n","protected":false},"author":2,"featured_media":322229,"comment_status":"","ping_status":"","sticky":false,"template":"","format":"standard","meta":{"footnotes":""},"categories":[5],"tags":[11,1011,27,14,12,28],"class_list":{"0":"post-322228","1":"post","2":"type-post","3":"status-publish","4":"format-standard","5":"has-post-thumbnail","7":"category-international","8":"tag-actualites","9":"tag-fr","10":"tag-france","11":"tag-international","12":"tag-news","13":"tag-world"},"share_on_mastodon":{"url":"https:\/\/pubeurope.com\/@fr\/115036799873235763","error":""},"_links":{"self":[{"href":"https:\/\/www.europesays.com\/fr\/wp-json\/wp\/v2\/posts\/322228","targetHints":{"allow":["GET"]}}],"collection":[{"href":"https:\/\/www.europesays.com\/fr\/wp-json\/wp\/v2\/posts"}],"about":[{"href":"https:\/\/www.europesays.com\/fr\/wp-json\/wp\/v2\/types\/post"}],"author":[{"embeddable":true,"href":"https:\/\/www.europesays.com\/fr\/wp-json\/wp\/v2\/users\/2"}],"replies":[{"embeddable":true,"href":"https:\/\/www.europesays.com\/fr\/wp-json\/wp\/v2\/comments?post=322228"}],"version-history":[{"count":0,"href":"https:\/\/www.europesays.com\/fr\/wp-json\/wp\/v2\/posts\/322228\/revisions"}],"wp:featuredmedia":[{"embeddable":true,"href":"https:\/\/www.europesays.com\/fr\/wp-json\/wp\/v2\/media\/322229"}],"wp:attachment":[{"href":"https:\/\/www.europesays.com\/fr\/wp-json\/wp\/v2\/media?parent=322228"}],"wp:term":[{"taxonomy":"category","embeddable":true,"href":"https:\/\/www.europesays.com\/fr\/wp-json\/wp\/v2\/categories?post=322228"},{"taxonomy":"post_tag","embeddable":true,"href":"https:\/\/www.europesays.com\/fr\/wp-json\/wp\/v2\/tags?post=322228"}],"curies":[{"name":"wp","href":"https:\/\/api.w.org\/{rel}","templated":true}]}}