{"id":322245,"date":"2025-08-16T05:41:09","date_gmt":"2025-08-16T05:41:09","guid":{"rendered":"https:\/\/www.europesays.com\/fr\/322245\/"},"modified":"2025-08-16T05:41:09","modified_gmt":"2025-08-16T05:41:09","slug":"face-aux-dangers-des-marnieres-en-seine-maritime","status":"publish","type":"post","link":"https:\/\/www.europesays.com\/fr\/322245\/","title":{"rendered":"face aux dangers des marni\u00e8res en Seine-Maritime"},"content":{"rendered":"<p>            Par<br \/>\n        <strong><br \/>\n            <a href=\"https:\/\/actu.fr\/auteur\/louise-boutard\" title=\"Consulter tous les articles de Louise Boutard\" target=\"_blank\" rel=\"noopener\">Louise Boutard<\/a><br \/>\n        <\/strong><\/p>\n<p>        Publi\u00e9 le<\/p>\n<p>            16 ao\u00fbt 2025 \u00e0 7h26        <\/p>\n<p>On le sait, le sol de craie est synonyme de beaut\u00e9 mais aussi de risques en<a href=\"https:\/\/actu.fr\/76actu\/\" target=\"_blank\" rel=\"noopener\"> Seine-Maritime<\/a>. Qu\u2019il s\u2019agisse de<strong> l\u2019effondrement des falaises,<\/strong> ou des <strong>fameuses marni\u00e8res et b\u00e9toires.<\/strong> Ces sp\u00e9cificit\u00e9s r\u00e9gionales qui prennent la forme de <a href=\"https:\/\/actu.fr\/normandie\/le-havre_76351\/marniere-betoire-c-est-quoi-une-cavite-souterraine-et-pourquoi-y-en-a-t-il-tant-en-seine-maritime_62787650.html\" target=\"_blank\" rel=\"noopener\">trous dans les sols,<\/a> peuvent se r\u00e9v\u00e9ler dangereuses pour les<strong> passants inattentifs.<\/strong> Ou une source de <a href=\"https:\/\/actu.fr\/societe\/ca-nous-coute-les-marnieres-ces-souterrains-oublies-devenus-gouffres-financiers_62823189.html\" target=\"_blank\" rel=\"noopener\">probl\u00e8mes pour les propri\u00e9taires malchanceux.<\/a><\/p>\n<p>Ne pas s\u2019approcher<\/p>\n<p class=\" wall-content\"><strong>Plusieurs dizaines de cavit\u00e9s sont rep\u00e9r\u00e9es<\/strong><a href=\"https:\/\/actu.fr\/normandie\/le-catelier_76162\/marnieres-et-cavites-souterraines-la-mauvaise-surprise-pour-ces-communes-pres-de-dieppe_62081366.html\" target=\"_blank\" rel=\"noopener\"> chaque ann\u00e9e dans la Seine-Maritime<\/a> et l\u2019Eure. D\u2019autres d\u00e9partements n\u2019ont pas de probl\u00e9matiques de marni\u00e8res, mais parfois d\u2019autres histoires avec des cons\u00e9quences similaires, comme les mines de fer.<\/p>\n<p class=\" wall-content\">Alors, que faire si je trouve une cavit\u00e9 lors d\u2019une promenade\u2009? \u00ab\u2009La curiosit\u00e9 des gens les am\u00e8ne \u00e0 se pencher, mais<strong> les bordures sont instables,<\/strong> donc ce n\u2019est pas une bonne id\u00e9e\u2009\u00bb, r\u00e9pond Jean-Christophe Servy du bureau d\u2019\u00e9tudes Explor-e, sp\u00e9cialiste des intervention aupr\u00e8s des cavit\u00e9s souterraines.<\/p>\n<p class=\" wall-content\">Il arrive n\u00e9anmoins des accidents. <strong>Deux chutes dans des cavit\u00e9s ont \u00e9t\u00e9 mortelles<\/strong> en Normandie en 25\u00a0ans. Cela reste donc assez rare. \u00ab\u2009Le plus souvent, on observe des accidents avec des personnes qui posent des objets lourds, descendent de 3\u00a0m\u00e8tres mais peuvent remonter rapidement\u2009\u00bb, explique le sp\u00e9cialiste. En revanche,<strong> beaucoup d\u2019animaux<\/strong> tombent dans ces pi\u00e8ges, des animaux sauvages mais aussi des chiens. Pour eux, il est bien plus difficile de remonter.<\/p>\n<p>Effondrement progressif<\/p>\n<p class=\" wall-content\">L\u2019effondrement vient parfois <strong>d\u2019un seul coup, ou<\/strong> <strong>progressivement<\/strong>. Cela peut \u00eatre d\u00fb \u00e0 diff\u00e9rents ph\u00e9nom\u00e8nes\u2009: une cavit\u00e9 qui a \u00e9t\u00e9 bouch\u00e9e par des troncs et d\u2019autres mati\u00e8res naturelles, peut progressivement s\u2019\u00e9roder avec le temps\u2009; la craie peut s\u2019imbiber d\u2019eau et s\u2019effriter.<\/p>\n<p class=\" wall-content\">\u00ab\u2009Dans les faits on a donc un espace vide qui est souterrain et qui remonte petit \u00e0 petit. Cela peut prendre des semaines, des mois des ann\u00e9es ou bien s\u2019auto-combler\u2009\u00bb, explique Jean-Christophe Servy.<\/p>\n<p class=\" wall-content\">Lorsque des particuliers voient un effondrement chez eux, c\u2019est parfois <strong>plusieurs m\u00e8tres cubes qui se sont effondr\u00e9s en une nuit.<\/strong> Il convient alors de sonder les sols pour voir s\u2019il reste du vide ou non.<\/p>\n<p class=\" wall-content\">\u00ab\u2009Tout d\u00e9pend de l\u2019enjeu du terrain, pr\u00e9cise encore Jean-Christophe Servy. S\u2019il s\u2019agit d\u2019un champ, l\u2019agriculteur va simplement boucher le trou avec de la terre sans chercher plus loin l\u2019origine. Mais si on est <a href=\"https:\/\/actu.fr\/normandie\/saint-jouin-bruneval_76595\/cette-immense-et-exceptionnelle-marniere-n-a-pas-fini-d-embeter-les-habitants-pres-du-havre_61703678.html\" target=\"_blank\" rel=\"noopener\">au c\u0153ur d\u2019un lotissement ou proche d\u2019une \u00e9cole,<\/a> il y a un risque <strong>potentiel d\u2019atteinte \u00e0 la s\u00e9curit\u00e9.<\/strong> On a donc tout int\u00e9r\u00eat \u00e0 explorer ces risques.\u2009\u00bb<\/p>\n<p>\u00ab\u2009En th\u00e9orie, \u00e7a ne baisse pas le prix de vente\u2009\u00bb<\/p>\n<p class=\" wall-content\">La question se pose \u00e9galement lors de <a href=\"https:\/\/actu.fr\/normandie\/rouville_76543\/c-est-un-cauchemar-pres-de-bolbec-deux-marnieres-rendent-leur-maison-invendable_62321812.html\" target=\"_blank\" rel=\"noopener\">la revente d\u2019un terrain<\/a>. Si la cavit\u00e9 n\u2019est pas dangereuse, il faudra simplement informer l\u2019acheteur \u2013 ou tout locataire \u2013 de la pr\u00e9sence de cette cavit\u00e9.<strong> \u00ab\u2009En th\u00e9orie, \u00e7a ne baisse pas le prix de vente.<\/strong> Mais on sait que dans les faits, \u00e7a peut repr\u00e9senter un <strong>moyen de pression<\/strong>\u2009\u00bb, souligne le sp\u00e9cialiste.<\/p>\n<p class=\" wall-content\">Si une intervention est n\u00e9cessaire, des<strong> aides financi\u00e8res<\/strong> sont possibles. En Seine-Maritime, ce sera \u00e0 hauteur de 25\u2009% des travaux, voire 40\u2009% sur conditions de ressources. Si la cavit\u00e9 repr\u00e9sente un danger grave \u00e0 imminent, le terrain peut devenir <strong>\u00e9ligible<\/strong> <strong>au fonds Barnier<\/strong> qui rembourse 80\u2009% des \u00e9tudes et des travaux (plafonn\u00e9 \u00e0 72\u2009000 euros). La M\u00e9tropole de Rouen ou la communaut\u00e9 de communes de Terres-de-Caux proposent \u00e9galement une aide au comblement en compl\u00e9ment.<\/p>\n<p>Suivez l\u2019actualit\u00e9 du\u00a0Havre sur<a href=\"https:\/\/www.whatsapp.com\/channel\/0029VaFqJYE8aKvLBwVrEe0o\" target=\"_blank\" rel=\"noopener\"> notre cha\u00eene WhatsApp<\/a> et sur <a href=\"https:\/\/www.tiktok.com\/@76actu.fr?lang=fr\" target=\"_blank\" rel=\"noopener\">notre compte TikTok<\/a><\/p>\n<p class=\" wall-content\">Suivez toute l\u2019actualit\u00e9 de vos villes et m\u00e9dias favoris en vous inscrivant \u00e0 <a href=\"https:\/\/moncompte.actu.fr\" title=\"D\u00e9couvez Mon Actu\" rel=\"nofollow noopener\" data-trk=\"{&quot;cta&quot;:{&quot;action&quot;:&quot;https:\\\/\\\/moncompte.actu.fr&quot;,&quot;category&quot;:&quot;mon compte&quot;,&quot;from&quot;:&quot;article footer&quot;,&quot;name&quot;:&quot;Mon actu&quot;,&quot;type&quot;:&quot;cta&quot;}}\" target=\"_blank\">Mon Actu<\/a>.<\/p>\n<p>                    <script async src=\"\/\/www.tiktok.com\/embed.js\"><\/script><\/p>\n","protected":false},"excerpt":{"rendered":"Par Louise Boutard Publi\u00e9 le 16 ao\u00fbt 2025 \u00e0 7h26 On le sait, le sol de craie est&hellip;\n","protected":false},"author":2,"featured_media":322246,"comment_status":"","ping_status":"","sticky":false,"template":"","format":"standard","meta":{"footnotes":""},"categories":[9587],"tags":[1111,11,4732,436,1777,674,1011,27,1116,12,5161,52,25,9590],"class_list":{"0":"post-322245","1":"post","2":"type-post","3":"status-publish","4":"format-standard","5":"has-post-thumbnail","7":"category-rouen","8":"tag-actu","9":"tag-actualites","10":"tag-catastrophe-naturelle","11":"tag-environnement","12":"tag-eu","13":"tag-europe","14":"tag-fr","15":"tag-france","16":"tag-immobilier","17":"tag-news","18":"tag-normandie","19":"tag-planete","20":"tag-republique-francaise","21":"tag-rouen"},"share_on_mastodon":{"url":"https:\/\/pubeurope.com\/@fr\/115036847029202936","error":""},"_links":{"self":[{"href":"https:\/\/www.europesays.com\/fr\/wp-json\/wp\/v2\/posts\/322245","targetHints":{"allow":["GET"]}}],"collection":[{"href":"https:\/\/www.europesays.com\/fr\/wp-json\/wp\/v2\/posts"}],"about":[{"href":"https:\/\/www.europesays.com\/fr\/wp-json\/wp\/v2\/types\/post"}],"author":[{"embeddable":true,"href":"https:\/\/www.europesays.com\/fr\/wp-json\/wp\/v2\/users\/2"}],"replies":[{"embeddable":true,"href":"https:\/\/www.europesays.com\/fr\/wp-json\/wp\/v2\/comments?post=322245"}],"version-history":[{"count":0,"href":"https:\/\/www.europesays.com\/fr\/wp-json\/wp\/v2\/posts\/322245\/revisions"}],"wp:featuredmedia":[{"embeddable":true,"href":"https:\/\/www.europesays.com\/fr\/wp-json\/wp\/v2\/media\/322246"}],"wp:attachment":[{"href":"https:\/\/www.europesays.com\/fr\/wp-json\/wp\/v2\/media?parent=322245"}],"wp:term":[{"taxonomy":"category","embeddable":true,"href":"https:\/\/www.europesays.com\/fr\/wp-json\/wp\/v2\/categories?post=322245"},{"taxonomy":"post_tag","embeddable":true,"href":"https:\/\/www.europesays.com\/fr\/wp-json\/wp\/v2\/tags?post=322245"}],"curies":[{"name":"wp","href":"https:\/\/api.w.org\/{rel}","templated":true}]}}