{"id":322254,"date":"2025-08-16T05:48:12","date_gmt":"2025-08-16T05:48:12","guid":{"rendered":"https:\/\/www.europesays.com\/fr\/322254\/"},"modified":"2025-08-16T05:48:12","modified_gmt":"2025-08-16T05:48:12","slug":"une-operation-gros-volumes-petits-prix-bientot-menee-dans-cet-hypermarche-pres-de-strasbourg","status":"publish","type":"post","link":"https:\/\/www.europesays.com\/fr\/322254\/","title":{"rendered":"une op\u00e9ration \u00ab\u00a0gros volumes, petits prix\u00a0\u00bb bient\u00f4t men\u00e9e dans cet hypermarch\u00e9 pr\u00e8s de Strasbourg"},"content":{"rendered":"<p>            Par<br \/>\n        <strong><br \/>\n            <a href=\"https:\/\/actu.fr\/auteur\/ivan-capecchi\" title=\"Consulter tous les articles de Ivan CAPECCHI\" target=\"_blank\" rel=\"noopener\">Ivan CAPECCHI<\/a><br \/>\n        <\/strong><\/p>\n<p>        Publi\u00e9 le<\/p>\n<p>            16 ao\u00fbt 2025 \u00e0 7h02        <\/p>\n<p>Du 26 ao\u00fbt au 8 septembre 2025, un <strong>hypermarch\u00e9 Carrefour<\/strong> situ\u00e9 pr\u00e8s de Strasbourg participera \u00e0 l\u2019<strong>op\u00e9ration \u00ab gros volumes, petits prix \u00bb<\/strong> men\u00e9e dans l\u2019ensemble des <strong>hypermarch\u00e9s<\/strong> du <strong>Grand Est<\/strong>.<\/p>\n<p class=\" wall-content\">L\u2019enseigne proposera,<strong> en magasin et sous un chapiteau install\u00e9 sur le parking<\/strong>, une <strong>s\u00e9lection de produits du quotidien<\/strong> (boissons, \u00e9picerie, entretien, hygi\u00e8ne, etc.) en <strong>formats XXL ou en lots, \u00e0 tarifs r\u00e9duits<\/strong>.<\/p>\n<p>Op\u00e9ration \u00ab\u00a0gros volumes, petits prix\u00a0\u00bb : la liste des Carrefour participants dans le Grand Est<\/p>\n<p class=\" wall-content\">Voici la liste des hypermarch\u00e9s Carrefour qui participent \u00e0 l\u2019op\u00e9ration dans le Grand Est :\u00a0<\/p>\n<p class=\" wall-content\"><strong>Marne :<\/strong><\/p>\n<ul class=\" wall-content\">\n<li>Carrefour Ch\u00e2lon-en-Champagne<\/li>\n<li>Carrefour Reims-Tinqueux<\/li>\n<li>Carrefour Reims \u2013 Cernay<\/li>\n<li>Carrefour Reims-Cormontreuil<\/li>\n<li>Carrefour Reims-Neuvillette<\/li>\n<\/ul>\n<p class=\" wall-content\"><strong>Haute-Marne :<\/strong><\/p>\n<p class=\" wall-content\"><strong>Ardennes :<\/strong><\/p>\n<ul class=\" wall-content\">\n<li>Carrefour Rethel<\/li>\n<li>Carrefour Charleville-M\u00e9zi\u00e8res\u00a0<\/li>\n<\/ul>\n<p class=\" wall-content\"><strong>Aube :<\/strong><\/p>\n<ul class=\" wall-content\">\n<li>Carrefour Saint-Andr\u00e9-les-Vergers<\/li>\n<li>Carrefour Troyes\u00a0<\/li>\n<\/ul>\n<p class=\" wall-content\"><strong>Haut-Rhin :<\/strong><\/p>\n<ul class=\" wall-content\">\n<li>Carrefour Mulhouse \u2013 Illzach\u00a0<\/li>\n<li>Carrefour Colmar-Houssen<\/li>\n<li>Carrefour Dorlisheim<\/li>\n<li>\u00a0Carrefour Mulhouse-Dornach<\/li>\n<li>Carrefour Haguenau<\/li>\n<li>Carrefour Wittenheim<\/li>\n<\/ul>\n<p class=\" wall-content\"><strong>Meurthe-et-Moselle :<\/strong><\/p>\n<ul class=\" wall-content\">\n<li>Carrefour Essey-l\u00e8s-Nancy<\/li>\n<li>Carrefour\u00a0Lun\u00e9ville<\/li>\n<li>Carrefour\u00a0Nancy-Houdemont<\/li>\n<li>Carrefour\u00a0Toul<\/li>\n<\/ul>\n<p class=\" wall-content\"><strong>Moselle :<\/strong><\/p>\n<ul class=\" wall-content\">\n<li>Carrefour Thionvillle<\/li>\n<li>Carrefour Longeville-les-Saint-Avold<\/li>\n<li>Carrefour\u00a0Forbach<\/li>\n<li>Carrefour\u00a0Grosbliederstroff<\/li>\n<li>Carrefour Metz-Technop\u00f4le<\/li>\n<li>Carrefour\u00a0Sainte-Marie-aux-Ch\u00eanes<\/li>\n<li>Carrefour\u00a0Mondelange<\/li>\n<li>Carrefour\u00a0Moulins-l\u00e8s-Metz<\/li>\n<li>Carrefour\u00a0Sarrebourg<\/li>\n<li>Carrefour\u00a0Sarreguemines<\/li>\n<\/ul>\n<p class=\" wall-content\"><strong>Meuse :<\/strong><\/p>\n<p class=\" wall-content\"><strong>Vosges :<\/strong><\/p>\n<ul class=\" wall-content\">\n<li>Carrefour Epinal\u00a0<\/li>\n<li>Carrefour Saint-Di\u00e9-des-Vosges<\/li>\n<li>Carrefour Remiremont<\/li>\n<\/ul>\n<p class=\" wall-content\">Dans le <strong>Bas-Rhin<\/strong>, seul le <strong>Carrefour Strasbourg-Mundo<\/strong>, situ\u00e9 \u00e0 Mundolsheim, participe.<\/p>\n<p class=\" wall-content\">Suivez toute l\u2019actualit\u00e9 de vos villes et m\u00e9dias favoris en vous inscrivant \u00e0 <a href=\"https:\/\/moncompte.actu.fr\" title=\"D\u00e9couvez Mon Actu\" rel=\"nofollow noopener\" data-trk=\"{&quot;cta&quot;:{&quot;action&quot;:&quot;https:\\\/\\\/moncompte.actu.fr&quot;,&quot;category&quot;:&quot;mon compte&quot;,&quot;from&quot;:&quot;article footer&quot;,&quot;name&quot;:&quot;Mon actu&quot;,&quot;type&quot;:&quot;cta&quot;}}\" target=\"_blank\">Mon Actu<\/a>.<\/p>\n","protected":false},"excerpt":{"rendered":"Par Ivan CAPECCHI Publi\u00e9 le 16 ao\u00fbt 2025 \u00e0 7h02 Du 26 ao\u00fbt au 8 septembre 2025, un&hellip;\n","protected":false},"author":2,"featured_media":322255,"comment_status":"","ping_status":"","sticky":false,"template":"","format":"standard","meta":{"footnotes":""},"categories":[2820],"tags":[1111,11,13978,4304,1777,674,1011,27,775,12,2922,25,104,640],"class_list":{"0":"post-322254","1":"post","2":"type-post","3":"status-publish","4":"format-standard","5":"has-post-thumbnail","7":"category-strasbourg","8":"tag-actu","9":"tag-actualites","10":"tag-bons-plans-a-strasbourg","11":"tag-carrefour","12":"tag-eu","13":"tag-europe","14":"tag-fr","15":"tag-france","16":"tag-grand-est","17":"tag-news","18":"tag-pouvoir-dachat","19":"tag-republique-francaise","20":"tag-societe","21":"tag-strasbourg"},"share_on_mastodon":{"url":"https:\/\/pubeurope.com\/@fr\/115036874567168597","error":""},"_links":{"self":[{"href":"https:\/\/www.europesays.com\/fr\/wp-json\/wp\/v2\/posts\/322254","targetHints":{"allow":["GET"]}}],"collection":[{"href":"https:\/\/www.europesays.com\/fr\/wp-json\/wp\/v2\/posts"}],"about":[{"href":"https:\/\/www.europesays.com\/fr\/wp-json\/wp\/v2\/types\/post"}],"author":[{"embeddable":true,"href":"https:\/\/www.europesays.com\/fr\/wp-json\/wp\/v2\/users\/2"}],"replies":[{"embeddable":true,"href":"https:\/\/www.europesays.com\/fr\/wp-json\/wp\/v2\/comments?post=322254"}],"version-history":[{"count":0,"href":"https:\/\/www.europesays.com\/fr\/wp-json\/wp\/v2\/posts\/322254\/revisions"}],"wp:featuredmedia":[{"embeddable":true,"href":"https:\/\/www.europesays.com\/fr\/wp-json\/wp\/v2\/media\/322255"}],"wp:attachment":[{"href":"https:\/\/www.europesays.com\/fr\/wp-json\/wp\/v2\/media?parent=322254"}],"wp:term":[{"taxonomy":"category","embeddable":true,"href":"https:\/\/www.europesays.com\/fr\/wp-json\/wp\/v2\/categories?post=322254"},{"taxonomy":"post_tag","embeddable":true,"href":"https:\/\/www.europesays.com\/fr\/wp-json\/wp\/v2\/tags?post=322254"}],"curies":[{"name":"wp","href":"https:\/\/api.w.org\/{rel}","templated":true}]}}