{"id":322260,"date":"2025-08-16T05:51:21","date_gmt":"2025-08-16T05:51:21","guid":{"rendered":"https:\/\/www.europesays.com\/fr\/322260\/"},"modified":"2025-08-16T05:51:21","modified_gmt":"2025-08-16T05:51:21","slug":"avant-lere-numerique-on-savait-samuser-des-attractions-belle-epoque-ont-ete-installees-a-la-gare-du-sud-a-nice","status":"publish","type":"post","link":"https:\/\/www.europesays.com\/fr\/322260\/","title":{"rendered":"\u00ab\u00a0Avant l\u2019\u00e8re num\u00e9rique, on savait s\u2019amuser\u00a0\u00bb: des attractions Belle \u00c9poque ont \u00e9t\u00e9 install\u00e9es \u00e0 la gare du Sud \u00e0 Nice"},"content":{"rendered":"<p>\u00ab\u00a0C\u2019est une phase test: si \u00e7a marche, je reste\u00a0\u00bb. Jean-Pierre Speidel, cr\u00e9ateur des parcs Belle \u00c9poque, esp\u00e8re beaucoup de sa nouvelle attraction, install\u00e9e dans la gare du Sud jusqu\u2019au 30 septembre.<\/p>\n<p><a href=\"https:\/\/www.nicematin.com\/detente\/a-nice-pourquoi-il-n-y-a-plus-de-jeu-pour-enfants-aux-jardins-des-arenes-de-cimiez--970004\" rel=\"nofollow noopener\" target=\"_blank\">Apr\u00e8s la fermeture de deux de ses parcs permanents \u2013 Castel-Des-Deux-Rois et Cimiez<\/a> \u2013, le collectionneur d\u2019art forain cherche \u00e0 rebondir.<\/p>\n<p>Seul le Belle \u00c9poque du parc Carol-de-Roumanie reste ouvert, avenue de Fabron. S\u2019il envisage un nouveau parc, \u00ab\u00a0peut-\u00eatre \u00e0 Menton, dans un grand domaine\u00a0\u00bb, pour l\u2019instant, c\u2019est avenue Malaussena qu\u2019il propose des animations foraines d\u2019antan.<\/p>\n<p>3 euros le tour ou 2 euros avec une carte abonnement et nous voil\u00e0, p\u00e9dalant sur un man\u00e8ge \u00e0 v\u00e9los ou basculant de droite \u00e0 gauche sur une otarie.<\/p>\n<p>Des man\u00e8ges \u00e9cologiques<\/p>\n<p>\u00c0 l\u2019int\u00e9rieur, juste apr\u00e8s le flipper Avengers ou le panier de basket high-tech, se trouvent d\u00e9sormais, un carrousel, un orgue de barbarie, un chamboule-tout, un man\u00e8ge \u00e0 v\u00e9los et toutes sortes d\u2019attractions, nostalgiques d\u2019un ancien temps.<\/p>\n<p>Des installations pens\u00e9es pour divertir parents et jeunes enfants, \u00ab\u00a0sans \u00e9cran ni aucun artifice. Les f\u00eates foraines d\u2019aujourd\u2019hui ne font pas r\u00eaver. J\u2019aimerais mettre des \u00e9toiles dans les yeux des familles, leur rappeler qu\u2019avant l\u2019\u00e8re num\u00e9rique, on savait s\u2019amuser.\u00a0\u00bb<\/p>\n<p>Antiques et modernes \u00e0 la fois, les attractions de Jean-Pierre Speidel sont \u00e0 propulsion parentale, 100% \u00e9cologiques.<\/p>\n<p>L\u2019id\u00e9e? \u00ab\u00a0C\u2019est simple, on enl\u00e8ve les moteurs des vieux man\u00e8ges, on les remplace par un syst\u00e8me de p\u00e9dalage ou un guidon: les parents remplacent le moteur\u00a0\u00bb, activant les attractions eux-m\u00eames.<\/p>\n<p>\u00ab\u00a0Je veux faire tous les man\u00e8ges maman! Allez, d\u00e9p\u00eache-toi s\u2019il te pla\u00eet.\u00a0\u00bb Triska tr\u00e9pigne d\u2019impatience, mais pour Sylvie (1) d\u00e9goulinante de sueur, \u00ab\u00a0c\u2019est du sport!\u00a0\u00bb<\/p>\n<p>La gare du Sud, un tremplin<\/p>\n<p>La Ni\u00e7oise appr\u00e9cie ces attractions, elle a m\u00eame convaincu une amie de venir avec ses enfants. \u00ab\u00a0J\u2019ai f\u00eat\u00e9 l\u2019anniversaire de Triska dans le parc de Cimiez, il y a trois ans. J\u2019y allais souvent, c\u2019est dommage qu\u2019il ait ferm\u00e9. Mais bon, il reste celui de Carol-de-Roumanie, m\u00eame s\u2019il est plus loin.\u00a0\u00bb<\/p>\n<p>\u00c0 l\u2019image de Sylvie, Jean-Pierre Speidel reconna\u00eet quelques t\u00eates. D\u00e8s l\u2019ouverture, de nombreux clients r\u00e9guliers des autres parcs Belle \u00c9poque sont venus. Mais l\u2019homme n\u2019est pas rassur\u00e9 pour autant: les visiteurs sont rares.<\/p>\n<p>\u00ab\u00a0Malgr\u00e9 une bonne saison en juillet, la canicule dissuade et puis les locaux sont en vacances. Je pense qu\u2019il y aura plus de monde \u00e0 la rentr\u00e9e.\u00a0\u00bb<\/p>\n<p>Le directeur esp\u00e8re surtout la r\u00e9ouverture de son parc \u00e0 Cimiez et il n\u2019est pas le seul. Sylvie \u00ab\u00a0n\u2019attend que \u00e7a\u00a0\u00bb. Une p\u00e9tition est d\u2019ailleurs lanc\u00e9e, avec plus de 1.000 signatures d\u00e9j\u00e0 r\u00e9colt\u00e9es.<\/p>\n<p>1. Le pr\u00e9nom a \u00e9t\u00e9 modifi\u00e9.<\/p>\n","protected":false},"excerpt":{"rendered":"\u00ab\u00a0C\u2019est une phase test: si \u00e7a marche, je reste\u00a0\u00bb. Jean-Pierre Speidel, cr\u00e9ateur des parcs Belle \u00c9poque, esp\u00e8re beaucoup&hellip;\n","protected":false},"author":2,"featured_media":322261,"comment_status":"","ping_status":"","sticky":false,"template":"","format":"standard","meta":{"footnotes":""},"categories":[2819],"tags":[1111,11,1777,674,1011,27,12,2401,882,25,3366],"class_list":{"0":"post-322260","1":"post","2":"type-post","3":"status-publish","4":"format-standard","5":"has-post-thumbnail","7":"category-nice","8":"tag-actu","9":"tag-actualites","10":"tag-eu","11":"tag-europe","12":"tag-fr","13":"tag-france","14":"tag-news","15":"tag-nice","16":"tag-provence-alpes-cote-dazur","17":"tag-republique-francaise","18":"tag-vie-locale"},"share_on_mastodon":{"url":"https:\/\/pubeurope.com\/@fr\/115036886845456115","error":""},"_links":{"self":[{"href":"https:\/\/www.europesays.com\/fr\/wp-json\/wp\/v2\/posts\/322260","targetHints":{"allow":["GET"]}}],"collection":[{"href":"https:\/\/www.europesays.com\/fr\/wp-json\/wp\/v2\/posts"}],"about":[{"href":"https:\/\/www.europesays.com\/fr\/wp-json\/wp\/v2\/types\/post"}],"author":[{"embeddable":true,"href":"https:\/\/www.europesays.com\/fr\/wp-json\/wp\/v2\/users\/2"}],"replies":[{"embeddable":true,"href":"https:\/\/www.europesays.com\/fr\/wp-json\/wp\/v2\/comments?post=322260"}],"version-history":[{"count":0,"href":"https:\/\/www.europesays.com\/fr\/wp-json\/wp\/v2\/posts\/322260\/revisions"}],"wp:featuredmedia":[{"embeddable":true,"href":"https:\/\/www.europesays.com\/fr\/wp-json\/wp\/v2\/media\/322261"}],"wp:attachment":[{"href":"https:\/\/www.europesays.com\/fr\/wp-json\/wp\/v2\/media?parent=322260"}],"wp:term":[{"taxonomy":"category","embeddable":true,"href":"https:\/\/www.europesays.com\/fr\/wp-json\/wp\/v2\/categories?post=322260"},{"taxonomy":"post_tag","embeddable":true,"href":"https:\/\/www.europesays.com\/fr\/wp-json\/wp\/v2\/tags?post=322260"}],"curies":[{"name":"wp","href":"https:\/\/api.w.org\/{rel}","templated":true}]}}