{"id":322266,"date":"2025-08-16T05:54:19","date_gmt":"2025-08-16T05:54:19","guid":{"rendered":"https:\/\/www.europesays.com\/fr\/322266\/"},"modified":"2025-08-16T05:54:19","modified_gmt":"2025-08-16T05:54:19","slug":"ou-se-baigner-en-gironde-en-evitant-les-bouchons-notre-match-des-plages-des-lacs","status":"publish","type":"post","link":"https:\/\/www.europesays.com\/fr\/322266\/","title":{"rendered":"O\u00f9 se baigner en Gironde en \u00e9vitant les bouchons\u00a0? Notre match des plages des lacs"},"content":{"rendered":"<p>C\u2019est encore la meilleure solution lorsque la <a href=\"https:\/\/www.sudouest.fr\/environnement\/climat\/canicule\/\" target=\"_blank\" rel=\"follow nofollow noopener\">canicule<\/a> s\u2019abat sur la Gironde\u00a0: troquer ses v\u00eatements pour le maillot de bain. Oublions la c\u00f4te, son oc\u00e9an et ses lacs, pour s\u2019\u00e9viter les bouchons qui mettent les nerfs \u00e0 l\u2019\u00e9preuve. Nous avons s\u00e9lectionn\u00e9, sans pr\u00e9tention aucune \u00e0 l\u2019exhaustivit\u00e9, sept plages de <a href=\"https:\/\/www.sudouest.fr\/lieux\/gironde\/plages-et-plans-d-eau-surveilles-ou-se-baigner-cet-ete-en-gironde-24780944.php\" target=\"_blank\" rel=\"follow nofollow noopener\">baignade<\/a> en lac accessibles \u00e0 maximum une heure de route depuis Bordeaux. Nous les avons tous plac\u00e9s dans l\u2019ar\u00e8ne pour jauger leurs qualit\u00e9s et leurs travers. Voici l\u2019issue de cette lutte des nageurs en eau douce.<\/p>\n<p>        <img decoding=\"async\" id=\"25567770\" src=\"https:\/\/www.europesays.com\/fr\/wp-content\/uploads\/2025\/08\/infog-carte-baignades33-web1.jpg\" itemprop=\"contentURL\"\/><\/p>\n<p>        <img decoding=\"async\" id=\"25567772\" src=\"https:\/\/www.europesays.com\/fr\/wp-content\/uploads\/2025\/08\/infog-carte-baignades33-web2.jpg\" itemprop=\"contentURL\"\/><\/p>\n<p>    1 Les plages d\u2019Hostens<\/p>\n<p>Grand nombre de baigneurs du Sud-Gironde connaissent le domaine d\u00e9partemental d\u2019Hostens. Un \u00e9crin de verdure prot\u00e9g\u00e9 de 600 hectares au milieu des pins tr\u00e8s appr\u00e9ci\u00e9 des familles et des groupes en \u00e9t\u00e9. <a href=\"https:\/\/www.sudouest.fr\/gironde\/hostens\/la-baignade-est-de-nouveau-autorisee-a-hostens-25347442.php\" rel=\"nofollow noopener\" target=\"_blank\">Le lac de Lamothe, ouvert \u00e0 la baignade<\/a>, dispose de deux plages de sable blanc ombrag\u00e9es qui bordent une eau verte o\u00f9 nagent des poissons. La baignade est surveill\u00e9e jusqu\u2019au 31\u00a0ao\u00fbt de 11 \u00e0 19\u00a0heures Autre point fort\u00a0: de vastes parkings gratuits et ombrag\u00e9s et des lignes de bus qui desservent les lieux. Pour les petits creux, un snack est ouvert au bord du lac, et pour les envies pressantes, il y a des toilettes publiques. Enfin, si le temps se rafra\u00eechit, de nombreuses activit\u00e9s sont propos\u00e9es tous les jours sur le site.<\/p>\n<p>        <img decoding=\"async\" id=\"16161342\" src=\"https:\/\/www.europesays.com\/fr\/wp-content\/uploads\/2025\/08\/img-1462.jpg\" alt=\"Le domaine d\u2019Hostens offre l\u2019acc\u00e8s \u00e0 deux plages.\" itemprop=\"contentURL\"\/><\/p>\n<p>    Le domaine d\u2019Hostens offre l\u2019acc\u00e8s \u00e0 deux plages.<\/p>\n<p>Archives Timoth\u00e9e Gimenez<\/p>\n<p>    2 Le lac des Dagueys \u00e0 Libourne<\/p>\n<p>C\u2019est un spot bien rep\u00e9r\u00e9 par les familles et les nageurs. <a href=\"https:\/\/www.sudouest.fr\/gironde\/libourne\/40-degres-a-l-ombre-les-libournais-cherchent-le-frais-25535455.php\" rel=\"nofollow noopener\" target=\"_blank\">La plage du Lac des Dagueys, pr\u00e8s de Libourne<\/a>, offre une large palette de services. L\u2019endroit est \u00e9quip\u00e9 de douches et de vestiaires. On y trouve m\u00eame un peu d\u2019ombre. La zone de baignade est surveill\u00e9e l\u2019apr\u00e8s-midi et sa taille permet de combler les enfants comme ceux davantage port\u00e9s sur la natation. Un gros complexe de jeux gonflables est accessible mais payant\u00a0: \u00e0 partir de 11\u00a0euros pour une heure. Les Dagueys disposent \u00e9galement d\u2019un restaurant \u00e0 proximit\u00e9 et le parking est souvent bien garni. Il est possible de rallier les lieux par bus depuis le centre de Libourne.<\/p>\n<p>        <img decoding=\"async\" id=\"25565626\" src=\"https:\/\/www.europesays.com\/fr\/wp-content\/uploads\/2025\/08\/1000041573.jpg\" alt=\"Le lac des Dagueys, \u00e0 Libourne, est pl\u00e9biscit\u00e9 par les familles.\" itemprop=\"contentURL\"\/><\/p>\n<p>    Le lac des Dagueys, \u00e0 Libourne, est pl\u00e9biscit\u00e9 par les familles.<\/p>\n<p>T.\u00a0S.<\/p>\n<p>    3 La plage de Bordeaux-Lac<\/p>\n<p>On se croirait presque \u00e0 Carcans. La plage de Bordeaux-Lac et ses grands pins offrent ce qui n\u2019est pas de trop en p\u00e9riode de canicule\u00a0: de l\u2019ombre. Le cadre est naturel pour ce spot qui propose l\u2019essentiel\u00a0: eau claire, plage de 110 m\u00e8tres de long, toilettes et douche. Le plus\u00a0: des activit\u00e9s du type paddle, kayak ou voile gratuites sur inscription (\u00e0 partir de 8\u00a0ans et sur pr\u00e9sentation d\u2019un test de nage). Le moins\u00a0: la baignade est surveill\u00e9e et autoris\u00e9e seulement \u00e0 partir de midi et l\u2019affluence ne vous permettra pas de faire des longueurs. L\u2019endroit ne dispose pas de vestiaires et l\u2019offre de restauration est aussi un peu limit\u00e9e, avec seulement des glaces et des boissons.<\/p>\n<p>        <img decoding=\"async\" id=\"25565620\" src=\"https:\/\/www.europesays.com\/fr\/wp-content\/uploads\/2025\/08\/1000041490.jpg\" alt=\"La plage de Bordeaux offre tout un espace \u00e0 l\u2019ombre des pins. Ce n\u2019est pas de trop.\" itemprop=\"contentURL\"\/><\/p>\n<p>    La plage de Bordeaux offre tout un espace \u00e0 l\u2019ombre des pins. Ce n\u2019est pas de trop.<\/p>\n<p>Thibault Seurin\/Sud Ouest<\/p>\n<p>    4 B\u00e8gles plage<\/p>\n<p>Pour les B\u00e9glais, il y a tout de m\u00eame quelque chose d\u2019assez plaisant de pouvoir se rendre \u00ab\u00a0\u00e0 la plage\u00a0\u00bb \u00e0 v\u00e9lo, en maillot de bain, la serviette autour du cou. Ainsi va B\u00e8gles plage, l\u2019une des premi\u00e8res du genre cr\u00e9\u00e9e en 2004 sur une ancienne gravi\u00e8re de la rocade. Soit une plage de sable de 1\u00a0000\u00a0m\u00b2 am\u00e9nag\u00e9e au bord du plan d\u2019eau (7 hectares), entour\u00e9e d\u2019une vaste pelouse sportive et (plus ou moins) ombrag\u00e9e, avec terrains de sports, tables et jeux pour enfants. Des cabines, sanitaires et douches compl\u00e8tent le lieu, pratique et bien pens\u00e9.\u00a0On y trouve une ambiance familiale, m\u00eame si le site est souvent bond\u00e9\u00a0: un bon millier de personnes chaque jour, dont entre 550 et 800 baigneurs. Jusqu\u2019\u00e0 la fin ao\u00fbt, la baignade est surveill\u00e9e de 11 \u00e0 19 heures (20\u00a0heures en cas d\u2019alerte canicule) et tout un programme d\u2019activit\u00e9s permet d\u2019animer le site (ateliers, initiations sportives, siestes litt\u00e9raires, etc.).<\/p>\n<p>        <img decoding=\"async\" id=\"25566791\" src=\"https:\/\/www.europesays.com\/fr\/wp-content\/uploads\/2025\/08\/20250815165521-lt42331.jpg\" alt=\"B\u00e8gles plage est souvent tr\u00e8s fr\u00e9quent\u00e9e.\" itemprop=\"contentURL\"\/><\/p>\n<p>    B\u00e8gles plage est souvent tr\u00e8s fr\u00e9quent\u00e9e.<\/p>\n<p>Laurent Theillet \/ SO<\/p>\n<p>    5 La plage de Blasimon<\/p>\n<p>Assez de sable pour faire des centaines de ch\u00e2teaux, aire de jeux et cours de natation\u00a0: <a href=\"https:\/\/www.sudouest.fr\/gironde\/blasimon\/sud-gironde-a-blasimon-on-savoure-la-plage-a-la-campagne-1931895.php\" rel=\"nofollow noopener\" target=\"_blank\">la plage de Blasimon a de quoi satisfaire les enfants<\/a>. Tout en longueur (200 m\u00e8tres sur 30 environ), la partie r\u00e9serv\u00e9e \u00e0 la baignade reste peu profonde. Entour\u00e9 de for\u00eat, le lac peut \u00eatre contourn\u00e9 \u00e0 pied et abrite canards, poissons (et p\u00eacheurs). L\u2019eau verte est loin d\u2019\u00eatre translucide, mais elle suffit pour faire trempette \u2013 des douches en plein air sont \u00e0 disposition pour les plus exigeants. Impossible par ailleurs de ne pas trouver o\u00f9 s\u2019asseoir entre les tables de pique-nique \u00e0 l\u2019entr\u00e9e, les bancs face au lac et la guinguette, qui pratique des prix plus qu\u2019abordables. Nul besoin de se h\u00e2ter pour ceux qui voudront tra\u00eener, le parking reste ouvert jusqu\u2019\u00e0 23\u00a0heures. Pr\u00e9voir un parasol, car la plage n\u2019est plus \u00e0 l\u2019ombre durant l\u2019apr\u00e8s-midi.<\/p>\n<p>        <img decoding=\"async\" id=\"25559117\" src=\"https:\/\/www.europesays.com\/fr\/wp-content\/uploads\/2025\/08\/20250814202546-lt339.jpg\" alt=\"La plage de Blasimon, dans l\u2019est de la Gironde, non loin de Sauveterre-de-Guyenne.\" itemprop=\"contentURL\"\/><\/p>\n<p>    La plage de Blasimon, dans l\u2019est de la Gironde, non loin de Sauveterre-de-Guyenne.<\/p>\n<p>Laurent Theillet\/SO<\/p>\n<p>    6 Le lac des Terres blanches \u00e0 Espiet<\/p>\n<p>Si votre portefeuille le permet, le lac des Terres blanches a des airs de paradis. Reconvertie en base de ski nautique, l\u2019ancienne carri\u00e8re de ciment r\u00e9serve \u00e9galement un espace s\u00e9par\u00e9 aux baigneurs, o\u00f9 l\u2019eau est fra\u00eeche et rapidement profonde. Transats, parasols, sable blanc et eaux turquoise\u00a0: l\u2019acc\u00e8s \u00e0 la plage vaut bien le prix d\u2019entr\u00e9e, ne serait-ce qu\u2019une fois dans l\u2019\u00e9t\u00e9. L\u2019estivant y trouvera luxe, calme et volupt\u00e9 sous certaines conditions\u00a0: les pique-niques, les animaux et la musique sont interdits. Pr\u00e9voir \u00e9galement de bien manger avant \u2013 les snacks et le restaurant ne sont pas bon march\u00e9 (4,50\u00a0euros une glace Magnum) \u2013 et de r\u00e9server son entr\u00e9e. Le lieu est assez fr\u00e9quent\u00e9 pass\u00e9 l\u2019heure du d\u00e9jeuner mais l\u2019on trouvera quelques spots d\u2019ombre.<\/p>\n<p>        <img decoding=\"async\" id=\"25559127\" src=\"https:\/\/www.europesays.com\/fr\/wp-content\/uploads\/2025\/08\/20250814202548-lt2736.jpg\" alt=\"Le lac des Terres Blanches \u00e0 Espiet offre des eaux turquoise, mais dont l\u2019acc\u00e8s est payant.\" itemprop=\"contentURL\"\/><\/p>\n<p>    Le lac des Terres Blanches \u00e0 Espiet offre des eaux turquoise, mais dont l\u2019acc\u00e8s est payant.<\/p>\n<p>Laurent Theillet\/SO<\/p>\n<p>    7 La plage du lac des Nauves \u00e0 Coutras<\/p>\n<p>C\u2019est la seule plage non surveill\u00e9e de notre s\u00e9lection. Le lac des Nauves, \u00e0 Coutras, se distingue surtout par son \u00e9crin naturel\u00a0: un plan d\u2019eau dont l\u2019\u00eele centrale rehausse nettement le charme. Le reste est plut\u00f4t sommaire. Ne cherchez pas les grandes infrastructures\u00a0: il n\u2019y a ni douche, ni restauration, ni zone balis\u00e9e. Nous d\u00e9conseillons l\u2019endroit aux familles qui cherchent la s\u00e9curit\u00e9, et la baignade se pratique \u00e0 vos risques et p\u00e9rils. Des panneaux pr\u00e9viennent le baigneur de la profondeur abrupte du bassin. Cap Coutras, une \u00e9manation de la Ville, propose des activit\u00e9s durant l\u2019\u00e9t\u00e9. Mais elles se sont arr\u00eat\u00e9es au 15\u00a0ao\u00fbt. Il faudra revenir l\u2019an prochain.<\/p>\n<p>        <img decoding=\"async\" id=\"25565627\" src=\"https:\/\/www.europesays.com\/fr\/wp-content\/uploads\/2025\/08\/20250815-102737.jpg\" alt=\"Sur le lac des Nauves, \u00e0 Coutras, la baignade n\u2019est pas surveill\u00e9e mais le cadre naturel est superbe.\" itemprop=\"contentURL\"\/><\/p>\n<p>    Sur le lac des Nauves, \u00e0 Coutras, la baignade n\u2019est pas surveill\u00e9e mais le cadre naturel est superbe.<\/p>\n<p>T.\u00a0S.<\/p>\n","protected":false},"excerpt":{"rendered":"C\u2019est encore la meilleure solution lorsque la canicule s\u2019abat sur la Gironde\u00a0: troquer ses v\u00eatements pour le maillot&hellip;\n","protected":false},"author":2,"featured_media":322267,"comment_status":"","ping_status":"","sticky":false,"template":"","format":"standard","meta":{"footnotes":""},"categories":[2817],"tags":[1111,11,1997,1777,674,1011,27,12,2219,25],"class_list":{"0":"post-322266","1":"post","2":"type-post","3":"status-publish","4":"format-standard","5":"has-post-thumbnail","7":"category-bordeaux","8":"tag-actu","9":"tag-actualites","10":"tag-bordeaux","11":"tag-eu","12":"tag-europe","13":"tag-fr","14":"tag-france","15":"tag-news","16":"tag-nouvelle-aquitaine","17":"tag-republique-francaise"},"share_on_mastodon":{"url":"https:\/\/pubeurope.com\/@fr\/115036898450009736","error":""},"_links":{"self":[{"href":"https:\/\/www.europesays.com\/fr\/wp-json\/wp\/v2\/posts\/322266","targetHints":{"allow":["GET"]}}],"collection":[{"href":"https:\/\/www.europesays.com\/fr\/wp-json\/wp\/v2\/posts"}],"about":[{"href":"https:\/\/www.europesays.com\/fr\/wp-json\/wp\/v2\/types\/post"}],"author":[{"embeddable":true,"href":"https:\/\/www.europesays.com\/fr\/wp-json\/wp\/v2\/users\/2"}],"replies":[{"embeddable":true,"href":"https:\/\/www.europesays.com\/fr\/wp-json\/wp\/v2\/comments?post=322266"}],"version-history":[{"count":0,"href":"https:\/\/www.europesays.com\/fr\/wp-json\/wp\/v2\/posts\/322266\/revisions"}],"wp:featuredmedia":[{"embeddable":true,"href":"https:\/\/www.europesays.com\/fr\/wp-json\/wp\/v2\/media\/322267"}],"wp:attachment":[{"href":"https:\/\/www.europesays.com\/fr\/wp-json\/wp\/v2\/media?parent=322266"}],"wp:term":[{"taxonomy":"category","embeddable":true,"href":"https:\/\/www.europesays.com\/fr\/wp-json\/wp\/v2\/categories?post=322266"},{"taxonomy":"post_tag","embeddable":true,"href":"https:\/\/www.europesays.com\/fr\/wp-json\/wp\/v2\/tags?post=322266"}],"curies":[{"name":"wp","href":"https:\/\/api.w.org\/{rel}","templated":true}]}}