{"id":322268,"date":"2025-08-16T05:55:13","date_gmt":"2025-08-16T05:55:13","guid":{"rendered":"https:\/\/www.europesays.com\/fr\/322268\/"},"modified":"2025-08-16T05:55:13","modified_gmt":"2025-08-16T05:55:13","slug":"a-seulement-2h-de-bordeaux-ce-village-au-bord-de-locean-est-ideal-pour-un-week-end-dete-depaysant","status":"publish","type":"post","link":"https:\/\/www.europesays.com\/fr\/322268\/","title":{"rendered":"\u00c0 seulement 2h de Bordeaux, ce village au bord de l\u2019oc\u00e9an est id\u00e9al pour un week-end d\u2019\u00e9t\u00e9 d\u00e9paysant"},"content":{"rendered":"<p><strong>\u00c0 la recherche d\u2019une escapade maritime loin de l\u2019agitation urbaine ? J\u2019ai d\u00e9couvert une p\u00e9pite girondine qui m\u00e9rite le d\u00e9tour. \u00c0 seulement deux heures de Bordeaux, ce village baln\u00e9aire offre un cadre idyllique pour un week-end ressour\u00e7ant. Entre oc\u00e9an, for\u00eats de pins et douceur de vivre, ce havre de paix t\u2019attend pour des vacances inoubliables.<\/strong><\/p>\n<p>Un joyau de la c\u00f4te atlantique facilement accessible depuis Bordeaux<\/p>\n<p>Je me souviens encore de cette sensation lib\u00e9ratrice quand j\u2019ai quitt\u00e9 les rues bordelaises pour prendre la route vers l\u2019ouest. Le trajet file agr\u00e9ablement entre vignobles et for\u00eats landaises avant de d\u00e9boucher sur ce paradis c\u00f4tier. Situ\u00e9 \u00e0 environ 70 kilom\u00e8tres de Bordeaux, ce village poss\u00e8de un charme authentique qui s\u00e9duit d\u00e8s les premiers instants.<\/p>\n<p>L\u2019acc\u00e8s est simple : une route bien entretenue te m\u00e8ne directement jusqu\u2019\u00e0 cette presqu\u2019\u00eele unique en son genre. Tu peux y acc\u00e9der en voiture, moyen le plus pratique pour examiner les environs. Si tu pr\u00e9f\u00e8res les transports en commun, des navettes estivales relient Bordeaux \u00e0 cette destination pris\u00e9e des locaux.<\/p>\n<p>Ce qui fait la singularit\u00e9 de cet endroit, c\u2019est son environnement pr\u00e9serv\u00e9. Contrairement \u00e0 certaines stations baln\u00e9aires tr\u00e8s urbanis\u00e9es, on y trouve un \u00e9quilibre parfait entre nature sauvage et infrastructures touristiques discr\u00e8tes. Les cabanes ostr\u00e9icoles c\u00f4toient les villas nich\u00e9es dans les pins, cr\u00e9ant un paysage typique du bassin d\u2019Arcachon.<\/p>\n<p>\u00c0 mon arriv\u00e9e, j\u2019ai tout de suite \u00e9t\u00e9 saisie par ce sentiment de d\u00e9connexion. L\u2019air marin, les effluves de pins et cette lumi\u00e8re si particuli\u00e8re qui baigne la presqu\u2019\u00eele cr\u00e9ent une atmosph\u00e8re apaisante. C\u2019est pr\u00e9cis\u00e9ment ce que je recherchais pour mon week-end d\u2019\u00e9vasion, loin du tumulte citadin.<\/p>\n<p>Des paysages \u00e0 couper le souffle entre oc\u00e9an et bassin<\/p>\n<p>La magie de ce village r\u00e9side dans sa situation g\u00e9ographique exceptionnelle. D\u2019un c\u00f4t\u00e9, l\u2019oc\u00e9an Atlantique d\u00e9ploie ses vagues puissantes, paradis des surfeurs et amateurs de grands espaces. De l\u2019autre, les eaux calmes du bassin d\u2019Arcachon offrent un spectacle changeant au rythme des mar\u00e9es. Cette dualit\u00e9 cr\u00e9e un cadre unique qui ne ressemble \u00e0 aucun autre sur la c\u00f4te atlantique fran\u00e7aise.<\/p>\n<p>Les plages oc\u00e9anes s\u2019\u00e9tendent \u00e0 perte de vue, bord\u00e9es de dunes sauvages et de for\u00eats de pins maritimes. J\u2019ai pass\u00e9 des heures \u00e0 marcher sur le sable fin, hypnotis\u00e9e par le mouvement perp\u00e9tuel des vagues. Si tu cherches des alternatives aux plages bond\u00e9es, sache qu\u2019il existe d\u2019autres <a href=\"https:\/\/www.newsofmarseille.com\/zappez-etretat-ete-plage-normande-est-tout-aussi-belle-bien-moins-frequentee-00150502025.html\" rel=\"nofollow noopener\" target=\"_blank\">plages tout aussi belles et moins fr\u00e9quent\u00e9es<\/a> sur la c\u00f4te atlantique fran\u00e7aise.<\/p>\n<p>C\u00f4t\u00e9 bassin, le paysage change radicalement. \u00c0 mar\u00e9e basse, un univers intriguant se d\u00e9voile : parcs \u00e0 hu\u00eetres, chenaux navigables et petites criques isol\u00e9es. J\u2019ai lou\u00e9 un kayak pour analyser ces recoins cach\u00e9s et observer les oiseaux marins qui y trouvent refuge. L\u2019exp\u00e9rience \u00e9tait magique, surtout au lever du soleil quand les couleurs se refl\u00e8tent sur l\u2019eau calme.<\/p>\n<p>Le point culminant reste sans conteste la pointe de la presqu\u2019\u00eele. De l\u00e0, la vue embrasse l\u2019immensit\u00e9 bleue de l\u2019oc\u00e9an et les contours sinueux du bassin. Face \u00e0 la dune du Pilat qui se dresse majestueusement sur l\u2019autre rive, j\u2019ai ressenti cette sensation rare de contempler un paysage d\u2019exception que seule la nature peut cr\u00e9er.<\/p>\n<p><a href=\"https:\/\/www.present.fr\/vivre-bali-guide-complet-sexpatrier-france-conseils-pratiques-partir\/\" target=\"_blank\" rel=\"nofollow noopener\"><br \/>\n  <img loading=\"lazy\" decoding=\"async\" width=\"1298\" height=\"560\" src=\"data:image\/svg+xml,%3Csvg%20xmlns=\" http:=\"\" alt=\"Vivre \u00e0 Bali\" style=\"width:100%; height:auto;\" data-lazy-src=\"https:\/\/www.europesays.com\/fr\/wp-content\/uploads\/2025\/07\/Design-sans-titre-2025-06-23T141323.113.jpg\"\/><br \/>\n<\/a><\/p>\n<p>Des activit\u00e9s vari\u00e9es pour un week-end inoubliable<\/p>\n<p>Ce qui m\u2019a s\u00e9duite dans ce village, c\u2019est la diversit\u00e9 des exp\u00e9riences qu\u2019il propose. Loin des destinations o\u00f9 l\u2019on s\u2019ennuie apr\u00e8s quelques heures, ici chaque moment peut devenir une aventure diff\u00e9rente. Les amoureux de nature trouveront leur bonheur sur les sentiers de randonn\u00e9e qui serpentent entre for\u00eat et littoral.<\/p>\n<p>J\u2019ai test\u00e9 une balade \u00e0 v\u00e9lo sur les pistes cyclables qui longent le bassin. Quel plaisir de p\u00e9daler tranquillement en admirant les cabanes de p\u00eacheurs color\u00e9es et les petits ports typiques ! Les amateurs de sensations plus fortes peuvent s\u2019essayer au surf, au paddle ou \u00e0 la voile. Des \u00e9coles proposent des cours adapt\u00e9s \u00e0 tous les niveaux.<\/p>\n<p>La gastronomie locale constitue un autre temps fort du s\u00e9jour. Les d\u00e9gustation d\u2019hu\u00eetres fra\u00eeches face au bassin reste un moment privil\u00e9gi\u00e9. Les restaurants de village servent des produits de la mer d\u2019une fra\u00eecheur incomparable. J\u2019ai savour\u00e9 des plateaux de fruits de mer en terrasse, avec cette vue imprenable sur les parcs ostr\u00e9icoles.<\/p>\n<p>Pour les amateurs d\u2019authenticit\u00e9, une visite s\u2019impose dans les villages voisins du bassin d\u2019Arcachon. Ces lieux charmants rappellent d\u2019autres <a href=\"https:\/\/www.newsofmarseille.com\/village-loire-atlantique-situe-bord-mer-est-destination-pleine-charme-00109402025.html\" rel=\"nofollow noopener\" target=\"_blank\">villages c\u00f4tiers pleins de charme<\/a> que l\u2019on peut trouver ailleurs sur le littoral fran\u00e7ais.<\/p>\n<p>Un art de vivre unique \u00e0 d\u00e9couvrir le temps d\u2019un week-end<\/p>\n<p>Ce qui distingue r\u00e9ellement ce village, c\u2019est son atmosph\u00e8re si particuli\u00e8re. Ici r\u00e8gne un art de vivre fait de simplicit\u00e9 et d\u2019authenticit\u00e9. Les habitants pr\u00e9servent jalousement ce cadre exceptionnel et cet \u00e9quilibre fragile entre d\u00e9veloppement touristique et conservation du patrimoine naturel.<\/p>\n<p>Les petites ruelles ombrag\u00e9es, les march\u00e9s locaux anim\u00e9s et les terrasses de caf\u00e9 d\u00e9contract\u00e9es invitent \u00e0 ralentir le rythme. J\u2019ai ador\u00e9 fl\u00e2ner sans but pr\u00e9cis, me laissant porter par l\u2019ambiance d\u00e9tendue qui caract\u00e9rise les lieux. Les couchers de soleil, spectaculaires, rassemblent habitants et visiteurs dans un m\u00eame \u00e9merveillement.<\/p>\n<p>L\u2019h\u00e9bergement participe pleinement \u00e0 cette exp\u00e9rience unique. Des petites pensions aux villas nich\u00e9es dans les pins, en passant par les campings en pleine nature, chaque option permet de s\u2019immerger diff\u00e9remment dans l\u2019esprit local. J\u2019ai opt\u00e9 pour une chambre d\u2019h\u00f4tes tenue par d\u2019anciens ostr\u00e9iculteurs qui m\u2019ont partag\u00e9 leur passion pour leur m\u00e9tier et leur r\u00e9gion.<\/p>\n<p>Ce village, c\u2019est le Cap Ferret. Presqu\u2019\u00eele embl\u00e9matique de la Gironde, elle constitue une destination id\u00e9ale pour s\u2019\u00e9vader le temps d\u2019un week-end. Sa proximit\u00e9 avec Bordeaux en fait l\u2019escapade parfaite quand le besoin de grand air et d\u2019horizons marins se fait sentir.<\/p>\n<p>As-tu d\u00e9j\u00e0 visit\u00e9 le Cap Ferret ou d\u2019autres villages c\u00f4tiers de la r\u00e9gion ? Partage ton exp\u00e9rience en commentaire ou contacte-moi pour \u00e9changer sur les tr\u00e9sors cach\u00e9s de notre littoral atlantique !<\/p>\n<p><img loading=\"lazy\" decoding=\"async\" width=\"150\" height=\"150\" src=\"data:image\/svg+xml,%3Csvg%20xmlns=\" http:=\"\" class=\"attachment-150x150 size-150x150\" alt=\"\" itemprop=\"image\" data-lazy- data-lazy- data-lazy-src=\"https:\/\/www.europesays.com\/fr\/wp-content\/uploads\/2025\/04\/im6-150x150.png\"\/><\/p>\n<p>Salut \u00e0 tous, je suis Eglantine. D\u00e9couvrez mes articles sur le voyage \u00e0 travers mes conseils, astuces et lieux pr\u00e9f\u00e9r\u00e9s en exclusivit\u00e9 sur News Of Marseille.<br \/>R\u00e9dactrice de coeur, je vous guide \u00e0 travers mes \u00e9crits pour vous transmettre mon expertise sur l&rsquo;aventure du voyage. Et \u00e9videmment, allez l&rsquo;OM \ud83d\ude09<\/p>\n<p>Partagez l&rsquo;article ou suivez nous !<\/p>\n<p>\n\tNos images sont \u00e0 but illustratif et peuvent ne pas repr\u00e9senter la r\u00e9alit\u00e9<\/p>\n","protected":false},"excerpt":{"rendered":"\u00c0 la recherche d\u2019une escapade maritime loin de l\u2019agitation urbaine ? J\u2019ai d\u00e9couvert une p\u00e9pite girondine qui m\u00e9rite&hellip;\n","protected":false},"author":2,"featured_media":322269,"comment_status":"","ping_status":"","sticky":false,"template":"","format":"standard","meta":{"footnotes":""},"categories":[2817],"tags":[45981,45982,45983,1111,11,1997,1777,674,1011,27,12,2219,25,45984],"class_list":{"0":"post-322268","1":"post","2":"type-post","3":"status-publish","4":"format-standard","5":"has-post-thumbnail","7":"category-bordeaux","8":"tag-acces-a-la-cote-bleue","9":"tag-acces-a-la-nature-preservee","10":"tag-acces-en-voiture","11":"tag-actu","12":"tag-actualites","13":"tag-bordeaux","14":"tag-eu","15":"tag-europe","16":"tag-fr","17":"tag-france","18":"tag-news","19":"tag-nouvelle-aquitaine","20":"tag-republique-francaise","21":"tag-village-balneaire"},"share_on_mastodon":{"url":"https:\/\/pubeurope.com\/@fr\/115036902183780911","error":""},"_links":{"self":[{"href":"https:\/\/www.europesays.com\/fr\/wp-json\/wp\/v2\/posts\/322268","targetHints":{"allow":["GET"]}}],"collection":[{"href":"https:\/\/www.europesays.com\/fr\/wp-json\/wp\/v2\/posts"}],"about":[{"href":"https:\/\/www.europesays.com\/fr\/wp-json\/wp\/v2\/types\/post"}],"author":[{"embeddable":true,"href":"https:\/\/www.europesays.com\/fr\/wp-json\/wp\/v2\/users\/2"}],"replies":[{"embeddable":true,"href":"https:\/\/www.europesays.com\/fr\/wp-json\/wp\/v2\/comments?post=322268"}],"version-history":[{"count":0,"href":"https:\/\/www.europesays.com\/fr\/wp-json\/wp\/v2\/posts\/322268\/revisions"}],"wp:featuredmedia":[{"embeddable":true,"href":"https:\/\/www.europesays.com\/fr\/wp-json\/wp\/v2\/media\/322269"}],"wp:attachment":[{"href":"https:\/\/www.europesays.com\/fr\/wp-json\/wp\/v2\/media?parent=322268"}],"wp:term":[{"taxonomy":"category","embeddable":true,"href":"https:\/\/www.europesays.com\/fr\/wp-json\/wp\/v2\/categories?post=322268"},{"taxonomy":"post_tag","embeddable":true,"href":"https:\/\/www.europesays.com\/fr\/wp-json\/wp\/v2\/tags?post=322268"}],"curies":[{"name":"wp","href":"https:\/\/api.w.org\/{rel}","templated":true}]}}