{"id":322270,"date":"2025-08-16T05:56:09","date_gmt":"2025-08-16T05:56:09","guid":{"rendered":"https:\/\/www.europesays.com\/fr\/322270\/"},"modified":"2025-08-16T05:56:09","modified_gmt":"2025-08-16T05:56:09","slug":"du-plastique-dans-lair-a-la-maison-ces-chercheurs-de-toulouse-font-une-decouverte-inquietante","status":"publish","type":"post","link":"https:\/\/www.europesays.com\/fr\/322270\/","title":{"rendered":"Du plastique dans l&rsquo;air \u00e0 la maison ? Ces chercheurs de Toulouse font une d\u00e9couverte inqui\u00e9tante"},"content":{"rendered":"<p>            Par<br \/>\n        <strong><br \/>\n            <a href=\"https:\/\/actu.fr\/auteur\/enzo-legros\" title=\"Consulter tous les articles de Enzo Legros\" target=\"_blank\" rel=\"noopener\">Enzo Legros<\/a><br \/>\n        <\/strong><\/p>\n<p>        Publi\u00e9 le<\/p>\n<p>            16 ao\u00fbt 2025 \u00e0 7h02        <\/p>\n<p>Des milliers de <strong>particules de plastique<\/strong> dans l\u2019air de nos <strong>maisons\u2009<\/strong>? Cela peut para\u00eetre totalement invraisemblable, mais c\u2019est bien la d\u00e9couverte que vient de faire une \u00e9quipe de chercheurs de <a href=\"https:\/\/actu.fr\/tag\/universite-toulouse-jean-jaures\" target=\"_blank\" rel=\"noopener\">l\u2019Universit\u00e9 de <strong>Toulouse<\/strong><\/a>. Dans une \u00e9tude publi\u00e9e dans la revue am\u00e9ricaine <a href=\"https:\/\/journals.plos.org\/plosone\/article?id=10.1371\/journal.pone.0328011&amp;utm_source=pr&amp;utm_medium=email&amp;utm_campaign=plos006#sec013\" target=\"_blank\" rel=\"noopener\">Plos One<\/a> mercredi 30 juillet 2025, ces sept scientifiques de la Ville rose partagent cette <strong>r\u00e9v\u00e9lation inqui\u00e9tante<\/strong> sur la qualit\u00e9 de l\u2019air dans les espaces int\u00e9rieurs. S\u2019il \u00e9tait d\u00e9j\u00e0 connu que l\u2019air ext\u00e9rieur contient du plastique \u00e0 cause <a href=\"https:\/\/actu.fr\/pollution\" target=\"_blank\" rel=\"noopener\">de la pollution<\/a>, \u00ab\u2009l\u2019omnipr\u00e9sence\u2009\u00bb de ces mol\u00e9cules dans les habitations est <strong>un v\u00e9ritable danger<\/strong> pour la sant\u00e9 de l\u2019\u00eatre humain, selon les chercheurs.<\/p>\n<p>68\u2009000 microplastiques respir\u00e9s chaque jour<\/p>\n<p class=\" wall-content\">Pour r\u00e9aliser leur \u00e9tude, les scientifiques ont pr\u00e9lev\u00e9 au cours de l\u2019ann\u00e9e 2023 de l\u2019air pr\u00e9sent dans <strong>plusieurs appartements<\/strong>. Deux ans apr\u00e8s, les r\u00e9sultats qu\u2019ils ont obtenus font froid dans le dos. Ils d\u00e9montrent qu\u2019en une journ\u00e9e, les adultes comme les enfants respirent environ <strong>68\u2009000 particules de microplastiques<\/strong>.<\/p>\n<p class=\" wall-content\">\u00ab\u2009La pr\u00e9sence de microplastiques dans divers environnements, notamment les m\u00e9nages, les bureaux, les centres commerciaux et les lieux publics a d\u00e9j\u00e0 \u00e9t\u00e9 identifi\u00e9e \u00bb, pr\u00e9cise l\u2019\u00e9quipe de recherche. Mais il n\u2019avait encore jamais \u00e9t\u00e9 prouv\u00e9 que le plastique occupait une place aussi importante dans l\u2019air.\u00a0<\/p>\n<p>Une pr\u00e9sence \u00ab\u2009100\u00a0fois plus importante\u2009\u00bb que pr\u00e9vue<\/p>\n<p class=\" wall-content\">\u00ab\u2009Les estimations sont <strong>100\u00a0fois plus \u00e9lev\u00e9es que les estimations pr\u00e9c\u00e9dentes<\/strong> [\u2026], et sugg\u00e8rent que les impacts de l\u2019inhalation de microplastiques sur la sant\u00e9 pourraient \u00eatre plus importants que nous le pensons\u2009\u00bb, s\u2019alarment les auteurs de l\u2019\u00e9tude. Toutes ces particules d\u00e9tect\u00e9es proviennent de l\u2019usure des objets en plastique qui composent les pi\u00e8ces des appartements et des maisons.\u00a0<\/p>\n<p>Vid\u00e9os : en ce moment sur Actu<\/p>\n<p class=\" wall-content\">Autre d\u00e9couverte point\u00e9e par l\u2019analyse, l\u2019air int\u00e9rieur serait en r\u00e9alit\u00e9 <strong>huit fois plus pollu\u00e9<\/strong> aux microplastiques que l\u2019air ext\u00e9rieur. \u00ab\u2009\u00c9tant donn\u00e9 que les habitants des pays d\u00e9velopp\u00e9s passent environ 90\u2009% de leur temps \u00e0 l\u2019int\u00e9rieur, l\u2019exposition aux microplastiques dans les environnements int\u00e9rieurs est significativement plus \u00e9lev\u00e9e et m\u00e9rite une attention particuli\u00e8re\u2009\u00bb, poursuit l\u2019article.<\/p>\n<p>Un risque de cancer et d\u2019autres maladies chroniques<\/p>\n<p class=\" wall-content\">La question pour les membres de l\u2019Universit\u00e9 de Toulouse \u00e9tait donc de savoir si un v\u00e9ritable danger est encouru pour <a href=\"https:\/\/actu.fr\/tag\/sante\" target=\"_blank\" rel=\"noopener\">la sant\u00e9 les habitants<\/a>. Une chose est s\u00fbre, les microplastiques ne p\u00e9n\u00e8trent pas forc\u00e9ment dans les cellules des poumons. En revanche, la dangerosit\u00e9 d\u00e9pend de la taille du microplastique inspir\u00e9. Les plus petites particules, inf\u00e9rieures \u00e0 10 microm\u00e8tres, <strong>\u00ab\u2009peuvent p\u00e9n\u00e9trer dans les poumons\u2009\u00bb<\/strong> avant de se retrouver <strong>dans le sang<\/strong>, constatent les scientifiques.<\/p>\n<p class=\" wall-content\">\u00ab\u2009Ils peuvent causer des probl\u00e8mes respiratoires comme <strong>l\u2019inflammation<\/strong> et des <strong>maladies chroniques<\/strong> comme la <strong>bronchite<\/strong> et <strong>l\u2019asthme<\/strong>. De plus, les microplastiques peuvent lib\u00e9rer des additifs toxiques et des polluants environnementaux adsorb\u00e9s, qui peuvent perturber les fonctions endocriniennes et augmenter le risque de diverses maladies, <strong>dont le cancer\u2009\u00bb<\/strong>, d\u00e9taillent-ils.<\/p>\n<p class=\" wall-content\">Suivez toute l\u2019actualit\u00e9 de vos villes et m\u00e9dias favoris en vous inscrivant \u00e0 <a href=\"https:\/\/moncompte.actu.fr\" title=\"D\u00e9couvez Mon Actu\" rel=\"nofollow noopener\" data-trk=\"{&quot;cta&quot;:{&quot;action&quot;:&quot;https:\\\/\\\/moncompte.actu.fr&quot;,&quot;category&quot;:&quot;mon compte&quot;,&quot;from&quot;:&quot;article footer&quot;,&quot;name&quot;:&quot;Mon actu&quot;,&quot;type&quot;:&quot;cta&quot;}}\" target=\"_blank\">Mon Actu<\/a>.<\/p>\n","protected":false},"excerpt":{"rendered":"Par Enzo Legros Publi\u00e9 le 16 ao\u00fbt 2025 \u00e0 7h02 Des milliers de particules de plastique dans l\u2019air&hellip;\n","protected":false},"author":2,"featured_media":322271,"comment_status":"","ping_status":"","sticky":false,"template":"","format":"standard","meta":{"footnotes":""},"categories":[2816],"tags":[1111,11,1777,674,1011,27,12,2680,52,1800,25,71,2312],"class_list":{"0":"post-322270","1":"post","2":"type-post","3":"status-publish","4":"format-standard","5":"has-post-thumbnail","7":"category-toulouse","8":"tag-actu","9":"tag-actualites","10":"tag-eu","11":"tag-europe","12":"tag-fr","13":"tag-france","14":"tag-news","15":"tag-occitanie","16":"tag-planete","17":"tag-pollution","18":"tag-republique-francaise","19":"tag-sante","20":"tag-toulouse"},"share_on_mastodon":{"url":"https:\/\/pubeurope.com\/@fr\/115036906037174410","error":""},"_links":{"self":[{"href":"https:\/\/www.europesays.com\/fr\/wp-json\/wp\/v2\/posts\/322270","targetHints":{"allow":["GET"]}}],"collection":[{"href":"https:\/\/www.europesays.com\/fr\/wp-json\/wp\/v2\/posts"}],"about":[{"href":"https:\/\/www.europesays.com\/fr\/wp-json\/wp\/v2\/types\/post"}],"author":[{"embeddable":true,"href":"https:\/\/www.europesays.com\/fr\/wp-json\/wp\/v2\/users\/2"}],"replies":[{"embeddable":true,"href":"https:\/\/www.europesays.com\/fr\/wp-json\/wp\/v2\/comments?post=322270"}],"version-history":[{"count":0,"href":"https:\/\/www.europesays.com\/fr\/wp-json\/wp\/v2\/posts\/322270\/revisions"}],"wp:featuredmedia":[{"embeddable":true,"href":"https:\/\/www.europesays.com\/fr\/wp-json\/wp\/v2\/media\/322271"}],"wp:attachment":[{"href":"https:\/\/www.europesays.com\/fr\/wp-json\/wp\/v2\/media?parent=322270"}],"wp:term":[{"taxonomy":"category","embeddable":true,"href":"https:\/\/www.europesays.com\/fr\/wp-json\/wp\/v2\/categories?post=322270"},{"taxonomy":"post_tag","embeddable":true,"href":"https:\/\/www.europesays.com\/fr\/wp-json\/wp\/v2\/tags?post=322270"}],"curies":[{"name":"wp","href":"https:\/\/api.w.org\/{rel}","templated":true}]}}