{"id":322277,"date":"2025-08-16T06:01:08","date_gmt":"2025-08-16T06:01:08","guid":{"rendered":"https:\/\/www.europesays.com\/fr\/322277\/"},"modified":"2025-08-16T06:01:08","modified_gmt":"2025-08-16T06:01:08","slug":"place-aux-dames-ce-samedi-a-marseille-avec-la-girls-cup-de-la-beach-soccer-week","status":"publish","type":"post","link":"https:\/\/www.europesays.com\/fr\/322277\/","title":{"rendered":"place aux dames ce samedi \u00e0 Marseille avec la Girls Cup de la Beach soccer week"},"content":{"rendered":"<p>Cr\u00e9\u00e9e en 2015 par G\u00e9rald Guidarini, pr\u00e9sident du Marseille Beach Team, la Girls Cup est devenue <a href=\"https:\/\/www.laprovence.com\/article\/sports\/2733352441923614\/beach-soccer-le-tournoi-marseillais-ne-cesse-de-se-developper\" target=\"_blank\" rel=\"nofollow noopener\">un rendez-vous incontournable pour les passionn\u00e9es de beach soccer<\/a>.<\/p>\n<p>\u00ab\u00a0R\u00e9unir un plateau 100 % f\u00e9minin est une r\u00e9elle fiert\u00e9. On milite pour le beach soccer\u00a0\u00a0f\u00e9minin depuis le d\u00e9but\u00a0\u00bb, souligne l&rsquo;organisateur. Cette ann\u00e9e, huit \u00e9quipes seront en lice, dont une formation venue tout droit du nord de la France et une venue du Luxembourg.<\/p>\n<p>Au-del\u00e0 de l&rsquo;enjeu sportif, le pr\u00e9sident rappelle que l&rsquo;initiative s&rsquo;inscrit dans une d\u00e9marche plus large. \u00ab\u00a0C&rsquo;est justement transmettre des valeurs. Le partage et le respect sont au c\u0153ur de ce que nous faisons. Peu importe le niveau social ou sportif, tout le monde peut se retrouver autour du beach.\u00a0\u00bb<\/p>\n<p>Une section \u00ab\u00a0mamans\u00a0\u00bb au MBT<\/p>\n<p>En dix \u00e9ditions, le tournoi a vu le niveau de jeu grimper en fl\u00e8che. Les filles du MBT figurent aujourd&rsquo;hui au 3e rang mondial et dans le top 6 europ\u00e9en. \u00ab\u00a0Pourtant, il n&rsquo;existe pas de championnat en France. Ce qu&rsquo;on arrive \u00e0 faire avec les filles est extraordinaire\u00a0\u00bb, insiste G\u00e9rald Guidarini. Le succ\u00e8s repose sur un travail de fond, men\u00e9 toute l&rsquo;ann\u00e9e avec plus d&rsquo;une centaine de licenci\u00e9s.<\/p>\n<p>La section \u00ab\u00a0mamans\u00a0\u00bb, cr\u00e9\u00e9e en septembre dernier, illustre cette volont\u00e9 d&rsquo;ouvrir le sport \u00e0 toutes. \u00ab\u00a0Elles travaillent toute la semaine et viennent jouer pour elles. C&rsquo;est leur moment d&rsquo;\u00e9vasion\u00a0\u00bb, raconte le pr\u00e9sident. Une mani\u00e8re de prouver que le beach soccer n&rsquo;est pas r\u00e9serv\u00e9 aux comp\u00e9titrices de haut niveau.<\/p>\n<p>Un \u00e9v\u00e9nement qui rayonne au-del\u00e0 du sable<\/p>\n<p><a href=\"https:\/\/www.laprovence.com\/article\/sports\/11240852344980\/beach-soccer-week-cest-parti-pour-une-semaine-de-competition-sur-les-plages-du-prado\" target=\"_blank\" rel=\"nofollow noopener\">La Girls Cup s&rsquo;inscrit dans la Beach soccer week<\/a>, une semaine o\u00f9 le Prado devient le th\u00e9\u00e2tre de rencontres interg\u00e9n\u00e9rationnelles et internationales. Plus de 700 participants foulent le sable chaque \u00e9t\u00e9, venus de toute la France, mais aussi de Belgique, du Portugal ou de Guadeloupe.<\/p>\n<p>Pour G\u00e9rald Guidarini, cet \u00e9v\u00e9nement est avant tout une histoire humaine : \u00ab\u00a0Le d\u00e9but de tournoi, c&rsquo;est la qualit\u00e9 et le plaisir. On vit une v\u00e9ritable communion ici.\u00a0\u00bb<\/p>\n<p>Les finales, disput\u00e9es dimanche, viendront clore un week-end qui m\u00eale spectacle, engagement et convivialit\u00e9.<\/p>\n","protected":false},"excerpt":{"rendered":"Cr\u00e9\u00e9e en 2015 par G\u00e9rald Guidarini, pr\u00e9sident du Marseille Beach Team, la Girls Cup est devenue un rendez-vous&hellip;\n","protected":false},"author":2,"featured_media":322278,"comment_status":"","ping_status":"","sticky":false,"template":"","format":"standard","meta":{"footnotes":""},"categories":[2814],"tags":[17,1111,11,1007,31060,27949,1777,674,1011,27,884,12,5536,882,25,3982,8359,60],"class_list":{"0":"post-322277","1":"post","2":"type-post","3":"status-publish","4":"format-standard","5":"has-post-thumbnail","7":"category-marseille","8":"tag-17","9":"tag-actu","10":"tag-actualites","11":"tag-aux","12":"tag-beach","13":"tag-dames","14":"tag-eu","15":"tag-europe","16":"tag-fr","17":"tag-france","18":"tag-marseille","19":"tag-news","20":"tag-place","21":"tag-provence-alpes-cote-dazur","22":"tag-republique-francaise","23":"tag-samedi","24":"tag-soccer","25":"tag-sports"},"share_on_mastodon":{"url":"https:\/\/pubeurope.com\/@fr\/115036925724385481","error":""},"_links":{"self":[{"href":"https:\/\/www.europesays.com\/fr\/wp-json\/wp\/v2\/posts\/322277","targetHints":{"allow":["GET"]}}],"collection":[{"href":"https:\/\/www.europesays.com\/fr\/wp-json\/wp\/v2\/posts"}],"about":[{"href":"https:\/\/www.europesays.com\/fr\/wp-json\/wp\/v2\/types\/post"}],"author":[{"embeddable":true,"href":"https:\/\/www.europesays.com\/fr\/wp-json\/wp\/v2\/users\/2"}],"replies":[{"embeddable":true,"href":"https:\/\/www.europesays.com\/fr\/wp-json\/wp\/v2\/comments?post=322277"}],"version-history":[{"count":0,"href":"https:\/\/www.europesays.com\/fr\/wp-json\/wp\/v2\/posts\/322277\/revisions"}],"wp:featuredmedia":[{"embeddable":true,"href":"https:\/\/www.europesays.com\/fr\/wp-json\/wp\/v2\/media\/322278"}],"wp:attachment":[{"href":"https:\/\/www.europesays.com\/fr\/wp-json\/wp\/v2\/media?parent=322277"}],"wp:term":[{"taxonomy":"category","embeddable":true,"href":"https:\/\/www.europesays.com\/fr\/wp-json\/wp\/v2\/categories?post=322277"},{"taxonomy":"post_tag","embeddable":true,"href":"https:\/\/www.europesays.com\/fr\/wp-json\/wp\/v2\/tags?post=322277"}],"curies":[{"name":"wp","href":"https:\/\/api.w.org\/{rel}","templated":true}]}}